{"id":10570,"date":"2019-09-21T06:51:52","date_gmt":"2019-09-21T05:51:52","guid":{"rendered":"http:\/\/sudurras.fo\/?p=10570"},"modified":"2019-09-21T06:51:54","modified_gmt":"2019-09-21T05:51:54","slug":"vedrid-framur-til-foroya-sunnasta-1-2-maraton","status":"publish","type":"post","link":"https:\/\/sudurras.fo\/?p=10570","title":{"rendered":"Ve\u00f0ri\u00f0 fram\u00far til F\u00f8roya sunnasta 1\/2 maraton"},"content":{"rendered":"\n<figure class=\"wp-block-image\"><img loading=\"lazy\" decoding=\"async\" width=\"1024\" height=\"573\" src=\"http:\/\/sudurras.fo\/wp-content\/uploads\/2019\/09\/IMG_20190921_064814-1024x573.png\" alt=\"\" class=\"wp-image-10571\" srcset=\"https:\/\/sudurras.fo\/wp-content\/uploads\/2019\/09\/IMG_20190921_064814-1024x573.png 1024w, https:\/\/sudurras.fo\/wp-content\/uploads\/2019\/09\/IMG_20190921_064814-300x168.png 300w, https:\/\/sudurras.fo\/wp-content\/uploads\/2019\/09\/IMG_20190921_064814-768x430.png 768w, https:\/\/sudurras.fo\/wp-content\/uploads\/2019\/09\/IMG_20190921_064814.png 1790w\" sizes=\"auto, (max-width: 1024px) 100vw, 1024px\" \/><\/figure>\n\n\n\n<p><\/p>\n\n\n\n<p>Ve\u00f0ri\u00f0 er heilt fram\u00far til F\u00f8roya sunnasta h\u00e1lvmaraton, sum ver\u00f0ur \u00ed dag.<\/p>\n\n\n\n<p>Skr\u00e1in er hendan.<\/p>\n\n\n\n<p><strong>Leygardagur 21. september:<\/strong><br>08.00 V\u00e1gsh\u00f8ll er opin (m\u00f8guleiki at skifta)<br>09.00 Bussur fer fr\u00e1 V\u00e1gsh\u00f8ll og til \u00cdtr\u00f3ttarh\u00fasi\u00f0 vi\u00f0 St\u00f3r\u00e1.<br>09.00 Bringut\u00f8l ver\u00f0a \u00fatfl\u00fdggja\u00f0i \u00ed \u00cdtr\u00f3ttarh\u00fasinum, gonguf\u00f3lk fyrst.<br>10.00 Gonguf\u00f3lkini avsta\u00f0 (tey i\u00f0 n\u00fdta meira enn 3 t\u00edmar)<br>11.00 Rennarar avsta\u00f0<br>\u2013 depot er \u00ed B\u00f8nh\u00fasinum \u00ed \u00d8rav\u00edk, vi\u00f0 Kirkjuna \u00ed Hovi, Porkeri, vi\u00f0 Frelsunarherin \u00ed V\u00e1gi og \u00e1 G\u00f8r\u00f0unum \u00ed V\u00e1gi.<br>12.45 Fyrstu rennararnir koma \u00e1 m\u00e1l vi\u00f0 V\u00e1gsh\u00f8ll.<br>13.00 Heilsugongut\u00farur fr\u00e1 busssk\u00fdlinum \u00e1 Nesi til V\u00e1gsh\u00f8ll, 3,2 km<br>13.30 T\u00f3nleikur og hugni \u00ed VB-h\u00fasinum, vi\u00f0 Inga Poulsen og Hans Jacob Hjelm.<br>\u2013 P\u00e1lsh\u00f8ll hevur \u00f3keypis atgongd fyri luttakarar (sauna, heitir pottar, svimjing og dampba\u00f0)<br>16.20 Bussur koyrir til Prince av V\u00e1gsei\u00f0inum.<\/p>\n","protected":false},"excerpt":{"rendered":"<p>Ve\u00f0ri\u00f0 er heilt fram\u00far til F\u00f8roya sunnasta h\u00e1lvmaraton, sum ver\u00f0ur \u00ed dag. Skr\u00e1in er hendan. Leygardagur 21. september:08.00 V\u00e1gsh\u00f8ll er opin (m\u00f8guleiki at skifta)09.00 Bussur fer fr\u00e1 V\u00e1gsh\u00f8ll og til \u00cdtr\u00f3ttarh\u00fasi\u00f0 vi\u00f0 St\u00f3r\u00e1.09.00 Bringut\u00f8l ver\u00f0a \u00fatfl\u00fdggja\u00f0i \u00ed \u00cdtr\u00f3ttarh\u00fasinum, gonguf\u00f3lk fyrst.10.00 Gonguf\u00f3lkini avsta\u00f0 (tey i\u00f0 n\u00fdta meira enn 3 t\u00edmar)11.00 Rennarar avsta\u00f0\u2013 depot er \u00ed B\u00f8nh\u00fasinum [&hellip;]<\/p>\n","protected":false},"author":3,"featured_media":10571,"comment_status":"closed","ping_status":"closed","sticky":false,"template":"","format":"standard","meta":{"ngg_post_thumbnail":0,"footnotes":""},"categories":[2],"tags":[],"class_list":["post-10570","post","type-post","status-publish","format-standard","has-post-thumbnail","hentry","category-itrottur"],"publishpress_future_action":{"enabled":false,"date":"2026-05-06 18:51:21","action":"change-status","newStatus":"draft","terms":[],"taxonomy":"category","extraData":[]},"publishpress_future_workflow_manual_trigger":{"enabledWorkflows":[]},"_links":{"self":[{"href":"https:\/\/sudurras.fo\/index.php?rest_route=\/wp\/v2\/posts\/10570","targetHints":{"allow":["GET"]}}],"collection":[{"href":"https:\/\/sudurras.fo\/index.php?rest_route=\/wp\/v2\/posts"}],"about":[{"href":"https:\/\/sudurras.fo\/index.php?rest_route=\/wp\/v2\/types\/post"}],"author":[{"embeddable":true,"href":"https:\/\/sudurras.fo\/index.php?rest_route=\/wp\/v2\/users\/3"}],"replies":[{"embeddable":true,"href":"https:\/\/sudurras.fo\/index.php?rest_route=%2Fwp%2Fv2%2Fcomments&post=10570"}],"version-history":[{"count":0,"href":"https:\/\/sudurras.fo\/index.php?rest_route=\/wp\/v2\/posts\/10570\/revisions"}],"wp:featuredmedia":[{"embeddable":true,"href":"https:\/\/sudurras.fo\/index.php?rest_route=\/wp\/v2\/media\/10571"}],"wp:attachment":[{"href":"https:\/\/sudurras.fo\/index.php?rest_route=%2Fwp%2Fv2%2Fmedia&parent=10570"}],"wp:term":[{"taxonomy":"category","embeddable":true,"href":"https:\/\/sudurras.fo\/index.php?rest_route=%2Fwp%2Fv2%2Fcategories&post=10570"},{"taxonomy":"post_tag","embeddable":true,"href":"https:\/\/sudurras.fo\/index.php?rest_route=%2Fwp%2Fv2%2Ftags&post=10570"}],"curies":[{"name":"wp","href":"https:\/\/api.w.org\/{rel}","templated":true}]}}