{"id":12985,"date":"2020-03-27T11:17:46","date_gmt":"2020-03-27T11:17:46","guid":{"rendered":"http:\/\/sudurras.fo\/?p=12985"},"modified":"2020-03-27T11:22:19","modified_gmt":"2020-03-27T11:22:19","slug":"filmsupptokur-umbord-a-trolaranum-vagbingi","status":"publish","type":"post","link":"https:\/\/sudurras.fo\/?p=12985","title":{"rendered":"Filmsuppt\u00f8kur umbor\u00f0 \u00e1 Trolaranum V\u00e1gbingi"},"content":{"rendered":"\n<figure class=\"wp-block-image\"><img loading=\"lazy\" decoding=\"async\" width=\"1024\" height=\"465\" src=\"http:\/\/sudurras.fo\/wp-content\/uploads\/2020\/03\/image-23-1024x465.png\" alt=\"\" class=\"wp-image-12986\" srcset=\"https:\/\/sudurras.fo\/wp-content\/uploads\/2020\/03\/image-23-1024x465.png 1024w, https:\/\/sudurras.fo\/wp-content\/uploads\/2020\/03\/image-23-300x136.png 300w, https:\/\/sudurras.fo\/wp-content\/uploads\/2020\/03\/image-23-768x349.png 768w, https:\/\/sudurras.fo\/wp-content\/uploads\/2020\/03\/image-23.png 1346w\" sizes=\"auto, (max-width: 1024px) 100vw, 1024px\" \/><\/figure>\n\n\n\n<p><\/p>\n\n\n\n<p>Fyrst \u00ed 1970\u00e1runum kom sviin Bernhard Edin til V\u00e1gs og f\u00f3r vi\u00f0 trolaranum V\u00e1gbingi sum maskinma\u00f0ur. Bernhard hev\u00f0i st\u00f3ran \u00e1huga\u00f0 \u00ed myndat\u00f8ku og t\u00f3k n\u00f3gvar myndir og gj\u00f8rdi eisini filmsuppt\u00f8kur.<\/p>\n\n\n\n<figure class=\"wp-block-image\"><img loading=\"lazy\" decoding=\"async\" width=\"720\" height=\"540\" src=\"http:\/\/sudurras.fo\/wp-content\/uploads\/2020\/03\/Bernhard-Edin.jpg\" alt=\"\" class=\"wp-image-12987\" srcset=\"https:\/\/sudurras.fo\/wp-content\/uploads\/2020\/03\/Bernhard-Edin.jpg 720w, https:\/\/sudurras.fo\/wp-content\/uploads\/2020\/03\/Bernhard-Edin-300x225.jpg 300w\" sizes=\"auto, (max-width: 720px) 100vw, 720px\" \/><figcaption>Bernhard Edin<\/figcaption><\/figure>\n\n\n\n<p><\/p>\n\n\n\n<p>Bernhard flutti aftur til Sv\u00f8r\u00edkis eftir 2-3 \u00e1r \u00ed V\u00e1gi. Bernhard ynskt alt\u00ed\u00f0 at vitja\u00f0 aftur \u00ed V\u00e1gi, og \u00ed 2008 vitja\u00f0i hann sman vi\u00f0 soninum Anders \u00ed V\u00e1gi. T\u00e1 hev\u00f0i Bernhard myndir og filmsuppt\u00f8kur vi\u00f0 og lat t\u00e6r til V\u00e1gs S\u00f3knar Bygdasavn at br\u00faka.<\/p>\n\n\n\n<p>\u00cd januar bleiv Bernhard 80 \u00e1r og bar t\u00e1 eisini heilsu til V\u00e1gs. \u00cd V\u00e1gi eru vit takksom fyri at hava fingi\u00f0 m\u00f8guleikan at v\u00edsa filmsuppt\u00f8kurnar hj\u00e1 Bernhard Edin umbor\u00f0 \u00e1 V\u00e1gbingi fyrst \u00ed 1970\u00e1runum.<\/p>\n\n\n\n<p><\/p>\n\n\n\n<figure><iframe loading=\"lazy\" width=\"600\" height=\"335\" src=\"https:\/\/www.youtube.com\/embed\/WS3KsvAF2HY\" allowfullscreen=\"\"><\/iframe><\/figure>\n","protected":false},"excerpt":{"rendered":"<p>Fyrst \u00ed 1970\u00e1runum kom sviin Bernhard Edin til V\u00e1gs og f\u00f3r vi\u00f0 trolaranum V\u00e1gbingi sum maskinma\u00f0ur. Bernhard hev\u00f0i st\u00f3ran \u00e1huga\u00f0 \u00ed myndat\u00f8ku og t\u00f3k n\u00f3gvar myndir og gj\u00f8rdi eisini filmsuppt\u00f8kur. Bernhard flutti aftur til Sv\u00f8r\u00edkis eftir 2-3 \u00e1r \u00ed V\u00e1gi. Bernhard ynskt alt\u00ed\u00f0 at vitja\u00f0 aftur \u00ed V\u00e1gi, og \u00ed 2008 vitja\u00f0i hann sman vi\u00f0 [&hellip;]<\/p>\n","protected":false},"author":3,"featured_media":12986,"comment_status":"closed","ping_status":"closed","sticky":false,"template":"","format":"standard","meta":{"ngg_post_thumbnail":0,"footnotes":""},"categories":[42,1],"tags":[],"class_list":["post-12985","post","type-post","status-publish","format-standard","has-post-thumbnail","hentry","category-folksoga","category-tidindi"],"publishpress_future_action":{"enabled":false,"date":"2026-05-09 04:55:25","action":"change-status","newStatus":"draft","terms":[],"taxonomy":"category","extraData":[]},"publishpress_future_workflow_manual_trigger":{"enabledWorkflows":[]},"_links":{"self":[{"href":"https:\/\/sudurras.fo\/index.php?rest_route=\/wp\/v2\/posts\/12985","targetHints":{"allow":["GET"]}}],"collection":[{"href":"https:\/\/sudurras.fo\/index.php?rest_route=\/wp\/v2\/posts"}],"about":[{"href":"https:\/\/sudurras.fo\/index.php?rest_route=\/wp\/v2\/types\/post"}],"author":[{"embeddable":true,"href":"https:\/\/sudurras.fo\/index.php?rest_route=\/wp\/v2\/users\/3"}],"replies":[{"embeddable":true,"href":"https:\/\/sudurras.fo\/index.php?rest_route=%2Fwp%2Fv2%2Fcomments&post=12985"}],"version-history":[{"count":0,"href":"https:\/\/sudurras.fo\/index.php?rest_route=\/wp\/v2\/posts\/12985\/revisions"}],"wp:featuredmedia":[{"embeddable":true,"href":"https:\/\/sudurras.fo\/index.php?rest_route=\/wp\/v2\/media\/12986"}],"wp:attachment":[{"href":"https:\/\/sudurras.fo\/index.php?rest_route=%2Fwp%2Fv2%2Fmedia&parent=12985"}],"wp:term":[{"taxonomy":"category","embeddable":true,"href":"https:\/\/sudurras.fo\/index.php?rest_route=%2Fwp%2Fv2%2Fcategories&post=12985"},{"taxonomy":"post_tag","embeddable":true,"href":"https:\/\/sudurras.fo\/index.php?rest_route=%2Fwp%2Fv2%2Ftags&post=12985"}],"curies":[{"name":"wp","href":"https:\/\/api.w.org\/{rel}","templated":true}]}}