{"id":1348,"date":"2017-12-15T10:23:25","date_gmt":"2017-12-15T10:23:25","guid":{"rendered":"http:\/\/sudurras.fo\/?p=1348"},"modified":"2017-12-15T10:28:46","modified_gmt":"2017-12-15T10:28:46","slug":"danny-the-veetos-i-vagi-a-nyggjarinum","status":"publish","type":"post","link":"https:\/\/sudurras.fo\/?p=1348","title":{"rendered":"Danny &#038; P\u00e1ll \u00far Danny &#038; the Veetos \u00ed V\u00e1gi \u00e1 n\u00fdggj\u00e1rinum"},"content":{"rendered":"<p><strong>N\u00fdggj\u00e1rshaldi\u00f0 \u00ed V\u00e1gi:&nbsp;<\/strong>Ein av kendastu b\u00f3lkum \u00ed F\u00f8royum seinastu \u00e1rini er Danny &amp; the Veetos, og \u00e1 n\u00fdggj\u00e1rinum fara Danny &amp; P\u00e1ll \u00far Danny &amp; the Veetos eisini \u00e1 pall \u00ed V\u00e1gi \u00e1 n\u00fdggj\u00e1rinum.<\/p>\n<p><!--more--><\/p>\n<p>Danny &amp; P\u00e1ll \u00far Danny &amp; the Veetos ver\u00f0a gestab\u00f3lkur til n\u00fdggj\u00e1rsdansin \u00ed V\u00e1gs H\u00f8ll og fara harumframt eisini at sp\u00e6la til konsert um dagin.<\/p>\n<p>N\u00fdggj\u00e1rsnevndin hevur longi havt eitt ynski um at skipa eitt tiltak fyri b\u00f8rn og ung um dagin n\u00fdggj\u00e1rsaftan, og \u00ed \u00e1r ver\u00f0ur so ein spennandi konsert vi\u00f0 Danny &amp; P\u00e1ll \u00far Danny &amp; the Veetos n\u00fdggj\u00e1rsaftan kl. 13 \u00ed VB-h\u00fasinum.<\/p>\n<p>Meiri ver\u00f0ur at fr\u00e6tta um hesa spennandi konsertina seinni.<\/p>\n<p>\u00c1 n\u00fdggj\u00e1rinum gongur lei\u00f0in sj\u00e1lvandi til V\u00e1gs!<\/p>\n<p>N\u00fdggj\u00e1rshaldi\u00f0 \u00ed V\u00e1gi \u2013 eitt minni fyri l\u00edvi\u00f0.<\/p>\n","protected":false},"excerpt":{"rendered":"<p>N\u00fdggj\u00e1rshaldi\u00f0 \u00ed V\u00e1gi:&nbsp;Ein av kendastu b\u00f3lkum \u00ed F\u00f8royum seinastu \u00e1rini er Danny &amp; the Veetos, og \u00e1 n\u00fdggj\u00e1rinum fara Danny &amp; P\u00e1ll \u00far Danny &amp; the Veetos eisini \u00e1 pall \u00ed V\u00e1gi \u00e1 n\u00fdggj\u00e1rinum.<\/p>\n","protected":false},"author":3,"featured_media":1349,"comment_status":"closed","ping_status":"closed","sticky":false,"template":"","format":"standard","meta":{"ngg_post_thumbnail":0,"footnotes":""},"categories":[1],"tags":[],"class_list":["post-1348","post","type-post","status-publish","format-standard","has-post-thumbnail","hentry","category-tidindi"],"publishpress_future_action":{"enabled":false,"date":"2026-05-08 12:19:30","action":"change-status","newStatus":"draft","terms":[],"taxonomy":"category","extraData":[]},"publishpress_future_workflow_manual_trigger":{"enabledWorkflows":[]},"_links":{"self":[{"href":"https:\/\/sudurras.fo\/index.php?rest_route=\/wp\/v2\/posts\/1348","targetHints":{"allow":["GET"]}}],"collection":[{"href":"https:\/\/sudurras.fo\/index.php?rest_route=\/wp\/v2\/posts"}],"about":[{"href":"https:\/\/sudurras.fo\/index.php?rest_route=\/wp\/v2\/types\/post"}],"author":[{"embeddable":true,"href":"https:\/\/sudurras.fo\/index.php?rest_route=\/wp\/v2\/users\/3"}],"replies":[{"embeddable":true,"href":"https:\/\/sudurras.fo\/index.php?rest_route=%2Fwp%2Fv2%2Fcomments&post=1348"}],"version-history":[{"count":0,"href":"https:\/\/sudurras.fo\/index.php?rest_route=\/wp\/v2\/posts\/1348\/revisions"}],"wp:featuredmedia":[{"embeddable":true,"href":"https:\/\/sudurras.fo\/index.php?rest_route=\/wp\/v2\/media\/1349"}],"wp:attachment":[{"href":"https:\/\/sudurras.fo\/index.php?rest_route=%2Fwp%2Fv2%2Fmedia&parent=1348"}],"wp:term":[{"taxonomy":"category","embeddable":true,"href":"https:\/\/sudurras.fo\/index.php?rest_route=%2Fwp%2Fv2%2Fcategories&post=1348"},{"taxonomy":"post_tag","embeddable":true,"href":"https:\/\/sudurras.fo\/index.php?rest_route=%2Fwp%2Fv2%2Ftags&post=1348"}],"curies":[{"name":"wp","href":"https:\/\/api.w.org\/{rel}","templated":true}]}}