{"id":17895,"date":"2021-05-01T09:41:18","date_gmt":"2021-05-01T08:41:18","guid":{"rendered":"https:\/\/sudurras.fo\/?p=17895"},"modified":"2021-05-01T09:41:18","modified_gmt":"2021-05-01T08:41:18","slug":"stroyma-fra-dansibandgudstaenastuni-i-vags-holl","status":"publish","type":"post","link":"https:\/\/sudurras.fo\/?p=17895","title":{"rendered":"Stroyma fr\u00e1 Dansibandgudst\u00e6nastuni \u00ed V\u00e1gs H\u00f8ll"},"content":{"rendered":"\n<figure class=\"wp-block-image size-large\"><img loading=\"lazy\" decoding=\"async\" width=\"1024\" height=\"576\" src=\"https:\/\/sudurras.fo\/wp-content\/uploads\/2021\/04\/uni_naes-1024x576.jpg\" alt=\"\" class=\"wp-image-17790\" srcset=\"https:\/\/sudurras.fo\/wp-content\/uploads\/2021\/04\/uni_naes-1024x576.jpg 1024w, https:\/\/sudurras.fo\/wp-content\/uploads\/2021\/04\/uni_naes-300x169.jpg 300w, https:\/\/sudurras.fo\/wp-content\/uploads\/2021\/04\/uni_naes-768x432.jpg 768w, https:\/\/sudurras.fo\/wp-content\/uploads\/2021\/04\/uni_naes-1536x864.jpg 1536w, https:\/\/sudurras.fo\/wp-content\/uploads\/2021\/04\/uni_naes.jpg 1920w\" sizes=\"auto, (max-width: 1024px) 100vw, 1024px\" \/><\/figure>\n\n\n\n<p><\/p>\n\n\n\n<p>Ein h\u00e1t\u00ed\u00f0arligur partur av skr\u00e1nni til Dansibandsfestivalin er Dansibandsgudst\u00e6nastan \u00ed V\u00e1gs H\u00f8ll, sum alt\u00ed\u00f0 er v\u00e6l vitja\u00f0. Dansibandsgudst\u00e6nasta ver\u00f0ur leygardagin kl. 14.<\/p>\n\n\n\n<p>\u00cd \u00e1r ver\u00f0ur Uni N\u00e6s, d\u00f3mpr\u00f3stur, prestur \u00e1 Dansibandsgudst\u00e6nastuni og harumframt fer Magni Christiansen at framf\u00f8ra til gudst\u00e6nastuna. Klokkari ver\u00f0ur Mikkjal \u00e1 L\u00f8\u00f0hamri og Elin Jacobsen ver\u00f0ur degnur til gudst\u00e6nastuna.<\/p>\n\n\n\n<p>S\u00e1lmarnir, sum sungnir ver\u00f0a, eru \u201dBo\u00f0ar t\u00fa til allar tj\u00f3\u00f0ir\u201d og \u201dT\u00ed\u00f0in rennur sum streymur \u00ed \u00e1\u201d.<\/p>\n\n\n\n<p>Sum naka\u00f0 n\u00fdtt, ver\u00f0ur Dansibandsgudst\u00e6nastan stroyma \u00e1 internetinum \u00ed \u00e1r, hetta umvegis Youtube-r\u00e1sina \u201dV\u00e1gur, Faroe Islands\u201d, sum t\u00fa finnur her.<\/p>\n\n\n\n<p>Leinkja til stroymingina ver\u00f0ur eisini l\u00f8gd \u00fat \u00e1 heimas\u00ed\u00f0una hj\u00e1 Dansibandsfestivalinum, <a href=\"http:\/\/www.dansibandsfestivalur.fo\">www.dansibandsfestivalur.fo<\/a> og \u00e1 facebook-vangan hj\u00e1 Dansibandsfestivalinum.<\/p>\n","protected":false},"excerpt":{"rendered":"<p>Ein h\u00e1t\u00ed\u00f0arligur partur av skr\u00e1nni til Dansibandsfestivalin er Dansibandsgudst\u00e6nastan \u00ed V\u00e1gs H\u00f8ll, sum alt\u00ed\u00f0 er v\u00e6l vitja\u00f0. Dansibandsgudst\u00e6nasta ver\u00f0ur leygardagin kl. 14. \u00cd \u00e1r ver\u00f0ur Uni N\u00e6s, d\u00f3mpr\u00f3stur, prestur \u00e1 Dansibandsgudst\u00e6nastuni og harumframt fer Magni Christiansen at framf\u00f8ra til gudst\u00e6nastuna. Klokkari ver\u00f0ur Mikkjal \u00e1 L\u00f8\u00f0hamri og Elin Jacobsen ver\u00f0ur degnur til gudst\u00e6nastuna. S\u00e1lmarnir, sum sungnir [&hellip;]<\/p>\n","protected":false},"author":3,"featured_media":17790,"comment_status":"closed","ping_status":"closed","sticky":false,"template":"","format":"standard","meta":{"ngg_post_thumbnail":0,"footnotes":""},"categories":[1],"tags":[],"class_list":["post-17895","post","type-post","status-publish","format-standard","has-post-thumbnail","hentry","category-tidindi"],"publishpress_future_action":{"enabled":false,"date":"2026-05-09 10:15:49","action":"change-status","newStatus":"draft","terms":[],"taxonomy":"category","extraData":[]},"publishpress_future_workflow_manual_trigger":{"enabledWorkflows":[]},"_links":{"self":[{"href":"https:\/\/sudurras.fo\/index.php?rest_route=\/wp\/v2\/posts\/17895","targetHints":{"allow":["GET"]}}],"collection":[{"href":"https:\/\/sudurras.fo\/index.php?rest_route=\/wp\/v2\/posts"}],"about":[{"href":"https:\/\/sudurras.fo\/index.php?rest_route=\/wp\/v2\/types\/post"}],"author":[{"embeddable":true,"href":"https:\/\/sudurras.fo\/index.php?rest_route=\/wp\/v2\/users\/3"}],"replies":[{"embeddable":true,"href":"https:\/\/sudurras.fo\/index.php?rest_route=%2Fwp%2Fv2%2Fcomments&post=17895"}],"version-history":[{"count":0,"href":"https:\/\/sudurras.fo\/index.php?rest_route=\/wp\/v2\/posts\/17895\/revisions"}],"wp:featuredmedia":[{"embeddable":true,"href":"https:\/\/sudurras.fo\/index.php?rest_route=\/wp\/v2\/media\/17790"}],"wp:attachment":[{"href":"https:\/\/sudurras.fo\/index.php?rest_route=%2Fwp%2Fv2%2Fmedia&parent=17895"}],"wp:term":[{"taxonomy":"category","embeddable":true,"href":"https:\/\/sudurras.fo\/index.php?rest_route=%2Fwp%2Fv2%2Fcategories&post=17895"},{"taxonomy":"post_tag","embeddable":true,"href":"https:\/\/sudurras.fo\/index.php?rest_route=%2Fwp%2Fv2%2Ftags&post=17895"}],"curies":[{"name":"wp","href":"https:\/\/api.w.org\/{rel}","templated":true}]}}