{"id":22980,"date":"2022-07-30T19:54:08","date_gmt":"2022-07-30T18:54:08","guid":{"rendered":"https:\/\/sudurras.fo\/?p=22980"},"modified":"2022-07-30T19:54:09","modified_gmt":"2022-07-30T18:54:09","slug":"naer-sleppur-nakar-nakad-uttan-strid","status":"publish","type":"post","link":"https:\/\/sudurras.fo\/?p=22980","title":{"rendered":"N\u00e6r sleppur nakar naka\u00f0 uttan str\u00ed\u00f0?"},"content":{"rendered":"\n<figure class=\"wp-block-image size-large\"><img loading=\"lazy\" decoding=\"async\" width=\"879\" height=\"1024\" src=\"https:\/\/sudurras.fo\/wp-content\/uploads\/2022\/07\/FB_IMG_1659206144713-879x1024.jpg\" alt=\"\" class=\"wp-image-22981\" srcset=\"https:\/\/sudurras.fo\/wp-content\/uploads\/2022\/07\/FB_IMG_1659206144713-879x1024.jpg 879w, https:\/\/sudurras.fo\/wp-content\/uploads\/2022\/07\/FB_IMG_1659206144713-258x300.jpg 258w, https:\/\/sudurras.fo\/wp-content\/uploads\/2022\/07\/FB_IMG_1659206144713-768x895.jpg 768w, https:\/\/sudurras.fo\/wp-content\/uploads\/2022\/07\/FB_IMG_1659206144713.jpg 1080w\" sizes=\"auto, (max-width: 879px) 100vw, 879px\" \/><\/figure>\n\n\n\n<p><\/p>\n\n\n\n<p>R\u00f8\u00f0a \u00e1 Doktaragrund 29. Juli 2022<\/p>\n\n\n\n<p>Eg havi, l\u00edka s\u00ed\u00f0an lagnustundina millum j\u00f3la og n\u00fdggj\u00e1rs \u00ed 2019, t\u00e1 i\u00f0 sitandi landsst\u00fdri\u00f0 handa\u00f0i ognarr\u00e6ttin yvir ogn F\u00f8roya f\u00f3lks n\u00f8krum f\u00e1um at selja og br\u00faka sum s\u00edtt egna, sovi\u00f0 \u00f3r\u00f3liga hv\u00f8rja n\u00e1tt og f\u00f8li dagliga trega og \u00f3r\u00f3gv av hesi skemdarger\u00f0. Neyvan ein kensla sum bara eg kenni.<\/p>\n\n\n\n<p>N\u00f8kur f\u00e1 f\u00f3lk eru vi\u00f0 l\u00f3g vor\u00f0in \u00f3fatiliga r\u00edk vi\u00f0 forr\u00e6ttinum til r\u00edkid\u00f8mi hj\u00e1 \u00f8llum f\u00f8royingum, og \u00f8ll onnur eru brikkar \u00ed einum matadorsp\u00e6li, har vit og okkara eftirkomarar, \u00f3ans\u00e6\u00f0 hvar vit venda okkum, ver\u00f0a viljaleysir brikkar \u00ed sp\u00e6linum hj\u00e1 eini yvirst\u00e6tt.<\/p>\n\n\n\n<p>\u201cIkki at gera naka\u00f0 er ikki neutralt, ta\u00f0 hevur eina meining: ta\u00f0 sigur \u201d ja\u201d til tey verandi<br>valdsvi\u00f0urskiftini\u201d<\/p>\n\n\n\n<p>Passiviteturin er ta\u00f0 sama sum at siga at eg g\u00f3\u00f0taki verandi vald.<\/p>\n\n\n\n<p>Kollektivt gera vit ta\u00f0 \u00ed l\u00f8tuni.<\/p>\n\n\n\n<p>\u00d3sj\u00f3nliga og \u00f3d\u00e1mliga valdi\u00f0 \u00ed F\u00f8royum, sum telvar, k\u00f8vir, keypir og h\u00f3ttir, hevur sett okkum \u00ed sofuna &#8211; at eyglei\u00f0a katastrofuna &#8211; og um ikki f\u00f3lki\u00f0 \u00e1 einum komandi vali tekur valdi\u00f0 aftur og tekur f\u00f3lkar\u00e6\u00f0i og tess meginreglur \u00ed \u00e1lvara, ja so fara vit \u00f8ll at lulla (v\u00ed\u00f0ari) \u00edme\u00f0an tj\u00f3\u00f0in F\u00f8royar f\u00e1nar og frameftir ver\u00f0ur st\u00fdrd<br>av f\u00e1um \u00fatvaldum valdsharrum og l\u00fddnum t\u00e6narum \u00ed f\u00e1mannaveldinum.<\/p>\n\n\n\n<p>Vit liva \u00ed dag undir fyrist\u00edling av einum har\u00f0rendum F\u00f3lkaflokki og einum spillnaknum L\u00f8gmanni, sum gevur f\u00f3lkaflokkinum og mi\u00f0flokkinum fr\u00edtt at volka og valda.<\/p>\n\n\n\n<p>Ta\u00f0 t\u00f3k F\u00f3lkaflokkinum onga t\u00ed\u00f0 at levera s\u00edtt lyfti til kvotagreivarnar og alikongarnar.<\/p>\n\n\n\n<p>Mi\u00f0flokkurin hugnar s\u00e6r vi\u00f0 \u00f8llum s\u00ednum \u00f3h\u00fdrligheitum og einum moralkodeksi, sum bert er galdandi fyri vi\u00f0urskifti, sum eru ni\u00f0an fyri nalvan.<\/p>\n\n\n\n<p>Sambandsflokkurin sprittar hendur og heldur fjarst\u00f8\u00f0u, \u00edme\u00f0an l\u00f8gma\u00f0ur fjeppast \u00e1 r\u00edkisfundum vi\u00f0 Mette, gjarar \u00fat og h\u00e1lovar r\u00edkisfelagsskapinum.<\/p>\n\n\n\n<p>Undir Corona lurta\u00f0i landsst\u00fdri\u00f0 eftir serfr\u00f8\u00f0ini, men \u00ed allari a\u00f0rari st\u00fdring av samfelagnum og teim st\u00f3ru avbj\u00f3\u00f0ingum vit standa framman fyri, er serfr\u00f8\u00f0in ikki v\u00e6lkomin. <\/p>\n\n\n\n<p>\u00c6tlanin um privatisering av Strandfer\u00f0sluni er seinasta d\u00f8mi um myrkasp\u00e6l, har fakligheit ver\u00f0ur roynt hildin burtur.<\/p>\n\n\n\n<p>Meginreglan um armslongd \u00ed einum r\u00e6ttarsamfelag, skal skapa grei\u00f0an skilna\u00f0 millum \u00fatinnandi, d\u00f8mandi og l\u00f3ggevandi valdi\u00f0, solei\u00f0is at valdsmisn\u00fdtsla, um hon fer fram, kann eftirkannast.<\/p>\n\n\n\n<p>Fleiri av landsst\u00fdrisf\u00f3lkunum hava praktisera\u00f0 heilt a\u00f0ra fatan av meginregluni og hava snara\u00f0 henni 180 stig og hava allan armin uppi \u00ed t\u00ed tey ynskja at st\u00fdra<\/p>\n\n\n\n<p>Ta\u00f0 hava vit s\u00e6\u00f0 \u00ed val av nevndum, setanarm\u00e1lum, og t\u00e1 i\u00f0 serkunnleikin skal tippast og haldast uttanfyri.<\/p>\n\n\n\n<p>Eitt anna\u00f0 d\u00f8mi er Havnin, sum hegna\u00f0 av til byggispekulantar vi\u00f0 makrel- og alipeningi at r\u00edka seg enn meiri upp, t\u00ed B\u00fasta\u00f0ir er burturv\u00edst at byggja \u00ed Havnini.<\/p>\n\n\n\n<p>Might makes right \u2013 megi gevur r\u00e6ttindi &#8211; halda tey karrr\u00e1\u00f0u r\u00e1\u00f0andi.<\/p>\n\n\n\n<p>\u00dar griskari forteljing er hesin setningur um hesi karrr\u00e1\u00f0u &#8220;the strong do what they can &#8211; and the weak suffer what they must&#8221; og ta\u00f0 l\u00fdsir sera v\u00e6l politikkin hj\u00e1 hesum VAN st\u00fdrinum.<\/p>\n\n\n\n<p>\u00cdslendski professarin \u00ed b\u00faskaparfr\u00f8\u00f0i Thorvaldur Gislason seg\u00f0i \u00ed vi\u00f0talu vi\u00f0 KVF um vi\u00f0urskiftini, n\u00fa eitt f\u00e1mannaveldi r\u00e6\u00f0ur yvir fiskikvotum \u00cdslands, at ta\u00f0 var ein tikkandi bumba undir \u00edslendska b\u00faskapinum og<br>seg\u00f0i \u201cTHIS IS NOT THE WAY YOU WANT TO GO\u201d.<\/p>\n\n\n\n<p>Sorry vit eru longu har &#8211; If you tolerate this your children will be next \u2013 ta\u00f0 m\u00e1 ikki tolererast!.<\/p>\n\n\n\n<p>Vit h\u00f8lva\u00f0u Danmark av vi\u00f0 einum m\u00e1li \u00ed U 20 EM endasp\u00e6li \u00ed hondb\u00f3lti- og \u00f8ll eru fegin og stolt um ta\u00f0.<\/p>\n\n\n\n<p>St\u00f3\u00f0 ta\u00f0 \u00e1 j\u00f8vnum \u00ed dystinum og vit fingu eitt avgerandi brotskast fyri at vinna\u2013 vildu vit t\u00e1 lati\u00f0 danir kasta brotskasti\u00f0 fyri okkum? Nei &#8211; men undarligt nokk gera vit ta\u00f0 \u00e1 uttanr\u00edkispolitiska \u00f8kinum.<\/p>\n\n\n\n<p>T\u00e1 i\u00f0 umr\u00e6\u00f0ur \u00edtr\u00f3tt eru \u00f8ll fullveldisf\u00f3lk.<\/p>\n\n\n\n<p>\u00cd samband vi\u00f0 lutt\u00f8kuna hj\u00e1 m\u00e6ta Sverra Sandbeg Nielsen \u00e1 Olympisku leikununum var l\u00f8gma\u00f0ur so villur, at hann seg\u00f0i \u201cf\u00f8roysk \u00edtr\u00f3ttarf\u00f3lk eiga at sleppa \u2026\u2026..eiga at sleppa at luttaka undir egnum flaggi til olympisku leikirnar.\u201d<\/p>\n\n\n\n<p>N\u00e6r sleppur nakar naka\u00f0 uttan str\u00ed\u00f0? Ongin &#8211; uttan sambandsflokkurin, sum er drigin eftir h\u00e1rinum inn \u00ed \u00f8llum frambur\u00f0i, sum onnur hava skapt fyri F\u00f8royar \u00e1 tj\u00f3\u00f0skaparlei\u00f0ini.<\/p>\n\n\n\n<p>Veruleikin er heldur tann, at vit l\u00e6ttliga kunnu missa tey serr\u00e6ttindi vit hava \u00ed altj\u00f3\u00f0a \u00edtr\u00f3ttarheiminum, t\u00ed vit ikki eru ein tj\u00f3\u00f0. Tj\u00f3\u00f0ir eiga r\u00e6ttindi \u2013 sum hj\u00e1land liva vit bert av n\u00e1\u00f0i\u2026vit sleppa at \u2026..\u201d<\/p>\n\n\n\n<p>R\u00e6ttindini skapa okkum &#8211; og um vit n\u00fa mistu altj\u00f3\u00f0a lutt\u00f8kuna \u00ed \u00edtr\u00f3tti vildi ta\u00f0 ver\u00f0i\u00f0 eitt ramaskr\u00edggj og uppreistur fr\u00e1 \u00f8llum f\u00f8royingum.<\/p>\n\n\n\n<p>Hv\u00ed f\u00e1nar tj\u00f3\u00f0arsj\u00e1lvs\u00e1liti\u00f0 og stoltleikin, t\u00e1 i\u00f0 ta\u00f0 r\u00e6\u00f0ur um tj\u00f3\u00f0skapin hj\u00e1 F\u00f8royum?<\/p>\n\n\n\n<p>Tey somu, sum bara nj\u00f3ta gott av str\u00ed\u00f0num, og ikki hava gj\u00f8rt anna\u00f0 enn at forst\u00fdra vi\u00f0 s\u00ednum \u201cvit kl\u00e1ra okkum ikki sj\u00e1lvi\u201d \u2013 eru annars ikki sm\u00e6\u00f0in at taka av r\u00e6ttinum til tilfeingi\u00f0 innan fiskimarki\u00f0 hj\u00e1 fiskivinnutj\u00f3\u00f0ini F\u00f8royar. T\u00e1 er tj\u00f3\u00f0skapur eitt ambo\u00f0 og sj\u00e1lvs\u00e1liti\u00f0 alt\u00ed\u00f0 \u00ed topp.<\/p>\n\n\n\n<p>Um n\u00fa hondb\u00f3ltur var politikkur \u2013 lati\u00f0 okkum \u00edmynda okkum ta\u00f0 , vildi l\u00f8gma\u00f0ur \u00e1 einum r\u00edksifundi aftan\u00e1 sigurin hj\u00e1 U 20 landsli\u00f0num, miriliga bi\u00f0i\u00f0 um orsaka fyri tapi\u00f0 vit g\u00f3vu d\u00f8num. Hann vildi gj\u00f8rt eina avtalu um, at ta\u00f0 var best fyri r\u00edkisfelagsskapin um kongar\u00edki\u00f0 hev\u00f0i eitt sterkt li\u00f0 og eitt andlit \u00fateftir \u2013 kanska vi\u00f0 m\u00f8guleika hj\u00e1 teim fr\u00e6gastu \u00far F\u00f8royum \u00e1 li\u00f0num ella \u00ed hvussu so er \u00e1 bonkinum. So hev\u00f0i veri\u00f0 ramaskr\u00edggj<br>\u00ed F\u00f8royum.<\/p>\n\n\n\n<p>S\u00f8guforteljingin er t\u00fddningarmikil. T\u00e1 i\u00f0 summi fortaldu hondb\u00f3lts\u00farm\u00e6linginum J\u00f3han \u00e1 Pl\u00f3gv Hansen, at f\u00f8royskur hondb\u00f3ltur ikki var naka\u00f0 verandi sta\u00f0 fyri hann, og hann t\u00ed fyri seg sj\u00e1lvan t\u00f3k eitt skilligt val, so er veruleikin \u00ed dag, at onnur hava tr\u00fa\u00f0 upp\u00e1, str\u00ed\u00f0st og strevast v\u00ed\u00f0ari og skapt fortreytir fyri teim<br>\u00e6ttarli\u00f0um, sum vinna fyri F\u00f8royar. \u00darslitini tala fyri seg og U 20 er nr. 10 \u00ed Evropa \u2013 sigrar \u00e1 Danmark og Norra og \u00e1vegis einum heimsmeistaraendasp\u00e6li.<\/p>\n\n\n\n<p>Takk fyri ta s\u00f8guforteljingina hondb\u00f3ltstj\u00f3\u00f0in F\u00f8royar.<\/p>\n\n\n\n<p>Sitandi samgonga hevur eina undirskriva\u00f0a avtalu upp\u00e1 eitt blankt arvaavkall.<\/p>\n\n\n\n<p>Eitt arvaavkall upp\u00e1 r\u00e6ttin til tilfeingi\u00f0 \u00ed havinum kring F\u00f8royar.<\/p>\n\n\n\n<p>Eitt arvaavkall skriva\u00f0 upp\u00e1 nakkan \u00e1 \u00f8llum livandi og komandi f\u00f8royingum.<\/p>\n\n\n\n<p>Avlei\u00f0ingin av arvaavkallinum er, at (sitat Herman Oskarson ) \u201ceitt li\u00f0 av kvotagreivum og alikongum f\u00e6r meginpartin av tilfeingisrentuni \u00ed s\u00edn part sum pers\u00f3nliga innt\u00f8ku, og t\u00e1 ver\u00f0ur munurin \u00f8giliga st\u00f3rur<br>millum tey allar r\u00edkastu &#8211; og alla restina\u201d<\/p>\n\n\n\n<p>Eg \u00e1k\u00e6ri Sambandsflokkin, F\u00f3lkaflokkin og teirra lei\u00f0slur og politikarar fyri at hava gj\u00f8rt hetta m\u00f8guligt. Eg eri sannf\u00f8rdur um, at hv\u00f8rki meginparturin av sambandsf\u00f3lkum ella f\u00f3lkafloksf\u00f3lkum taka undir vi\u00f0 hesum<br>karr\u00e1\u00f0a og undirbrotliga politikki. Eg tr\u00fagvi hinvegin at tit eisini vilja verja okkara felags ogn, at tit ikki ynskja hetta f\u00e1mannaveldi\u00f0, og at tit vilja og stu\u00f0la, at vit ganga fram sum tj\u00f3\u00f0 \u00ed heiminum.<\/p>\n\n\n\n<p>Men so mugu tit velja \u00f8\u00f0rv\u00edsi! Tit mugu velja flokkar og f\u00f3lk, sum gera naka\u00f0 vi\u00f0 ta\u00f0 og hava eina hugsj\u00f3n, og ikki lata tykkara atkv\u00f8\u00f0ur \u00e1haldandi misbr\u00faka til ta\u00f0 fantilsi\u00f0, sum n\u00fa fer fram, og sum ger \u00f3b\u00f3taligan<br>ska\u00f0a.<\/p>\n\n\n\n<p>Um somu flokkar og f\u00f3lk sleppa framat aftur valdinum n\u00e6stu fer\u00f0 er arvaavkalli\u00f0 endaligt gyldugt og kann ikki afturkallast.<\/p>\n\n\n\n<p>T\u00ed m\u00e1 eitt komandi valstr\u00ed\u00f0 senda tey grei\u00f0u bo\u00f0. Tit h\u00f8vdu ikki r\u00e6ttin okkara vegna at geva eitt arvaavkall! R\u00e6tturin var &#8211; og er alt\u00ed\u00f0 hj\u00e1 F\u00f8roya F\u00f3lki! Hann kann ikki missast, skal skrivast \u00ed f\u00f8royska grundl\u00f3g og vit koma eftir okkara r\u00edkid\u00f8mi!<\/p>\n\n\n\n<p>Ta\u00f0 krevur at \u00f8ll mugu upp\u00e1 barrikadurnar og vinna f\u00f3lkar\u00e6\u00f0i aftur \u00e1 einum komandi l\u00f8gtingsvali. Vit mugu taka samr\u00f8\u00f0urnar og str\u00ed\u00f0i\u00f0 andlit til andlits, vit mugu str\u00ed\u00f0ast og savna tj\u00f3\u00f0ina upp\u00e1 hennara grundr\u00e6ttindi, sum eitt demokratiskt f\u00f3lkar\u00e6\u00f0i.<\/p>\n\n\n\n<p>Winston Churchill sigur \u00ed einum av s\u00ednum mongu kendu r\u00f8\u00f0um. \u201cWe shall fight on the beaches, we shall fight on the landing grounds, we shall fight in the fields and in the streets, we shall fight in the hills; we shall<br>never surrender.\u201d<\/p>\n\n\n\n<p>So \u00e1lvarslig er verandi st\u00f8\u00f0a hj\u00e1 f\u00f3lkinum \u00ed F\u00f8royum.<\/p>\n\n\n\n<p>\u00d3ans\u00e6\u00f0 hvat vit f\u00e1ast vi\u00f0 og \u00e6tla at \u00fatinna, \u00e6tla at avrika, bi\u00f0ja vit alt\u00ed\u00f0 tey, sum hava f\u00f8rleikar, hegni, dirvi og \u00e1haldni at fremja frambur\u00f0 \u00ed verki. Ta\u00f0 veri seg at stovna eitt bygdafelag, stoypa eina grund, baka til<br>ein f\u00f8\u00f0ingardag, manna ein b\u00e1t, hj\u00e1lpa til \u00ed einum ervi ella f\u00e1a manna\u00f0 eitt \u00edtr\u00f3ttarli\u00f0.<br>Vit bi\u00f0ja ongant\u00ed\u00f0 tey, sum beinanvegin siga \u201cta\u00f0 kann eg ikki, \u201cdugi ikki, \u201cta\u00f0 ber nokk ikki til. \u201cTa\u00f0 gera vit ikki, t\u00ed ta\u00f0 er meira m\u00f8\u00f0i enn f\u00f8\u00f0i at str\u00ed\u00f0ast vi\u00f0 tey.<\/p>\n\n\n\n<p>T\u00ed undrar ta\u00f0 meg, at vit yvirh\u00f8vur velja politikarar \u00far Sambandsflokkinum til naka\u00f0 sum hevur vi\u00f0 politikk at gera. Tey tr\u00fagva ikki upp\u00e1 F\u00f8royar ella f\u00f8royingar. Skuldi ta\u00f0 hent at sambandsflokkurin yvirh\u00f8vur ver\u00f0ur<br>umbo\u00f0a\u00f0ur aftan\u00e1 n\u00e6sta l\u00f8gtingsval, mugu vit skipa eina tingnevnd fyri \u00f8ll vi\u00f0urskifti, sum ikki bera til, og manna hana vi\u00f0 teimum. So er arbei\u00f0sfri\u00f0ur hj\u00e1 teim, sum leika fyri F\u00f8royar og ynskja at byggja land.<\/p>\n\n\n\n<p>Eitt n\u00fdtt l\u00f8gting m\u00e1 mannast vi\u00f0 f\u00f3lki, sum leika fyri F\u00f8royar og leika og vir\u00f0a meginreglur \u00ed einum r\u00e6ttar- og v\u00e6lfer\u00f0arsamfelagi, sum m\u00e1 byggja \u00e1 eitt uppl\u00fdst f\u00f3lkar\u00e6\u00f0i.<\/p>\n\n\n\n<p>Velji\u00f0 f\u00f3lk sum hava f\u00f8rleikarnar og ryggin til at umsita f\u00f3lkar\u00e6\u00f0i, og sum ikki eru str\u00e1menn ella \u00ed lummunum hj\u00e1 \u00f3sj\u00f3nliga valdinum.<\/p>\n\n\n\n<p>Valdi\u00f0 og r\u00edkid\u00f8mi \u00ed F\u00f8royum liggur hj\u00e1 f\u00f3lkinum og M\u00c1 forankrast \u00ed eini f\u00f8royskari grundl\u00f3g fyri sj\u00e1lvst\u00f8\u00f0ugu tj\u00f3\u00f0ina F\u00f8royar. L\u00f8gtingsl\u00f3gir eru ikki n\u00f3g sterk verja v\u00edsir ta\u00f0 seg.<\/p>\n\n\n\n<p>Ein grundl\u00f3g vil tryggja, at \u00f8ll tey r\u00e6ttindi sum f\u00f3lki\u00f0 \u00ed F\u00f8royum metir hava st\u00f8rst t\u00fddning, um ta\u00f0 so er tilfeingi\u00f0 \u00ed havinum, javnr\u00e6ttindi, borgarar\u00e6ttindi, umhv\u00f8rvi, ver\u00f0a vard m\u00f3ti t\u00ed \u00e1gangi og r\u00e6ning, sum n\u00fa fer fram.<\/p>\n\n\n\n<p>K\u00e1ri \u00e1 R\u00f3gvi s\u00e1li seg\u00f0i til teirra, sum eru vald ella starvssett til l\u00f3gg\u00e1vuarbei\u00f0i og almenna fyrisiting. Taki\u00f0 eina mynd av f\u00f8royingunum \u00e1 Vaglinum \u00e1 \u00d3lavs\u00f8ku, hangi\u00f0 hana \u00e1 veggin og so vita tit alt\u00ed\u00f0 hv\u00f8rjum tit eru vald og sett at t\u00e6na.<\/p>\n\n\n\n<p>Vit vilja alt\u00ed\u00f0 vera heimsmeistarar \u00ed at vera f\u00f8royingar og at verja F\u00f8royar. Velji\u00f0 t\u00ed f\u00f3lk sum leika fyri F\u00f8royar.<\/p>\n\n\n\n<p>Takk til unga Tj\u00f3\u00f0veldi fyri at eg slapp at r\u00f8\u00f0a \u00ed dag. Ta\u00f0 var m\u00e6r ein st\u00f3rur hei\u00f0ur.<\/p>\n\n\n\n<p>G\u00f3\u00f0a \u00f3lavs\u00f8ku \u00f8ll somul.<\/p>\n\n\n\n<p><\/p>\n\n\n\n<p>H\u00f8gni \u00ed St\u00f3rustovu<\/p>\n","protected":false},"excerpt":{"rendered":"<p>R\u00f8\u00f0a \u00e1 Doktaragrund 29. Juli 2022 Eg havi, l\u00edka s\u00ed\u00f0an lagnustundina millum j\u00f3la og n\u00fdggj\u00e1rs \u00ed 2019, t\u00e1 i\u00f0 sitandi landsst\u00fdri\u00f0 handa\u00f0i ognarr\u00e6ttin yvir ogn F\u00f8roya f\u00f3lks n\u00f8krum f\u00e1um at selja og br\u00faka sum s\u00edtt egna, sovi\u00f0 \u00f3r\u00f3liga hv\u00f8rja n\u00e1tt og f\u00f8li dagliga trega og \u00f3r\u00f3gv av hesi skemdarger\u00f0. Neyvan ein kensla sum bara eg [&hellip;]<\/p>\n","protected":false},"author":3,"featured_media":22981,"comment_status":"closed","ping_status":"closed","sticky":false,"template":"","format":"standard","meta":{"ngg_post_thumbnail":0,"footnotes":""},"categories":[40],"tags":[],"class_list":["post-22980","post","type-post","status-publish","format-standard","has-post-thumbnail","hentry","category-politikkur"],"publishpress_future_action":{"enabled":false,"date":"2026-05-06 14:45:06","action":"change-status","newStatus":"draft","terms":[],"taxonomy":"category","extraData":[]},"publishpress_future_workflow_manual_trigger":{"enabledWorkflows":[]},"_links":{"self":[{"href":"https:\/\/sudurras.fo\/index.php?rest_route=\/wp\/v2\/posts\/22980","targetHints":{"allow":["GET"]}}],"collection":[{"href":"https:\/\/sudurras.fo\/index.php?rest_route=\/wp\/v2\/posts"}],"about":[{"href":"https:\/\/sudurras.fo\/index.php?rest_route=\/wp\/v2\/types\/post"}],"author":[{"embeddable":true,"href":"https:\/\/sudurras.fo\/index.php?rest_route=\/wp\/v2\/users\/3"}],"replies":[{"embeddable":true,"href":"https:\/\/sudurras.fo\/index.php?rest_route=%2Fwp%2Fv2%2Fcomments&post=22980"}],"version-history":[{"count":0,"href":"https:\/\/sudurras.fo\/index.php?rest_route=\/wp\/v2\/posts\/22980\/revisions"}],"wp:featuredmedia":[{"embeddable":true,"href":"https:\/\/sudurras.fo\/index.php?rest_route=\/wp\/v2\/media\/22981"}],"wp:attachment":[{"href":"https:\/\/sudurras.fo\/index.php?rest_route=%2Fwp%2Fv2%2Fmedia&parent=22980"}],"wp:term":[{"taxonomy":"category","embeddable":true,"href":"https:\/\/sudurras.fo\/index.php?rest_route=%2Fwp%2Fv2%2Fcategories&post=22980"},{"taxonomy":"post_tag","embeddable":true,"href":"https:\/\/sudurras.fo\/index.php?rest_route=%2Fwp%2Fv2%2Ftags&post=22980"}],"curies":[{"name":"wp","href":"https:\/\/api.w.org\/{rel}","templated":true}]}}