{"id":24977,"date":"2023-01-20T19:15:48","date_gmt":"2023-01-20T19:15:48","guid":{"rendered":"https:\/\/sudurras.fo\/?p=24977"},"modified":"2023-01-20T19:15:49","modified_gmt":"2023-01-20T19:15:49","slug":"minningarord-um-mammubeiggja-min-adolf-ryggshamar-i-vagi","status":"publish","type":"post","link":"https:\/\/sudurras.fo\/?p=24977","title":{"rendered":"Minningaror\u00f0 um mammubeiggja m\u00edn Adolf Ryggshamar \u00ed V\u00e1gi"},"content":{"rendered":"\n<figure class=\"wp-block-image size-large\"><img loading=\"lazy\" decoding=\"async\" width=\"1024\" height=\"777\" src=\"https:\/\/sudurras.fo\/wp-content\/uploads\/2023\/01\/FB_IMG_1674242061517-1024x777.jpg\" alt=\"\" class=\"wp-image-24978\" srcset=\"https:\/\/sudurras.fo\/wp-content\/uploads\/2023\/01\/FB_IMG_1674242061517-1024x777.jpg 1024w, https:\/\/sudurras.fo\/wp-content\/uploads\/2023\/01\/FB_IMG_1674242061517-300x228.jpg 300w, https:\/\/sudurras.fo\/wp-content\/uploads\/2023\/01\/FB_IMG_1674242061517-768x582.jpg 768w, https:\/\/sudurras.fo\/wp-content\/uploads\/2023\/01\/FB_IMG_1674242061517.jpg 1080w\" sizes=\"auto, (max-width: 1024px) 100vw, 1024px\" \/><\/figure>\n\n\n\n<p><\/p>\n\n\n\n<p>\u00d3nsmorgunin 18 januar anda\u00f0ist mammubeiggi m\u00edn Adolf Ryggshamar 88 \u00e1ra gamal.<\/p>\n\n\n\n<p>Ikki vardi ta\u00f0 okkum, at t\u00fa skuldi fara som knappligani, h\u00f3ast h\u00f8gan aldur, vart t\u00fa v\u00e6l fyri og var sum ein ungur ma\u00f0ur at vera saman vi\u00f0, t\u00fa vart eisini v\u00e6l fyri kroppsligani, h\u00f3ast gangilagi\u00f0 kundi bila naka\u00f0.<\/p>\n\n\n\n<p>\u201d Eg skuldi hj\u00e1lpa t\u00e6r vi\u00f0 einari 3 mans sofu, fyri 3 \u00e1\u00f0rum s\u00ed\u00f0ani, sum skuldi koyrast vekk \u00far stovuni hja tykkum, eg var naka\u00f0 seinur, men t\u00e1 eg kom ni\u00f0an var sofan vekk.<\/p>\n\n\n\n<p>Eg seg\u00f0i Adolf, hvar er sofan og Adolf svara\u00f0i \u201d eg havi blaka hana \u00fat \u00ed gar\u00f0in fr\u00e1 altaninum\u201d . J\u00fa r\u00e6tt var og st\u00f3ra sofan, l\u00e1 ni\u00f0ri \u00ed t\u00faninum hj\u00e1 Adolfi.\u201d, so v\u00e6l fyri var hann fyri, heilt til hann anda\u00f0ist.<\/p>\n\n\n\n<p>Ta\u00f0 f\u00f8list sum um, at ein ungur ma\u00f0ur er farin \u00ed annan heim. T\u00ed hann var so v\u00e6l fyri og ungd\u00f3mligur.<\/p>\n\n\n\n<p>Okur b\u00e1\u00f0ir h\u00f8vdu manga g\u00f3\u00f0u l\u00f8tuna, har t\u00fa fortaldi m\u00e6r s\u00f8gur um t\u00fdtt langa liv, sum var av g\u00f3\u00f0um og eisini av ringum. Men mest av t\u00ed g\u00f3\u00f0a.<\/p>\n\n\n\n<p>T\u00edbetur havi eg tiki\u00f0 n\u00f3gvar s\u00f8gur upp\u00e1 video, sum eru gullverdar at eiga.<\/p>\n\n\n\n<p>Adolf hev\u00f0i eitt fram\u00far gott minni og dugdi sum f\u00e1ur at siga fr\u00e1, ein var l\u00edkasum tiki\u00f0 vi\u00f0 inn \u00ed s\u00f8gurnar hj\u00e1 Adolfi, t\u00e1 hann seg\u00f0i fr\u00e1 teimun.<\/p>\n\n\n\n<p>N\u00e6stan hv\u00f8nn dag, var Adolf her hj\u00e1 systrini til kaffi kl 11.30, t\u00e1 var hann oftani komin beina k\u00f3s fr\u00e1 g\u00f3\u00f0a vinin s\u00ednum Jonhardi.<\/p>\n\n\n\n<p>Adolf elska\u00f0i alt her \u00ed V\u00e1gi sum eingin annar og var hann v\u00e1gbingur vi\u00f0 st\u00f3ra V. Adolf var eisini ein sonn b\u00fd\u00f0armynd.<\/p>\n\n\n\n<p>Adolf var alt\u00ed\u00f0 at s\u00edggja \u00ed b\u00fd\u00f0armyndini \u00e1 s\u00ednari s\u00faklu. Har hann f\u00f3r \u00fat gj\u00f8gnum v\u00e1gsbygd at fregnast. M\u00f8guliga fyri at vita, um okkurt n\u00fdtt hendi \u00ed bygdini. Adolf setti eisini or\u00f0 \u00e1, at her var st\u00f3rur frambur\u00f0ur gj\u00f8rdur \u00ed V\u00e1gi seinasti \u00e1rini og ta\u00f0 var hann sera errin av og fr\u00f8ddist st\u00f3rliga um ta\u00f0 menningina.<\/p>\n\n\n\n<p>Adolf var sera st\u00f3ltur av s\u00ednari n\u00e6rmastu familju, b\u00f8rnum, abbab\u00f8rnum og langabbab\u00f8rnum. Hann var sera g\u00f3\u00f0ur vi\u00f0 tey og tey vi\u00f0 teg.<\/p>\n\n\n\n<p>Ta\u00f0 ver\u00f0ur st\u00f3rur saknur fyri tey og Salomu, n\u00fa Adolf er farin, til eitt betri sta\u00f0. Harrin styrkir tykkum \u00ed hesari sv\u00e1ru t\u00ed\u00f0.<\/p>\n\n\n\n<p>Adolf var annars uppvaksin og hevur veri\u00f0 b\u00fasitandi \u00ed V\u00e1gi alt l\u00edvi\u00f0 og v\u00e1gsbygd hevur alt\u00ed\u00f0 sta\u00f0i\u00f0 hansara hjarta\u00f0 n\u00e6r.<\/p>\n\n\n\n<p>Adolf var n\u00e6stelstur av einum barnaflokki upp\u00e1 5 systkin. Hann er sonur Jens og Alvildu Ryggshamar \u00ed V\u00e1gi.<\/p>\n\n\n\n<p>Adolf var giftur vi\u00f0 Salomu, f\u00f8dd Thomsen, i\u00f0 er \u00e6tta\u00f0 av Kollafir\u00f0i. Tey fingu 3 b\u00f8rn, Leivur, Margretha og Solveig.<\/p>\n\n\n\n<p>Leivur og Solveig b\u00fagva \u00ed Danmark, me\u00f0an Margretha sl\u00edtur s\u00ednar sk\u00f3gvar \u00ed \u00e6ttbygdini fr\u00e1 m\u00f3\u00f0urs s\u00ed\u00f0u \u00ed Kollafir\u00f0i.<\/p>\n\n\n\n<p>Adolf hevur fyri ta\u00f0 mesta av s\u00ednu l\u00edvi veri\u00f0 sj\u00f3\u00f0ma\u00f0ur og f\u00f3r fyrsta t\u00farin til skips vi\u00f0 fer\u00f0amannaskipinum \u201d Dronning Alexandrine \u201d \u00ed 1949, bert 15 \u00e1ra gamal.<\/p>\n\n\n\n<p>Hann gekk somu lei\u00f0 sum Jens abbin, nevniliga innan kokkayrki\u00f0. Hann var tvey \u00e1r vi\u00f0 \u201d Dronning Alexandrine \u201d og b\u00e6\u00f0i \u00e1rini var hann hj\u00e1lparkokkur.<\/p>\n\n\n\n<p>Hetta var sj\u00e1lvsagt ein st\u00f3r avbj\u00f3\u00f0ing \u00ed hansara unga l\u00edvi\u00f0, men Adolf helt \u00e1fram vi\u00f0 at vera sj\u00f3ma\u00f0ur. Hann f\u00f3r m.a. vi\u00f0 Gar\u00f0asluppunin \u201d Havg\u00e1sini&#8221; til Gr\u00f8nlands \u00ed 1952 har Mortan Jacobsen \u00e1 B\u00e1raldarbakka \u00far V\u00e1gi, sum skipara.<\/p>\n\n\n\n<p>Adolf hevur eisini veri\u00f0 vi\u00f0 norska l\u00ednuskipinum \u201dVartal&#8221; saman vi\u00f0 p\u00e1pa m\u00ednum og \u00f8\u00f0run kendun v\u00e1gbingun. Vartal brendi t\u00edverri fyrst \u00ed 1970 unum, men hv\u00f8rki Adolf ella p\u00e1pi v\u00f3ru vi\u00f0 tann \u00f3lukkut\u00farin, har fleiri av manningini doy\u00f0u.<\/p>\n\n\n\n<p>Adolf var eisini vi\u00f0 \u201d Nor\u00f0heim&#8221; og &#8220;Mette Polaris&#8221;. Seinni var hann vi\u00f0 \u201dSj\u00f3farinum&#8221;, sum J\u00f3gvan br\u00f3\u00f0ur hansara \u00e1tti. Her var hann eisini saman vi\u00f0 elsta br\u00f3\u00f0rinum Vilmund, sum eitt skifti f\u00f8rdi \u201dSj\u00f3\u00f0fari\u00f0\u201d.<\/p>\n\n\n\n<p>Fyri at nevna n\u00f8kur onnur skip, sum Adolf hevur veri\u00f0 vi\u00f0, kann nevnast \u201dV\u00e1gbingur&#8221; og &#8220;J\u00f3gvan \u00e1 G\u00f8r\u00f0unum&#8221;. Adolf hevur eisini veri\u00f0 til \u00fatr\u00f3\u00f0ur \u00ed Gr\u00f8ndlandi og r\u00f3\u00f0 \u00fat vi\u00f0 familju \u00fatr\u00f3\u00f0rarb\u00e1tinum \u201dBresta&#8221; m.a. saman vi\u00f0 p\u00e1pa s\u00ednum \u00ed mong \u00e1r.<\/p>\n\n\n\n<p>Adolf leg\u00f0ist upp\u00e1 land og har gekk Adolf a\u00f0rar lei\u00f0ir, m.a vi\u00f0 at leiga gamla Klubban \u00ed V\u00e1gi fr\u00e1 Pola og Petur Nols\u00f8.<\/p>\n\n\n\n<p>Her hev\u00f0i hann matstovu og bakar\u00ed. Har m.a. vinma\u00f0ur og skyldma\u00f0ur hansara Jonhard Vest Joensen var honum til hj\u00e1lpar, serliga \u00ed bakar\u00ednum.<\/p>\n\n\n\n<p>Matstovan var millum f\u00f3lk flest kalla\u00f0 &#8220;Hj\u00e1 Adolfi&#8221;. Har var m.a.fyrsta \u201dJukeboksin&#8221; \u00ed Su\u00f0uroy. Sum seinni var\u00f0 seld til biografin hj\u00e1 J\u00f8rgen M. Olsen \u00ed V\u00e1gi. Resturanti\u00f3nin hj\u00e1 Adolfi, var eisini v\u00e6l vitja.<\/p>\n\n\n\n<p>Adolf keypti s\u00e6r j\u00f8r\u00f0 \u00ed V\u00e1gi \u00ed 50-unum. Har hevur hann saman vi\u00f0 s\u00ednum sey\u00f0afylgi havt g\u00f3\u00f0ar l\u00f8tur.<\/p>\n\n\n\n<p>Eg minnist sj\u00e1lvur sum sm\u00e1drongur hvussu gott og hugnaligt ta\u00f0 var, at vera yviri \u00e1 b\u00f8num hj\u00e1 Adolf og Salomu, t\u00e1 i\u00f0 hoyggingin var fyri. Sj\u00e1lvt um eg var meira til \u00f3n\u00e1\u00f0ir enn til gavn, skelda\u00f0i Adolf meg ikki \u00fat.<\/p>\n\n\n\n<p>Adolf var \u00edtr\u00f3ttarma\u00f0ur um ein h\u00e1ls og \u00ed fr\u00edt\u00ed\u00f0ini, sp\u00e6ldi hann f\u00f3tb\u00f3lt vi\u00f0 VB \u00ed mong \u00e1r og hann r\u00f3\u00f0i eisini kapp.<\/p>\n\n\n\n<p>Honum d\u00e1mdi stak v\u00e6l, at hyggja eftir VB kvinnum \u00ed hondb\u00f3lti. Hann var sera tr\u00fa\u00f0fastur VB ari, b\u00e6\u00f0i sum sp\u00e6lari og seinni sum \u00e1sko\u00f0ari, har hann var n\u00e6stan til hv\u00f8nn dystin \u00ed \u00f8llum deildum, b\u00e6\u00f0i innan f\u00f3tb\u00f3lt og hondb\u00f3lt.<\/p>\n\n\n\n<p>Alt var VB hj\u00e1 honum, l\u00edkami\u00f0 um VB tapti ella vann, so v\u00f3ru teir\/tey best.<\/p>\n\n\n\n<p>Adolf var \u00e1 besta l\u00ed\u00f0num hj\u00e1 VB \u00ed 50-unum, saman vi\u00f0 fleiri vinmonnunum s\u00ednum m.a Henry Hansen (Henry hj\u00e1 Algatu) og Ey\u00f0un Johanssen vm.<\/p>\n\n\n\n<p>Besta \u00farsliti hj\u00e1 Adolfi og ( teimun ), sum eg eri kunna\u00f0ur um &#8211; m\u00e1 uttan iva vera t\u00e1 hann var vi\u00f0, at vinna 3 steyp \u00e1 einari J\u00f3ans\u00f8ku \u00e1 Tv\u00f8royri.<\/p>\n\n\n\n<p>Hetta hendi mi\u00f0skei\u00f0is \u00ed 50-unum. Fyrst vann hann vi\u00f0 Tofta Regin \u00ed kappr\u00f3\u00f0ri og seinni sama dag, vann hann tvey steyp, \u00e1v\u00edkavist \u00e1 VB-li\u00f0num og \u00e1 einum felags Su\u00f0uroyarli\u00f0i.<\/p>\n\n\n\n<p>Seinni um kv\u00f8ldi\u00f0 gekk lei\u00f0in burt at fiska vi\u00f0 trolaranum H\u00f8vdaberg.<\/p>\n\n\n\n<p>Adolf bleiv eisini hei\u00f0ra\u00f0ur av v\u00e1gbingum, t\u00e1 hann skeyt fyrsta m\u00e1li \u00ed Margh\u00f8llini \u00ed V\u00e1gi, hettar t\u00e1 Margh\u00f8llini, var tikin alment \u00ed n\u00fdslu. Eisini var hann hei\u00f0ra\u00f0ur vi\u00f0 VB n\u00e1l, um sama mundi. Hettar var hann sera st\u00f3ltur og takknemligur fyri.<\/p>\n\n\n\n<p>Ta\u00f0 ver\u00f0ur st\u00f3rur saknur fyri okkum \u00f8ll, n\u00fa t\u00fa ert farin. Eitt st\u00f3rt t\u00f3mr\u00fam ver\u00f0ur eftir teg g\u00f3\u00f0i mammubeiggin, t\u00fa hevur \u201d fylgt \u201dn\u00f3gv og hevur ver\u00f0i eitt livandi og aktivt menniskja fyri okkum \u00f8ll.<\/p>\n\n\n\n<p>Ta\u00f0 ver\u00f0ur st\u00f3rur saknur \u00ed t\u00e6r elska\u00f0i mammubeiggin.<\/p>\n\n\n\n<p>Hv\u00edl \u00ed fri\u00f0i<\/p>\n\n\n\n<p>Levi<\/p>\n","protected":false},"excerpt":{"rendered":"<p>\u00d3nsmorgunin 18 januar anda\u00f0ist mammubeiggi m\u00edn Adolf Ryggshamar 88 \u00e1ra gamal. Ikki vardi ta\u00f0 okkum, at t\u00fa skuldi fara som knappligani, h\u00f3ast h\u00f8gan aldur, vart t\u00fa v\u00e6l fyri og var sum ein ungur ma\u00f0ur at vera saman vi\u00f0, t\u00fa vart eisini v\u00e6l fyri kroppsligani, h\u00f3ast gangilagi\u00f0 kundi bila naka\u00f0. \u201d Eg skuldi hj\u00e1lpa t\u00e6r vi\u00f0 [&hellip;]<\/p>\n","protected":false},"author":23,"featured_media":24978,"comment_status":"closed","ping_status":"closed","sticky":false,"template":"","format":"standard","meta":{"ngg_post_thumbnail":0,"footnotes":""},"categories":[3],"tags":[],"class_list":["post-24977","post","type-post","status-publish","format-standard","has-post-thumbnail","hentry","category-lesarin-skrivar"],"publishpress_future_action":{"enabled":false,"date":"2026-05-06 21:03:46","action":"change-status","newStatus":"draft","terms":[],"taxonomy":"category","extraData":[]},"publishpress_future_workflow_manual_trigger":{"enabledWorkflows":[]},"_links":{"self":[{"href":"https:\/\/sudurras.fo\/index.php?rest_route=\/wp\/v2\/posts\/24977","targetHints":{"allow":["GET"]}}],"collection":[{"href":"https:\/\/sudurras.fo\/index.php?rest_route=\/wp\/v2\/posts"}],"about":[{"href":"https:\/\/sudurras.fo\/index.php?rest_route=\/wp\/v2\/types\/post"}],"author":[{"embeddable":true,"href":"https:\/\/sudurras.fo\/index.php?rest_route=\/wp\/v2\/users\/23"}],"replies":[{"embeddable":true,"href":"https:\/\/sudurras.fo\/index.php?rest_route=%2Fwp%2Fv2%2Fcomments&post=24977"}],"version-history":[{"count":1,"href":"https:\/\/sudurras.fo\/index.php?rest_route=\/wp\/v2\/posts\/24977\/revisions"}],"predecessor-version":[{"id":24979,"href":"https:\/\/sudurras.fo\/index.php?rest_route=\/wp\/v2\/posts\/24977\/revisions\/24979"}],"wp:featuredmedia":[{"embeddable":true,"href":"https:\/\/sudurras.fo\/index.php?rest_route=\/wp\/v2\/media\/24978"}],"wp:attachment":[{"href":"https:\/\/sudurras.fo\/index.php?rest_route=%2Fwp%2Fv2%2Fmedia&parent=24977"}],"wp:term":[{"taxonomy":"category","embeddable":true,"href":"https:\/\/sudurras.fo\/index.php?rest_route=%2Fwp%2Fv2%2Fcategories&post=24977"},{"taxonomy":"post_tag","embeddable":true,"href":"https:\/\/sudurras.fo\/index.php?rest_route=%2Fwp%2Fv2%2Ftags&post=24977"}],"curies":[{"name":"wp","href":"https:\/\/api.w.org\/{rel}","templated":true}]}}