{"id":25097,"date":"2023-02-01T12:08:24","date_gmt":"2023-02-01T12:08:24","guid":{"rendered":"https:\/\/sudurras.fo\/?p=25097"},"modified":"2023-02-01T12:08:25","modified_gmt":"2023-02-01T12:08:25","slug":"nytt-trivnadarfolk","status":"publish","type":"post","link":"https:\/\/sudurras.fo\/?p=25097","title":{"rendered":"N\u00fdtt trivna\u00f0arf\u00f3lk"},"content":{"rendered":"\n<figure class=\"wp-block-image size-large\"><img loading=\"lazy\" decoding=\"async\" width=\"1024\" height=\"451\" src=\"https:\/\/sudurras.fo\/wp-content\/uploads\/2023\/02\/Majken-Sanda-1024x451.jpg\" alt=\"\" class=\"wp-image-25098\" srcset=\"https:\/\/sudurras.fo\/wp-content\/uploads\/2023\/02\/Majken-Sanda-1024x451.jpg 1024w, https:\/\/sudurras.fo\/wp-content\/uploads\/2023\/02\/Majken-Sanda-300x132.jpg 300w, https:\/\/sudurras.fo\/wp-content\/uploads\/2023\/02\/Majken-Sanda-768x338.jpg 768w, https:\/\/sudurras.fo\/wp-content\/uploads\/2023\/02\/Majken-Sanda.jpg 1250w\" sizes=\"auto, (max-width: 1024px) 100vw, 1024px\" \/><\/figure>\n\n\n\n<p><\/p>\n\n\n\n<p>V\u00e1gs Kommuna hevur sett Majken Sand\u00e1 \u00ed starv, sum n\u00fdtt trivna\u00f0arf\u00f3lk.<\/p>\n\n\n\n<p>Starvi\u00f0, sum trivna\u00f0arf\u00f3lk, er eitt samansett m\u00f3tt\u00f8ku-, samskipara- og skrivstovustarv. Trivna\u00f0arf\u00f3lki\u00f0 kemur at r\u00f8kja m\u00f3tt\u00f8kuna \u00ed kommununi og samskipa\u00f0 og fyriskipa\u00f0 tilt\u00f8k, sum t\u00e6na kommununi \u00ed brei\u00f0um h\u00f8pi. Trivna\u00f0arf\u00f3lki\u00f0 kemur eisini at r\u00f8kja skrivstovuuppg\u00e1vur, sum antin standast av \u00e1\u00f0urnevndu uppg\u00e1vum hj\u00e1 trivna\u00f0arf\u00f3lkinum og a\u00f0rar fyrisitingarligar uppg\u00e1vur \u00ed umsitingini.<\/p>\n\n\n\n<p>Majken er ikki \u00f3kend \u00ed kommununi. Hon hevur veri\u00f0 avloysari \u00ed Mi\u00f0lat\u00fani fr\u00e1 2019 og til hon gj\u00f8rdist skrivstovul\u00e6rlingur \u00ed 2021, og eftir lokna l\u00e6ru hevur Majken starvast \u00ed Mi\u00f0lat\u00fani. Umframt hetta, so hevur Majken starvast \u00ed f\u00edggjarheiminum, sum bankaatst\u00f8\u00f0ingur. Majken er eisini \u00fatb\u00fagvin kosmetolog og hevur veri\u00f0 sj\u00e1lvst\u00f8\u00f0uvinnurekandi \u00ed 14 \u00e1r.<\/p>\n\n\n\n<p>Majken byrjar \u00ed dag, 1. februar 2023, sum trivna\u00f0arf\u00f3lk \u00ed kommununi.<\/p>\n\n\n\n<p><em>Kelda: V\u00e1gs Kommuna<\/em><\/p>\n","protected":false},"excerpt":{"rendered":"<p>V\u00e1gs Kommuna hevur sett Majken Sand\u00e1 \u00ed starv, sum n\u00fdtt trivna\u00f0arf\u00f3lk. Starvi\u00f0, sum trivna\u00f0arf\u00f3lk, er eitt samansett m\u00f3tt\u00f8ku-, samskipara- og skrivstovustarv. Trivna\u00f0arf\u00f3lki\u00f0 kemur at r\u00f8kja m\u00f3tt\u00f8kuna \u00ed kommununi og samskipa\u00f0 og fyriskipa\u00f0 tilt\u00f8k, sum t\u00e6na kommununi \u00ed brei\u00f0um h\u00f8pi. Trivna\u00f0arf\u00f3lki\u00f0 kemur eisini at r\u00f8kja skrivstovuuppg\u00e1vur, sum antin standast av \u00e1\u00f0urnevndu uppg\u00e1vum hj\u00e1 trivna\u00f0arf\u00f3lkinum og a\u00f0rar [&hellip;]<\/p>\n","protected":false},"author":24,"featured_media":25098,"comment_status":"closed","ping_status":"closed","sticky":false,"template":"","format":"standard","meta":{"ngg_post_thumbnail":0,"footnotes":""},"categories":[1],"tags":[],"class_list":["post-25097","post","type-post","status-publish","format-standard","has-post-thumbnail","hentry","category-tidindi"],"publishpress_future_action":{"enabled":false,"date":"2026-05-03 20:27:26","action":"change-status","newStatus":"draft","terms":[],"taxonomy":"category","extraData":[]},"publishpress_future_workflow_manual_trigger":{"enabledWorkflows":[]},"_links":{"self":[{"href":"https:\/\/sudurras.fo\/index.php?rest_route=\/wp\/v2\/posts\/25097","targetHints":{"allow":["GET"]}}],"collection":[{"href":"https:\/\/sudurras.fo\/index.php?rest_route=\/wp\/v2\/posts"}],"about":[{"href":"https:\/\/sudurras.fo\/index.php?rest_route=\/wp\/v2\/types\/post"}],"author":[{"embeddable":true,"href":"https:\/\/sudurras.fo\/index.php?rest_route=\/wp\/v2\/users\/24"}],"replies":[{"embeddable":true,"href":"https:\/\/sudurras.fo\/index.php?rest_route=%2Fwp%2Fv2%2Fcomments&post=25097"}],"version-history":[{"count":1,"href":"https:\/\/sudurras.fo\/index.php?rest_route=\/wp\/v2\/posts\/25097\/revisions"}],"predecessor-version":[{"id":25099,"href":"https:\/\/sudurras.fo\/index.php?rest_route=\/wp\/v2\/posts\/25097\/revisions\/25099"}],"wp:featuredmedia":[{"embeddable":true,"href":"https:\/\/sudurras.fo\/index.php?rest_route=\/wp\/v2\/media\/25098"}],"wp:attachment":[{"href":"https:\/\/sudurras.fo\/index.php?rest_route=%2Fwp%2Fv2%2Fmedia&parent=25097"}],"wp:term":[{"taxonomy":"category","embeddable":true,"href":"https:\/\/sudurras.fo\/index.php?rest_route=%2Fwp%2Fv2%2Fcategories&post=25097"},{"taxonomy":"post_tag","embeddable":true,"href":"https:\/\/sudurras.fo\/index.php?rest_route=%2Fwp%2Fv2%2Ftags&post=25097"}],"curies":[{"name":"wp","href":"https:\/\/api.w.org\/{rel}","templated":true}]}}