{"id":25623,"date":"2023-03-24T20:47:57","date_gmt":"2023-03-24T20:47:57","guid":{"rendered":"https:\/\/sudurras.fo\/?p=25623"},"modified":"2023-03-24T20:47:57","modified_gmt":"2023-03-24T20:47:57","slug":"borurin-skal-setast-i-i-2024","status":"publish","type":"post","link":"https:\/\/sudurras.fo\/?p=25623","title":{"rendered":"Borurin skal setast \u00ed \u00ed 2024"},"content":{"rendered":"\n<figure class=\"wp-block-image size-full is-resized\"><img loading=\"lazy\" decoding=\"async\" src=\"https:\/\/sudurras.fo\/wp-content\/uploads\/2023\/03\/FB_IMG_1679690821225.jpg\" alt=\"\" class=\"wp-image-25624\" width=\"509\" height=\"509\" srcset=\"https:\/\/sudurras.fo\/wp-content\/uploads\/2023\/03\/FB_IMG_1679690821225.jpg 750w, https:\/\/sudurras.fo\/wp-content\/uploads\/2023\/03\/FB_IMG_1679690821225-300x300.jpg 300w, https:\/\/sudurras.fo\/wp-content\/uploads\/2023\/03\/FB_IMG_1679690821225-150x150.jpg 150w\" sizes=\"auto, (max-width: 509px) 100vw, 509px\" \/><\/figure>\n\n\n\n<p><\/p>\n\n\n\n<p>Ta\u00f0 eru f\u00e1, sum vita, hvat vi\u00f0urferst vi\u00f0 atliti til Su\u00f0uroyartunnilin. Umr\u00f8ddi tunnilin, sum er so kostna\u00f0armikil at byggja &#8211; men enn d\u00fdrari at lata fara framvi\u00f0 bor\u00f0inum &#8211; elvir mongum h\u00f8vu\u00f0br\u00fdggj.<\/p>\n\n\n\n<p>Fleiri b\u00faskaparfr\u00f8\u00f0ingar halda, at tunnilsverk\u00e6tlanin er skilag\u00f3\u00f0 \u00edl\u00f8ga. Ta\u00f0 veldst bert um, hvussu framskygd vit vilja ver\u00f0a.<\/p>\n\n\n\n<p>B\u00faskaparfr\u00f8\u00f0ingurin, Magni Laksafoss, hev\u00f0i framl\u00f8gu um b\u00faskaparliga haldf\u00f8ri landsins \u00ed L\u00f8ksh\u00f8ll mikudagin hin 1. februar 2023.<\/p>\n\n\n\n<p>Framl\u00f8guma\u00f0urin og b\u00faskaparfr\u00f8\u00f0ingurin, Magni Laksafoss, metti, at ta\u00f0 er skilagott at seta skj\u00f8tul \u00e1 Su\u00f0uroyartunnilin.<\/p>\n\n\n\n<p>Hetta er \u00ed tr\u00e1\u00f0 vi\u00f0 b\u00faskaparligu haldf\u00f8riskanningina, sum \u201cDanmarks Nationalbank\u201d hev\u00f0i frammi herfyri, har m\u00e6lt var til at leggja \u00edl\u00f8gur \u00ed vegakervi\u00f0.<\/p>\n\n\n\n<p>Sama haldf\u00f8riskanning v\u00edsti, at vit h\u00f8vdu sera l\u00e1ga landskassaskuld (33 pct. av BT\u00da).<\/p>\n\n\n\n<p>S\u00ed framl\u00f8guna um Su\u00f0uroyartunnilin ni\u00f0anfyri:<br><a href=\"https:\/\/www.facebook.com\/100000098281101\/videos\/1885363201825350\/\">https:\/\/www.facebook.com\/100000098281101\/videos\/1885363201825350\/<\/a><\/p>\n\n\n\n<p><br>Vit byggja land!<\/p>\n\n\n\n<p>(Heimildin og keldan til sj\u00f3nbandi\u0111: <a href=\"https:\/\/runavik.fo\/news\/3017\/stroyming-samgonguskjalid-and-samfelagid-radstevnufundur-i-loksholl?fbclid=IwAR1Ai0mOsI2Q_pHK7qF1D-y0xcjWhIQbbS8CfEzl1kaZ8AbPPE_vitaZsvI\"><\/a><a href=\"https:\/\/runavik.fo\/...\/stroyming-samgonguskjalid-and\">https:\/\/runavik.fo\/&#8230;\/stroyming-samgonguskjalid-and<\/a>&#8230;<\/p>\n\n\n\n<p><br>Vi\u00f0 kv\u00f8\u00f0um<br>Sn\u00e6bj\u00f8rn B\u00e6rendsen<\/p>\n","protected":false},"excerpt":{"rendered":"<p>Ta\u00f0 eru f\u00e1, sum vita, hvat vi\u00f0urferst vi\u00f0 atliti til Su\u00f0uroyartunnilin. Umr\u00f8ddi tunnilin, sum er so kostna\u00f0armikil at byggja &#8211; men enn d\u00fdrari at lata fara framvi\u00f0 bor\u00f0inum &#8211; elvir mongum h\u00f8vu\u00f0br\u00fdggj. Fleiri b\u00faskaparfr\u00f8\u00f0ingar halda, at tunnilsverk\u00e6tlanin er skilag\u00f3\u00f0 \u00edl\u00f8ga. Ta\u00f0 veldst bert um, hvussu framskygd vit vilja ver\u00f0a. B\u00faskaparfr\u00f8\u00f0ingurin, Magni Laksafoss, hev\u00f0i framl\u00f8gu um [&hellip;]<\/p>\n","protected":false},"author":23,"featured_media":25624,"comment_status":"closed","ping_status":"closed","sticky":false,"template":"","format":"standard","meta":{"ngg_post_thumbnail":0,"footnotes":""},"categories":[3],"tags":[],"class_list":["post-25623","post","type-post","status-publish","format-standard","has-post-thumbnail","hentry","category-lesarin-skrivar"],"publishpress_future_action":{"enabled":false,"date":"2026-05-06 20:48:12","action":"change-status","newStatus":"draft","terms":[],"taxonomy":"category","extraData":[]},"publishpress_future_workflow_manual_trigger":{"enabledWorkflows":[]},"_links":{"self":[{"href":"https:\/\/sudurras.fo\/index.php?rest_route=\/wp\/v2\/posts\/25623","targetHints":{"allow":["GET"]}}],"collection":[{"href":"https:\/\/sudurras.fo\/index.php?rest_route=\/wp\/v2\/posts"}],"about":[{"href":"https:\/\/sudurras.fo\/index.php?rest_route=\/wp\/v2\/types\/post"}],"author":[{"embeddable":true,"href":"https:\/\/sudurras.fo\/index.php?rest_route=\/wp\/v2\/users\/23"}],"replies":[{"embeddable":true,"href":"https:\/\/sudurras.fo\/index.php?rest_route=%2Fwp%2Fv2%2Fcomments&post=25623"}],"version-history":[{"count":1,"href":"https:\/\/sudurras.fo\/index.php?rest_route=\/wp\/v2\/posts\/25623\/revisions"}],"predecessor-version":[{"id":25625,"href":"https:\/\/sudurras.fo\/index.php?rest_route=\/wp\/v2\/posts\/25623\/revisions\/25625"}],"wp:featuredmedia":[{"embeddable":true,"href":"https:\/\/sudurras.fo\/index.php?rest_route=\/wp\/v2\/media\/25624"}],"wp:attachment":[{"href":"https:\/\/sudurras.fo\/index.php?rest_route=%2Fwp%2Fv2%2Fmedia&parent=25623"}],"wp:term":[{"taxonomy":"category","embeddable":true,"href":"https:\/\/sudurras.fo\/index.php?rest_route=%2Fwp%2Fv2%2Fcategories&post=25623"},{"taxonomy":"post_tag","embeddable":true,"href":"https:\/\/sudurras.fo\/index.php?rest_route=%2Fwp%2Fv2%2Ftags&post=25623"}],"curies":[{"name":"wp","href":"https:\/\/api.w.org\/{rel}","templated":true}]}}