{"id":26096,"date":"2023-05-18T15:30:09","date_gmt":"2023-05-18T14:30:09","guid":{"rendered":"https:\/\/sudurras.fo\/?p=26096"},"modified":"2023-05-18T15:30:09","modified_gmt":"2023-05-18T14:30:09","slug":"fagnadar-lota-a-tvoroyri-i-dag","status":"publish","type":"post","link":"https:\/\/sudurras.fo\/?p=26096","title":{"rendered":"Fagna\u00f0ar l\u00f8ta \u00e1 Tv\u00f8royri \u00ed dag."},"content":{"rendered":"\n<p>Sermerkta og vakra timburkirkjan \u00e1 Tv\u00f8royri kann \u00ed dag, Kristi himmalfer\u00f0ardag h\u00e1t\u00ed\u00f0arhalda, at ta\u00f0 eru eru li\u00f0in 115 \u00e1r, s\u00ed\u00f0an Kirkjan bleiv v\u00edgd \u00ed 1908.<br><\/p>\n\n\n\n<figure class=\"wp-block-image size-large\"><img loading=\"lazy\" decoding=\"async\" width=\"1024\" height=\"768\" src=\"https:\/\/sudurras.fo\/wp-content\/uploads\/2023\/05\/Kirkjan-18.-mai.-2023-1024x768.png\" alt=\"\" class=\"wp-image-26097\" srcset=\"https:\/\/sudurras.fo\/wp-content\/uploads\/2023\/05\/Kirkjan-18.-mai.-2023-1024x768.png 1024w, https:\/\/sudurras.fo\/wp-content\/uploads\/2023\/05\/Kirkjan-18.-mai.-2023-300x225.png 300w, https:\/\/sudurras.fo\/wp-content\/uploads\/2023\/05\/Kirkjan-18.-mai.-2023-768x576.png 768w, https:\/\/sudurras.fo\/wp-content\/uploads\/2023\/05\/Kirkjan-18.-mai.-2023.png 1200w\" sizes=\"auto, (max-width: 1024px) 100vw, 1024px\" \/><\/figure>\n\n\n\n<p>N\u00f3gv bleiv gj\u00f8rt burtur \u00far degnum, har fleiri enn 400 f\u00f3lk hev\u00f0i leita s\u00e6r til Gudst\u00e6nastu \u00ed Tv\u00f8royrar Kirkju at h\u00e1t\u00ed\u00f0arhalda dagin, i\u00f0 bleiv fagna\u00f0ur vi\u00f0 v\u00f8krum sangi av sangk\u00f3rinum Lj\u00f3mi og v\u00f8krum t\u00f3num fr\u00e1 Tv\u00f8royrar Hornorkestri.<\/p>\n\n\n\n<p>Men <a><\/a>dagurin var ikki bara ein h\u00e1t\u00ed\u00f0ardagur at fei\u00f0ra Kirkjuna, t\u00ed samstundis var dagurin merktir av, at J\u00f3nsvein Bech, prestur hevur fr\u00e1bo\u00f0a, at hann gevst sum s\u00f3knarprestur \u00ed Su\u00f0uroyar Nor\u00f0araprestagjaldi fyri aldur. Og l\u00f8tan \u00ed kirkjuni bleiv serliga sermerkt og r\u00f8randi, t\u00e1 J\u00f3nsvein Bech, takka\u00f0i fyri seg, eftir at hava t\u00e6nt \u00ed 41 \u00e1r sum prestur, harav n\u00f3gv tann st\u00f8rsti parturin \u00ed Tv\u00f8royrar Kirkju.<\/p>\n\n\n\n<p>Tv\u00f8royrar Kommuna ynskir at takka J\u00f3nsvein Bech fyri tr\u00fagva og Guds gevandi t\u00e6nastu \u00ed Tv\u00f8royrar Kirkju og \u00e1 Tv\u00f8royri sum heild, til frama fyri borgarar og vitjandi \u00ed S\u00f3knini.<\/p>\n\n\n\n<p>Tv\u00f8royrar Kommuna sendir bestu ynskir og Guds signing til J\u00f3nsvein Bech, prest og hansara familju.<\/p>\n\n\n\n<p><em>Tv\u00f8royrar Kommuna, \u00e1 Kristi himmalfer\u00f0ardegi <\/em><\/p>\n","protected":false},"excerpt":{"rendered":"<p>Sermerkta og vakra timburkirkjan \u00e1 Tv\u00f8royri kann \u00ed dag, Kristi himmalfer\u00f0ardag h\u00e1t\u00ed\u00f0arhalda, at ta\u00f0 eru eru li\u00f0in 115 \u00e1r, s\u00ed\u00f0an Kirkjan bleiv v\u00edgd \u00ed 1908. N\u00f3gv bleiv gj\u00f8rt burtur \u00far degnum, har fleiri enn 400 f\u00f3lk hev\u00f0i leita s\u00e6r til Gudst\u00e6nastu \u00ed Tv\u00f8royrar Kirkju at h\u00e1t\u00ed\u00f0arhalda dagin, i\u00f0 bleiv fagna\u00f0ur vi\u00f0 v\u00f8krum sangi av sangk\u00f3rinum [&hellip;]<\/p>\n","protected":false},"author":19,"featured_media":26097,"comment_status":"closed","ping_status":"closed","sticky":false,"template":"","format":"standard","meta":{"ngg_post_thumbnail":0,"footnotes":""},"categories":[42,1],"tags":[],"class_list":["post-26096","post","type-post","status-publish","format-standard","has-post-thumbnail","hentry","category-folksoga","category-tidindi"],"publishpress_future_action":{"enabled":false,"date":"2026-05-06 19:03:05","action":"change-status","newStatus":"draft","terms":[],"taxonomy":"category","extraData":[]},"publishpress_future_workflow_manual_trigger":{"enabledWorkflows":[]},"_links":{"self":[{"href":"https:\/\/sudurras.fo\/index.php?rest_route=\/wp\/v2\/posts\/26096","targetHints":{"allow":["GET"]}}],"collection":[{"href":"https:\/\/sudurras.fo\/index.php?rest_route=\/wp\/v2\/posts"}],"about":[{"href":"https:\/\/sudurras.fo\/index.php?rest_route=\/wp\/v2\/types\/post"}],"author":[{"embeddable":true,"href":"https:\/\/sudurras.fo\/index.php?rest_route=\/wp\/v2\/users\/19"}],"replies":[{"embeddable":true,"href":"https:\/\/sudurras.fo\/index.php?rest_route=%2Fwp%2Fv2%2Fcomments&post=26096"}],"version-history":[{"count":1,"href":"https:\/\/sudurras.fo\/index.php?rest_route=\/wp\/v2\/posts\/26096\/revisions"}],"predecessor-version":[{"id":26098,"href":"https:\/\/sudurras.fo\/index.php?rest_route=\/wp\/v2\/posts\/26096\/revisions\/26098"}],"wp:featuredmedia":[{"embeddable":true,"href":"https:\/\/sudurras.fo\/index.php?rest_route=\/wp\/v2\/media\/26097"}],"wp:attachment":[{"href":"https:\/\/sudurras.fo\/index.php?rest_route=%2Fwp%2Fv2%2Fmedia&parent=26096"}],"wp:term":[{"taxonomy":"category","embeddable":true,"href":"https:\/\/sudurras.fo\/index.php?rest_route=%2Fwp%2Fv2%2Fcategories&post=26096"},{"taxonomy":"post_tag","embeddable":true,"href":"https:\/\/sudurras.fo\/index.php?rest_route=%2Fwp%2Fv2%2Ftags&post=26096"}],"curies":[{"name":"wp","href":"https:\/\/api.w.org\/{rel}","templated":true}]}}