{"id":26138,"date":"2023-05-22T17:45:55","date_gmt":"2023-05-22T16:45:55","guid":{"rendered":"https:\/\/sudurras.fo\/?p=26138"},"modified":"2023-05-23T05:51:21","modified_gmt":"2023-05-23T04:51:21","slug":"nyggjur-formansskapur-i-javnadarflokkinum","status":"publish","type":"post","link":"https:\/\/sudurras.fo\/?p=26138","title":{"rendered":"N\u00fdggjur formansskapur \u00ed Javna\u00f0arflokkinum\u00a0"},"content":{"rendered":"\n<p><strong>Leygardagin var\u00f0 n\u00fdggjur formansskapur skipa\u00f0ur \u00ed Javna\u00f0arflokkinum. J\u00f3na \u00d3lavsd\u00f3ttir leg\u00f0i fr\u00e1 s\u00e6r sum 2. n\u00e6stforf\u00f3lk, og Jens Arni Leo Hammerfoss t\u00f3k vi\u00f0<\/strong>.<\/p>\n\n\n\n<figure class=\"wp-block-image size-large\"><img loading=\"lazy\" decoding=\"async\" width=\"1024\" height=\"683\" src=\"https:\/\/sudurras.fo\/wp-content\/uploads\/2023\/05\/Javnadarflokkurin-1024x683.png\" alt=\"\" class=\"wp-image-26139\" srcset=\"https:\/\/sudurras.fo\/wp-content\/uploads\/2023\/05\/Javnadarflokkurin-1024x683.png 1024w, https:\/\/sudurras.fo\/wp-content\/uploads\/2023\/05\/Javnadarflokkurin-300x200.png 300w, https:\/\/sudurras.fo\/wp-content\/uploads\/2023\/05\/Javnadarflokkurin-768x512.png 768w, https:\/\/sudurras.fo\/wp-content\/uploads\/2023\/05\/Javnadarflokkurin-1536x1024.png 1536w, https:\/\/sudurras.fo\/wp-content\/uploads\/2023\/05\/Javnadarflokkurin.png 1920w\" sizes=\"auto, (max-width: 1024px) 100vw, 1024px\" \/><\/figure>\n\n\n\n<p><\/p>\n\n\n\n<p>\u00c1 landsfundi Javna\u00f0arfloksins, sum var hildin um vikuskifti\u00f0, var\u00f0 \u00fatskifting gj\u00f8rd \u00ed formansskapinum. J\u00f3na \u00d3lavsd\u00f3ttir leg\u00f0i fr\u00e1 s\u00e6r sum 2. n\u00e6stforkvinna, og Jens Arni Leo Hammerfoss t\u00f3k vi\u00f0 sum 2. n\u00e6stforma\u00f0ur.&nbsp;<\/p>\n\n\n\n<p>\u00cd formansskapinum sita forma\u00f0urin, tingb\u00f3lkaforma\u00f0urin, sum er f\u00f8ddur n\u00e6stforma\u00f0ur, umframt annar n\u00e6stforma\u00f0ur, sum ikki er f\u00f3lkavaldur. Formansskapurin er t\u00ed \u00ed dag Aksel V. Johannesen, forma\u00f0ur, Ey\u00f0gunn Samuelsen, n\u00e6stforkvinna og Jens Arni Leo Hammerfoss, annar n\u00e6stforma\u00f0ur. &nbsp;<\/p>\n\n\n\n<p>Jens Arni starvast sum l\u00e6rari \u00ed s\u00f8gu, heimspeki og fornaldarfr\u00f8\u00f0i \u00e1 Glasi og b\u00fdr \u00ed Fro\u00f0ba vi\u00f0 unnustuni S\u00f3lfr\u00ed\u00f0 og teirra trimum b\u00f8rnum. Jens Arni hevur veri\u00f0 forma\u00f0ur \u00ed Su\u00f0uroyar Nor\u00f0ara Javna\u00f0arfelag s\u00ed\u00f0an 2013 og hevur eisini stilla\u00f0 upp fyri flokkin.&nbsp;<\/p>\n","protected":false},"excerpt":{"rendered":"<p>Leygardagin var\u00f0 n\u00fdggjur formansskapur skipa\u00f0ur \u00ed Javna\u00f0arflokkinum. J\u00f3na \u00d3lavsd\u00f3ttir leg\u00f0i fr\u00e1 s\u00e6r sum 2. n\u00e6stforf\u00f3lk, og Jens Arni Leo Hammerfoss t\u00f3k vi\u00f0. \u00c1 landsfundi Javna\u00f0arfloksins, sum var hildin um vikuskifti\u00f0, var\u00f0 \u00fatskifting gj\u00f8rd \u00ed formansskapinum. J\u00f3na \u00d3lavsd\u00f3ttir leg\u00f0i fr\u00e1 s\u00e6r sum 2. n\u00e6stforkvinna, og Jens Arni Leo Hammerfoss t\u00f3k vi\u00f0 sum 2. n\u00e6stforma\u00f0ur.&nbsp; \u00cd formansskapinum [&hellip;]<\/p>\n","protected":false},"author":24,"featured_media":26139,"comment_status":"closed","ping_status":"closed","sticky":false,"template":"","format":"standard","meta":{"ngg_post_thumbnail":0,"footnotes":""},"categories":[40],"tags":[],"class_list":["post-26138","post","type-post","status-publish","format-standard","has-post-thumbnail","hentry","category-politikkur"],"publishpress_future_action":{"enabled":false,"date":"2026-05-07 03:19:45","action":"change-status","newStatus":"draft","terms":[],"taxonomy":"category","extraData":[]},"publishpress_future_workflow_manual_trigger":{"enabledWorkflows":[]},"_links":{"self":[{"href":"https:\/\/sudurras.fo\/index.php?rest_route=\/wp\/v2\/posts\/26138","targetHints":{"allow":["GET"]}}],"collection":[{"href":"https:\/\/sudurras.fo\/index.php?rest_route=\/wp\/v2\/posts"}],"about":[{"href":"https:\/\/sudurras.fo\/index.php?rest_route=\/wp\/v2\/types\/post"}],"author":[{"embeddable":true,"href":"https:\/\/sudurras.fo\/index.php?rest_route=\/wp\/v2\/users\/24"}],"replies":[{"embeddable":true,"href":"https:\/\/sudurras.fo\/index.php?rest_route=%2Fwp%2Fv2%2Fcomments&post=26138"}],"version-history":[{"count":1,"href":"https:\/\/sudurras.fo\/index.php?rest_route=\/wp\/v2\/posts\/26138\/revisions"}],"predecessor-version":[{"id":26140,"href":"https:\/\/sudurras.fo\/index.php?rest_route=\/wp\/v2\/posts\/26138\/revisions\/26140"}],"wp:featuredmedia":[{"embeddable":true,"href":"https:\/\/sudurras.fo\/index.php?rest_route=\/wp\/v2\/media\/26139"}],"wp:attachment":[{"href":"https:\/\/sudurras.fo\/index.php?rest_route=%2Fwp%2Fv2%2Fmedia&parent=26138"}],"wp:term":[{"taxonomy":"category","embeddable":true,"href":"https:\/\/sudurras.fo\/index.php?rest_route=%2Fwp%2Fv2%2Fcategories&post=26138"},{"taxonomy":"post_tag","embeddable":true,"href":"https:\/\/sudurras.fo\/index.php?rest_route=%2Fwp%2Fv2%2Ftags&post=26138"}],"curies":[{"name":"wp","href":"https:\/\/api.w.org\/{rel}","templated":true}]}}