{"id":26511,"date":"2023-07-07T11:33:46","date_gmt":"2023-07-07T10:33:46","guid":{"rendered":"https:\/\/sudurras.fo\/?p=26511"},"modified":"2023-07-07T11:35:56","modified_gmt":"2023-07-07T10:35:56","slug":"namsfrodingar-ella-hjalparfolk-til-myrifipuna-i-trongisvagi","status":"publish","type":"post","link":"https:\/\/sudurras.fo\/?p=26511","title":{"rendered":"N\u00c1MSFR\u00d8\u00d0INGAR ELLA HJ\u00c1LPARF\u00d3LK TIL M\u00ddRIF\u00cdPUNA \u00cd TRONGISV\u00c1GI"},"content":{"rendered":"\n<p>Tv\u00f8royrar Kommuna s\u00f8kir eftir tveimum starvsf\u00f3lkum til fr\u00edt\u00ed\u00f0arsk\u00falan, og einum til barnagar\u00f0in M\u00fdrif\u00edpan at byrja 14. august.<\/p>\n\n\n\n<p>Talan er um starv \u00ed fr\u00edi\u00f0arsk\u00falanum, har starvst\u00ed\u00f0in er 25-30 t\u00edmar um vikuna, vi\u00f0 skiftandi arbei\u00f0st\u00ed\u00f0um millum kl. 11.00-17.00. Og \u00ed barnagar\u00f0inum er starvst\u00ed\u00f0in 30-40 t\u00edmar um vikuna, vi\u00f0 skiftandi arbei\u00f0st\u00ed\u00f0um millum kl. 7.15-17.00.<\/p>\n\n\n\n<figure class=\"wp-block-image\"><img loading=\"lazy\" decoding=\"async\" width=\"1024\" height=\"504\" src=\"https:\/\/sudurras.fo\/wp-content\/uploads\/2023\/05\/Myrifypan_loftmynd-2-2-1024x504.jpg\" alt=\"\" class=\"wp-image-26054\" srcset=\"https:\/\/sudurras.fo\/wp-content\/uploads\/2023\/05\/Myrifypan_loftmynd-2-2-1024x504.jpg 1024w, https:\/\/sudurras.fo\/wp-content\/uploads\/2023\/05\/Myrifypan_loftmynd-2-2-300x148.jpg 300w, https:\/\/sudurras.fo\/wp-content\/uploads\/2023\/05\/Myrifypan_loftmynd-2-2-768x378.jpg 768w, https:\/\/sudurras.fo\/wp-content\/uploads\/2023\/05\/Myrifypan_loftmynd-2-2-1536x757.jpg 1536w, https:\/\/sudurras.fo\/wp-content\/uploads\/2023\/05\/Myrifypan_loftmynd-2-2-2048x1009.jpg 2048w\" sizes=\"auto, (max-width: 1024px) 100vw, 1024px\" \/><\/figure>\n\n\n\n<p><strong>Stovnsl\u00fdsing:<\/strong><\/p>\n\n\n\n<p>M\u00fdrif\u00edpan liggur \u00ed eini n\u00e1tt\u00faruperlu \u00ed Trongisv\u00e1gi. Sk\u00fali, \u00edtr\u00f3ttarh\u00f8ll og f\u00f3tb\u00f3ltsv\u00f8llurin vi\u00f0 St\u00f3r\u00e1 eru beint vi\u00f0. Vit bj\u00f3\u00f0a eitt \u00e1hugavert og mennandi arbei\u00f0spl\u00e1ss, har ta\u00f0 er pl\u00e1ss fyri ymisleika, og n\u00e1msfr\u00f8\u00f0in st\u00f8\u00f0ugt er \u00ed menning. Dentur ver\u00f0ur lagdur \u00e1 at skapa ein tryggan, mennandi og innihaldsr\u00edkan gerandisdag, vi\u00f0 vir\u00f0ing og umsorgan fyri einstaka barninum og vi\u00f0 st\u00f8\u00f0i \u00ed barnsins \u00e1huga, undran og forvitni, Hesa uppg\u00e1vu lyfta vit \u00f8ll \u00ed felag. Vit arbei\u00f0a \u00fat fr\u00e1 eini n\u00e1ms\u00e6tlan, einum vir\u00f0isgrundarlagi\u00f0 og mannagongdum, i\u00f0 eru partar av stovninum.<\/p>\n\n\n\n<p><strong>Vit vanta at t\u00fa:&nbsp;<\/strong><\/p>\n\n\n\n<ul class=\"wp-block-list\">\n<li>leggur dent \u00e1 vir\u00f0isor\u00f0ini tryggleiki, samstarv og fakligur f\u00f8rleiki, sum stovnurin hevur valt skulu hava st\u00f8rsta t\u00fddning \u00ed arbei\u00f0inum vi\u00f0 b\u00f8rnum.<\/li>\n\n\n\n<li>br\u00fakar t\u00edna n\u00e1msfr\u00f8\u00f0iligu vitan \u00ed dagliga arbei\u00f0inum.kanst geva b\u00f8rnunum ein tryggan, mennandi og innihaldsr\u00edkan gerandisdag.<\/li>\n\n\n\n<li>hevur hug og \u00e1r\u00e6\u00f0i at skapa og seta d\u00e1m \u00e1 virksemi\u00f0 \u00e1 stovninum.<\/li>\n\n\n\n<li>dugir at s\u00edggja t\u00f8rvin hj\u00e1 t\u00ed einstaka barninum.<\/li>\n\n\n\n<li>kanst arbei\u00f0a sj\u00e1lvst\u00f8\u00f0ugt og tekur \u00e1byrgd.<\/li>\n\n\n\n<li>hevur g\u00f3\u00f0 samstarvsevnir vi\u00f0 foreldur, starvsf\u00f3lk og a\u00f0rar fakb\u00f3lkar.<\/li>\n\n\n\n<li>v\u00edsir vir\u00f0ing fyri b\u00f8rnum, foreldrum og starvsfel\u00f8gum og vir\u00f0ir teirra ymisleika.<\/li>\n\n\n\n<li>s\u00e6r avbj\u00f3\u00f0ingar fram um for\u00f0ingar og er huga\u00f0ur fyri broytingum.<\/li>\n\n\n\n<li>hevur visi\u00f3nir fyri n\u00e1msfr\u00f8\u00f0iliga arbei\u00f0inum og hevur hug og \u00e1r\u00e6\u00f0i at skapa og seta d\u00e1m \u00e1 virksemi\u00f0 \u00e1 stovninum.<\/li>\n<\/ul>\n\n\n\n<p><strong>Setanarvi\u00f0urskifti:&nbsp;<\/strong><\/p>\n\n\n\n<ul class=\"wp-block-list\">\n<li>L\u00f8nin er smb. s\u00e1ttm\u00e1la millum F\u00f8roya Pedagogfelag og Kommunala Arbei\u00f0sgevarafelagi\u00f0.<\/li>\n\n\n\n<li>Starvi\u00f0 inniber, at t\u00fa eftir t\u00f8rvi kann hj\u00e1lpa \u00e1 \u00f8\u00f0rum stovnum og m\u00e1 tola broytingar<\/li>\n<\/ul>\n\n\n\n<p><strong>Meira f\u00e6st at vita:&nbsp;<\/strong><\/p>\n\n\n\n<p>Meiri f\u00e6st at vita um st\u00f8rvini, vi\u00f0 at venda s\u00e6r til lei\u00f0aran, Kari Petersen, \u00e1 tlf. &nbsp;218737 ella Barbaru Tausen varalei\u00f0ara \u00e1 tlf. 781162.<\/p>\n\n\n\n<p><strong>Ums\u00f3kn:&nbsp;<\/strong><\/p>\n\n\n\n<p>Ums\u00f3knir, saman vi\u00f0 pr\u00f3gvi, barnav\u00e1ttan og m\u00f8guligum vi\u00f0m\u00e6lum, skulu sendast vi\u00f0 telduposti til&nbsp;<strong><a href=\"mailto:kari@tvoroyri.fo\">kari@tvoroyri.fo<\/a><\/strong>&nbsp;og skulu vera okkum \u00ed hendi, \u00ed seinasta lagi t\u00fdsdagin 1. august 2023 kl.12.00.<\/p>\n\n\n\n<p><em>Samb\u00e6rt \u00a72 \u00ed barnav\u00e1ttanarl\u00f3gini hevur Tv\u00f8royrar Kommuna skyldu til at f\u00e1a barnav\u00e1ttan til vega, \u00e1\u00f0renn ums\u00f8kjari ver\u00f0ur settur \u00ed starv<\/em><\/p>\n\n\n\n<p>Um n\u00e1msfr\u00f8\u00f0ingar ikki s\u00f8kja starv, ver\u00f0ur hj\u00e1lparf\u00f3lk sett \u00ed t\u00ed\u00f0aravmarka\u00f0 starv.<\/p>\n\n\n\n<figure class=\"wp-block-image size-large\"><img loading=\"lazy\" decoding=\"async\" width=\"1024\" height=\"131\" src=\"https:\/\/sudurras.fo\/wp-content\/uploads\/2023\/05\/image-1024x131.jpeg\" alt=\"\" class=\"wp-image-26065\" srcset=\"https:\/\/sudurras.fo\/wp-content\/uploads\/2023\/05\/image-1024x131.jpeg 1024w, https:\/\/sudurras.fo\/wp-content\/uploads\/2023\/05\/image-300x38.jpeg 300w, https:\/\/sudurras.fo\/wp-content\/uploads\/2023\/05\/image-768x98.jpeg 768w, https:\/\/sudurras.fo\/wp-content\/uploads\/2023\/05\/image.jpeg 1192w\" sizes=\"auto, (max-width: 1024px) 100vw, 1024px\" \/><\/figure>\n","protected":false},"excerpt":{"rendered":"<p>Tv\u00f8royrar Kommuna s\u00f8kir eftir tveimum starvsf\u00f3lkum til fr\u00edt\u00ed\u00f0arsk\u00falan, og einum til barnagar\u00f0in M\u00fdrif\u00edpan at byrja 14. august. Talan er um starv \u00ed fr\u00edi\u00f0arsk\u00falanum, har starvst\u00ed\u00f0in er 25-30 t\u00edmar um vikuna, vi\u00f0 skiftandi arbei\u00f0st\u00ed\u00f0um millum kl. 11.00-17.00. Og \u00ed barnagar\u00f0inum er starvst\u00ed\u00f0in 30-40 t\u00edmar um vikuna, vi\u00f0 skiftandi arbei\u00f0st\u00ed\u00f0um millum kl. 7.15-17.00. Stovnsl\u00fdsing: M\u00fdrif\u00edpan liggur \u00ed [&hellip;]<\/p>\n","protected":false},"author":19,"featured_media":26054,"comment_status":"closed","ping_status":"closed","sticky":false,"template":"","format":"standard","meta":{"ngg_post_thumbnail":0,"footnotes":""},"categories":[6,5],"tags":[],"class_list":["post-26511","post","type-post","status-publish","format-standard","has-post-thumbnail","hentry","category-stoerv","category-tekstlysingar"],"publishpress_future_action":{"enabled":false,"date":"2026-05-07 18:22:40","action":"change-status","newStatus":"draft","terms":[],"taxonomy":"category","extraData":[]},"publishpress_future_workflow_manual_trigger":{"enabledWorkflows":[]},"_links":{"self":[{"href":"https:\/\/sudurras.fo\/index.php?rest_route=\/wp\/v2\/posts\/26511","targetHints":{"allow":["GET"]}}],"collection":[{"href":"https:\/\/sudurras.fo\/index.php?rest_route=\/wp\/v2\/posts"}],"about":[{"href":"https:\/\/sudurras.fo\/index.php?rest_route=\/wp\/v2\/types\/post"}],"author":[{"embeddable":true,"href":"https:\/\/sudurras.fo\/index.php?rest_route=\/wp\/v2\/users\/19"}],"replies":[{"embeddable":true,"href":"https:\/\/sudurras.fo\/index.php?rest_route=%2Fwp%2Fv2%2Fcomments&post=26511"}],"version-history":[{"count":4,"href":"https:\/\/sudurras.fo\/index.php?rest_route=\/wp\/v2\/posts\/26511\/revisions"}],"predecessor-version":[{"id":26515,"href":"https:\/\/sudurras.fo\/index.php?rest_route=\/wp\/v2\/posts\/26511\/revisions\/26515"}],"wp:featuredmedia":[{"embeddable":true,"href":"https:\/\/sudurras.fo\/index.php?rest_route=\/wp\/v2\/media\/26054"}],"wp:attachment":[{"href":"https:\/\/sudurras.fo\/index.php?rest_route=%2Fwp%2Fv2%2Fmedia&parent=26511"}],"wp:term":[{"taxonomy":"category","embeddable":true,"href":"https:\/\/sudurras.fo\/index.php?rest_route=%2Fwp%2Fv2%2Fcategories&post=26511"},{"taxonomy":"post_tag","embeddable":true,"href":"https:\/\/sudurras.fo\/index.php?rest_route=%2Fwp%2Fv2%2Ftags&post=26511"}],"curies":[{"name":"wp","href":"https:\/\/api.w.org\/{rel}","templated":true}]}}