{"id":26726,"date":"2023-08-05T10:18:14","date_gmt":"2023-08-05T09:18:14","guid":{"rendered":"https:\/\/sudurras.fo\/?p=26726"},"modified":"2023-08-05T10:18:14","modified_gmt":"2023-08-05T09:18:14","slug":"barnaundirhaldid-a-ljosfest","status":"publish","type":"post","link":"https:\/\/sudurras.fo\/?p=26726","title":{"rendered":"Barnaundirhaldi\u00f0 \u00e1 Lj\u00f3sfest"},"content":{"rendered":"\n<figure class=\"wp-block-image size-large\"><img loading=\"lazy\" decoding=\"async\" width=\"1024\" height=\"748\" src=\"https:\/\/sudurras.fo\/wp-content\/uploads\/2023\/08\/bubu-1024x748.jpg\" alt=\"\" class=\"wp-image-26727\" srcset=\"https:\/\/sudurras.fo\/wp-content\/uploads\/2023\/08\/bubu-1024x748.jpg 1024w, https:\/\/sudurras.fo\/wp-content\/uploads\/2023\/08\/bubu-300x219.jpg 300w, https:\/\/sudurras.fo\/wp-content\/uploads\/2023\/08\/bubu-768x561.jpg 768w, https:\/\/sudurras.fo\/wp-content\/uploads\/2023\/08\/bubu.jpg 1152w\" sizes=\"auto, (max-width: 1024px) 100vw, 1024px\" \/><\/figure>\n\n\n\n<p>T\u00e1 Lj\u00f3sfest ver\u00f0ur \u00ed V\u00e1gi 12. august, ver\u00f0a ta\u00f0 ikki bert ung og tilkomin, i\u00f0 sleppa at hugna s\u00e6r.<\/p>\n\n\n\n<p>B\u00f8rnini f\u00e1a eisini s\u00edtt.<\/p>\n\n\n\n<p>Klovnurin Bubu hevur \u00e1\u00f0ur veri\u00f0 \u00e1 Lj\u00f3sfest, og hevur hann hugtiki\u00f0 b\u00f8rnini, og kanska vaksin vi\u00f0. Vi\u00f0 orkumiklari framf\u00f8rslu dugir Bubu at f\u00e1a b\u00f8rnini vi\u00f0, og hann hevur av sonnum samband vi\u00f0 fj\u00f8ldina. Umframt skemt og gykl, so hevur hann j\u00fa eisini fleiri sangir, i\u00f0 b\u00f8rnini hava tiki\u00f0 til s\u00edn.<\/p>\n\n\n\n<p>Umframt Bubu, so hava b\u00f8rnini eisini m\u00f8guleika at hitta Odda \u00e1 Lj\u00f3sfestini 2023, og har plaga kanska serliga sm\u00e1u b\u00f8rnini at heilsa upp\u00e1 Odda og taka mynd saman vi\u00f0 honum.<\/p>\n\n\n\n<p>G\u00f3\u00f0ur t\u00f3nleikur ver\u00f0ur eisini. Danny og Ingi fara \u00e1 pall og fara teir at syngja teirra v\u00e6l kendu sangir. Barnatiltaki\u00f0 er \u00e1 st\u00f3ra pallinum fr\u00e1 klokkan 15.00 til 17.00 og er \u00ed samstarvi vi\u00f0 Su\u00f0uroyar Sparikassa, sum \u00ed \u00e1r hevur veri\u00f0 80 \u00e1r \u00ed V\u00e1gi.<\/p>\n","protected":false},"excerpt":{"rendered":"<p>T\u00e1 Lj\u00f3sfest ver\u00f0ur \u00ed V\u00e1gi 12. august, ver\u00f0a ta\u00f0 ikki bert ung og tilkomin, i\u00f0 sleppa at hugna s\u00e6r. B\u00f8rnini f\u00e1a eisini s\u00edtt. Klovnurin Bubu hevur \u00e1\u00f0ur veri\u00f0 \u00e1 Lj\u00f3sfest, og hevur hann hugtiki\u00f0 b\u00f8rnini, og kanska vaksin vi\u00f0. Vi\u00f0 orkumiklari framf\u00f8rslu dugir Bubu at f\u00e1a b\u00f8rnini vi\u00f0, og hann hevur av sonnum samband vi\u00f0 [&hellip;]<\/p>\n","protected":false},"author":24,"featured_media":26727,"comment_status":"closed","ping_status":"closed","sticky":false,"template":"","format":"standard","meta":{"ngg_post_thumbnail":0,"footnotes":""},"categories":[1],"tags":[],"class_list":["post-26726","post","type-post","status-publish","format-standard","has-post-thumbnail","hentry","category-tidindi"],"publishpress_future_action":{"enabled":false,"date":"2026-05-06 15:18:42","action":"change-status","newStatus":"draft","terms":[],"taxonomy":"category","extraData":[]},"publishpress_future_workflow_manual_trigger":{"enabledWorkflows":[]},"_links":{"self":[{"href":"https:\/\/sudurras.fo\/index.php?rest_route=\/wp\/v2\/posts\/26726","targetHints":{"allow":["GET"]}}],"collection":[{"href":"https:\/\/sudurras.fo\/index.php?rest_route=\/wp\/v2\/posts"}],"about":[{"href":"https:\/\/sudurras.fo\/index.php?rest_route=\/wp\/v2\/types\/post"}],"author":[{"embeddable":true,"href":"https:\/\/sudurras.fo\/index.php?rest_route=\/wp\/v2\/users\/24"}],"replies":[{"embeddable":true,"href":"https:\/\/sudurras.fo\/index.php?rest_route=%2Fwp%2Fv2%2Fcomments&post=26726"}],"version-history":[{"count":1,"href":"https:\/\/sudurras.fo\/index.php?rest_route=\/wp\/v2\/posts\/26726\/revisions"}],"predecessor-version":[{"id":26728,"href":"https:\/\/sudurras.fo\/index.php?rest_route=\/wp\/v2\/posts\/26726\/revisions\/26728"}],"wp:featuredmedia":[{"embeddable":true,"href":"https:\/\/sudurras.fo\/index.php?rest_route=\/wp\/v2\/media\/26727"}],"wp:attachment":[{"href":"https:\/\/sudurras.fo\/index.php?rest_route=%2Fwp%2Fv2%2Fmedia&parent=26726"}],"wp:term":[{"taxonomy":"category","embeddable":true,"href":"https:\/\/sudurras.fo\/index.php?rest_route=%2Fwp%2Fv2%2Fcategories&post=26726"},{"taxonomy":"post_tag","embeddable":true,"href":"https:\/\/sudurras.fo\/index.php?rest_route=%2Fwp%2Fv2%2Ftags&post=26726"}],"curies":[{"name":"wp","href":"https:\/\/api.w.org\/{rel}","templated":true}]}}