{"id":26909,"date":"2023-08-29T17:38:22","date_gmt":"2023-08-29T16:38:22","guid":{"rendered":"https:\/\/sudurras.fo\/?p=26909"},"modified":"2023-08-29T17:38:23","modified_gmt":"2023-08-29T16:38:23","slug":"landsstyrismadurin-vitjadi-famjinstunnilin","status":"publish","type":"post","link":"https:\/\/sudurras.fo\/?p=26909","title":{"rendered":"Landsst\u00fdrisma\u00f0urin vitja\u00f0i F\u00e1mjinstunnilin"},"content":{"rendered":"\n<figure class=\"wp-block-image size-large\"><img loading=\"lazy\" decoding=\"async\" width=\"1024\" height=\"576\" src=\"https:\/\/sudurras.fo\/wp-content\/uploads\/2023\/08\/2023-Famjingtunnilin_6-1-1024x576.jpg\" alt=\"\" class=\"wp-image-26910\" srcset=\"https:\/\/sudurras.fo\/wp-content\/uploads\/2023\/08\/2023-Famjingtunnilin_6-1-1024x576.jpg 1024w, https:\/\/sudurras.fo\/wp-content\/uploads\/2023\/08\/2023-Famjingtunnilin_6-1-300x169.jpg 300w, https:\/\/sudurras.fo\/wp-content\/uploads\/2023\/08\/2023-Famjingtunnilin_6-1-768x432.jpg 768w, https:\/\/sudurras.fo\/wp-content\/uploads\/2023\/08\/2023-Famjingtunnilin_6-1-1536x864.jpg 1536w, https:\/\/sudurras.fo\/wp-content\/uploads\/2023\/08\/2023-Famjingtunnilin_6-1.jpg 2016w\" sizes=\"auto, (max-width: 1024px) 100vw, 1024px\" \/><\/figure>\n\n\n\n<p><\/p>\n\n\n\n<p>M\u00e1nadagin vitja\u00f0i landsst\u00fdrisma\u00f0urin \u00ed samfer\u00f0slum\u00e1lum, Dennis Holm, F\u00e1mjinstunnilin.<\/p>\n\n\n\n<p>Ingi Olsen, \u00f8kislei\u00f0ari hj\u00e1 Landsverki, kunna\u00f0i um verk\u00e6tlanina. Jar\u00f0fr\u00f8\u00f0iligu vi\u00f0urskiftini eru sera avbj\u00f3\u00f0andi, og greitt var\u00f0 fr\u00e1, hvussu hesar ver\u00f0a loystar so hv\u00f8rt, sum arbei\u00f0i\u00f0 gongur fram \u00e1 lei\u00f0.<br><br>Fyri f\u00e1mjiningar og onnur, sum vitja \u00ed v\u00f8kru bygdini vestantil \u00ed Su\u00f0uroynni, ver\u00f0ur F\u00e1mjinstunnilin eitt risa framstig. F\u00e1mjin er ein av bygdunum \u00ed landinum, sum vetrarh\u00e1lvuna javnan er avskorin orsaka\u00f0 av ve\u00f0ri, b\u00e6\u00f0i vindi og kava. F\u00e1mjinstunnilin fer at l\u00e6tta munandi um gerandisdagin \u00ed F\u00e1mjin, og ikki minst gera farlei\u00f0ina til og \u00far bygdini tryggari, sigur Dennis Holm, landsst\u00fdrisma\u00f0ur.<br><br>F\u00e1mjinstunnilin er um 1.200 m langur og gongst sum \u00e6tla\u00f0, ver\u00f0ur tunnilin skotin \u00edgj\u00f8gnum \u00ed november m\u00e1na\u00f0i. Samb\u00e6rt t\u00ed\u00f0ar\u00e6tlanini skal F\u00e1mjinstunnilin vera li\u00f0ugur seint komandi summar.<\/p>\n\n\n\n<figure class=\"wp-block-image size-large\"><img loading=\"lazy\" decoding=\"async\" width=\"1024\" height=\"768\" src=\"https:\/\/sudurras.fo\/wp-content\/uploads\/2023\/08\/2023-Famjinstunnilin_5-1024x768.jpg\" alt=\"\" class=\"wp-image-26911\" srcset=\"https:\/\/sudurras.fo\/wp-content\/uploads\/2023\/08\/2023-Famjinstunnilin_5-1024x768.jpg 1024w, https:\/\/sudurras.fo\/wp-content\/uploads\/2023\/08\/2023-Famjinstunnilin_5-300x225.jpg 300w, https:\/\/sudurras.fo\/wp-content\/uploads\/2023\/08\/2023-Famjinstunnilin_5-768x576.jpg 768w, https:\/\/sudurras.fo\/wp-content\/uploads\/2023\/08\/2023-Famjinstunnilin_5-1536x1152.jpg 1536w, https:\/\/sudurras.fo\/wp-content\/uploads\/2023\/08\/2023-Famjinstunnilin_5-2048x1536.jpg 2048w\" sizes=\"auto, (max-width: 1024px) 100vw, 1024px\" \/><\/figure>\n","protected":false},"excerpt":{"rendered":"<p>M\u00e1nadagin vitja\u00f0i landsst\u00fdrisma\u00f0urin \u00ed samfer\u00f0slum\u00e1lum, Dennis Holm, F\u00e1mjinstunnilin. Ingi Olsen, \u00f8kislei\u00f0ari hj\u00e1 Landsverki, kunna\u00f0i um verk\u00e6tlanina. Jar\u00f0fr\u00f8\u00f0iligu vi\u00f0urskiftini eru sera avbj\u00f3\u00f0andi, og greitt var\u00f0 fr\u00e1, hvussu hesar ver\u00f0a loystar so hv\u00f8rt, sum arbei\u00f0i\u00f0 gongur fram \u00e1 lei\u00f0. Fyri f\u00e1mjiningar og onnur, sum vitja \u00ed v\u00f8kru bygdini vestantil \u00ed Su\u00f0uroynni, ver\u00f0ur F\u00e1mjinstunnilin eitt risa framstig. F\u00e1mjin [&hellip;]<\/p>\n","protected":false},"author":23,"featured_media":26910,"comment_status":"closed","ping_status":"closed","sticky":false,"template":"","format":"standard","meta":{"ngg_post_thumbnail":0,"footnotes":""},"categories":[1],"tags":[],"class_list":["post-26909","post","type-post","status-publish","format-standard","has-post-thumbnail","hentry","category-tidindi"],"publishpress_future_action":{"enabled":false,"date":"2026-05-06 04:30:22","action":"change-status","newStatus":"draft","terms":[],"taxonomy":"category","extraData":[]},"publishpress_future_workflow_manual_trigger":{"enabledWorkflows":[]},"_links":{"self":[{"href":"https:\/\/sudurras.fo\/index.php?rest_route=\/wp\/v2\/posts\/26909","targetHints":{"allow":["GET"]}}],"collection":[{"href":"https:\/\/sudurras.fo\/index.php?rest_route=\/wp\/v2\/posts"}],"about":[{"href":"https:\/\/sudurras.fo\/index.php?rest_route=\/wp\/v2\/types\/post"}],"author":[{"embeddable":true,"href":"https:\/\/sudurras.fo\/index.php?rest_route=\/wp\/v2\/users\/23"}],"replies":[{"embeddable":true,"href":"https:\/\/sudurras.fo\/index.php?rest_route=%2Fwp%2Fv2%2Fcomments&post=26909"}],"version-history":[{"count":1,"href":"https:\/\/sudurras.fo\/index.php?rest_route=\/wp\/v2\/posts\/26909\/revisions"}],"predecessor-version":[{"id":26912,"href":"https:\/\/sudurras.fo\/index.php?rest_route=\/wp\/v2\/posts\/26909\/revisions\/26912"}],"wp:featuredmedia":[{"embeddable":true,"href":"https:\/\/sudurras.fo\/index.php?rest_route=\/wp\/v2\/media\/26910"}],"wp:attachment":[{"href":"https:\/\/sudurras.fo\/index.php?rest_route=%2Fwp%2Fv2%2Fmedia&parent=26909"}],"wp:term":[{"taxonomy":"category","embeddable":true,"href":"https:\/\/sudurras.fo\/index.php?rest_route=%2Fwp%2Fv2%2Fcategories&post=26909"},{"taxonomy":"post_tag","embeddable":true,"href":"https:\/\/sudurras.fo\/index.php?rest_route=%2Fwp%2Fv2%2Ftags&post=26909"}],"curies":[{"name":"wp","href":"https:\/\/api.w.org\/{rel}","templated":true}]}}