{"id":28000,"date":"2023-12-15T08:09:19","date_gmt":"2023-12-15T08:09:19","guid":{"rendered":"https:\/\/sudurras.fo\/?p=28000"},"modified":"2023-12-15T08:09:19","modified_gmt":"2023-12-15T08:09:19","slug":"fc-suduroy-fyrireikar-seg-til-kappingararid","status":"publish","type":"post","link":"https:\/\/sudurras.fo\/?p=28000","title":{"rendered":"FC Su\u00f0uroy fyrireikar seg til kappingar\u00e1ri\u00f0"},"content":{"rendered":"\n<figure class=\"wp-block-image size-full\"><img loading=\"lazy\" decoding=\"async\" width=\"852\" height=\"774\" src=\"https:\/\/sudurras.fo\/wp-content\/uploads\/2023\/12\/image-1.png\" alt=\"\" class=\"wp-image-28001\" srcset=\"https:\/\/sudurras.fo\/wp-content\/uploads\/2023\/12\/image-1.png 852w, https:\/\/sudurras.fo\/wp-content\/uploads\/2023\/12\/image-1-300x273.png 300w, https:\/\/sudurras.fo\/wp-content\/uploads\/2023\/12\/image-1-768x698.png 768w\" sizes=\"auto, (max-width: 852px) 100vw, 852px\" \/><\/figure>\n\n\n\n<p><\/p>\n\n\n\n<p>FC Su\u00f0uroy skal komandi \u00e1r sp\u00e6la \u00ed 1. deild, eftir at felagi\u00f0 vann 2. deild og harvi\u00f0 eisini tryggja\u00f0i s\u00e6r uppflyting \u00ed n\u00e6stbestu mansdeildina.<\/p>\n\n\n\n<p>FC Su\u00f0uroy longdi herfyri s\u00e1ttm\u00e1lan vi\u00f0 venjaran P\u00f3l Thorsteinsson, umframt at s\u00e1ttm\u00e1larnir vi\u00f0 \u00fatlendsku leikararnir Jimmy Abdul og Emmanuel Andorful v\u00f3r\u00f0u longdir.<\/p>\n\n\n\n<p>\u00cd farnu viku gj\u00f8rdi FC Su\u00f0uroy s\u00e1ttm\u00e1la vi\u00f0 John Villi V\u00f8ldike, sum vendur aftur til FC Su\u00f0uroy eftir at hava sp\u00e6lt n\u00f8kur \u00e1r vi\u00f0 TB.<\/p>\n\n\n\n<p>N\u00fa hevur FC Su\u00f0uroy so eisini gj\u00f8rt 2 \u00e1ra s\u00e1ttm\u00e1la vi\u00f0 fleiri av yngru leikarunum. Teir eru avmynda\u00f0ir omanfyri (fr\u00e1 ovast til vinstru): P\u00e6tur Augustinussen, Fr\u00ed\u00f0i Holm, Alexander Holm Kilgour, J\u00e1kup T. Joensen og Teit Hjelm.<\/p>\n\n\n\n<p><\/p>\n","protected":false},"excerpt":{"rendered":"<p>FC Su\u00f0uroy skal komandi \u00e1r sp\u00e6la \u00ed 1. deild, eftir at felagi\u00f0 vann 2. deild og harvi\u00f0 eisini tryggja\u00f0i s\u00e6r uppflyting \u00ed n\u00e6stbestu mansdeildina. FC Su\u00f0uroy longdi herfyri s\u00e1ttm\u00e1lan vi\u00f0 venjaran P\u00f3l Thorsteinsson, umframt at s\u00e1ttm\u00e1larnir vi\u00f0 \u00fatlendsku leikararnir Jimmy Abdul og Emmanuel Andorful v\u00f3r\u00f0u longdir. \u00cd farnu viku gj\u00f8rdi FC Su\u00f0uroy s\u00e1ttm\u00e1la vi\u00f0 John [&hellip;]<\/p>\n","protected":false},"author":24,"featured_media":28001,"comment_status":"closed","ping_status":"closed","sticky":false,"template":"","format":"standard","meta":{"ngg_post_thumbnail":0,"footnotes":""},"categories":[2],"tags":[],"class_list":["post-28000","post","type-post","status-publish","format-standard","has-post-thumbnail","hentry","category-itrottur"],"publishpress_future_action":{"enabled":false,"date":"2026-05-05 10:50:30","action":"change-status","newStatus":"draft","terms":[],"taxonomy":"category","extraData":[]},"publishpress_future_workflow_manual_trigger":{"enabledWorkflows":[]},"_links":{"self":[{"href":"https:\/\/sudurras.fo\/index.php?rest_route=\/wp\/v2\/posts\/28000","targetHints":{"allow":["GET"]}}],"collection":[{"href":"https:\/\/sudurras.fo\/index.php?rest_route=\/wp\/v2\/posts"}],"about":[{"href":"https:\/\/sudurras.fo\/index.php?rest_route=\/wp\/v2\/types\/post"}],"author":[{"embeddable":true,"href":"https:\/\/sudurras.fo\/index.php?rest_route=\/wp\/v2\/users\/24"}],"replies":[{"embeddable":true,"href":"https:\/\/sudurras.fo\/index.php?rest_route=%2Fwp%2Fv2%2Fcomments&post=28000"}],"version-history":[{"count":1,"href":"https:\/\/sudurras.fo\/index.php?rest_route=\/wp\/v2\/posts\/28000\/revisions"}],"predecessor-version":[{"id":28002,"href":"https:\/\/sudurras.fo\/index.php?rest_route=\/wp\/v2\/posts\/28000\/revisions\/28002"}],"wp:featuredmedia":[{"embeddable":true,"href":"https:\/\/sudurras.fo\/index.php?rest_route=\/wp\/v2\/media\/28001"}],"wp:attachment":[{"href":"https:\/\/sudurras.fo\/index.php?rest_route=%2Fwp%2Fv2%2Fmedia&parent=28000"}],"wp:term":[{"taxonomy":"category","embeddable":true,"href":"https:\/\/sudurras.fo\/index.php?rest_route=%2Fwp%2Fv2%2Fcategories&post=28000"},{"taxonomy":"post_tag","embeddable":true,"href":"https:\/\/sudurras.fo\/index.php?rest_route=%2Fwp%2Fv2%2Ftags&post=28000"}],"curies":[{"name":"wp","href":"https:\/\/api.w.org\/{rel}","templated":true}]}}