{"id":28472,"date":"2024-02-02T10:00:00","date_gmt":"2024-02-02T10:00:00","guid":{"rendered":"https:\/\/sudurras.fo\/?p=28472"},"modified":"2024-02-04T15:57:40","modified_gmt":"2024-02-04T15:57:40","slug":"morgunvenjing-i-pals-holl-fyri-65","status":"publish","type":"post","link":"https:\/\/sudurras.fo\/?p=28472","title":{"rendered":"Morgunvenjing \u00ed P\u00e1ls H\u00f8ll fyri 65+"},"content":{"rendered":"\n<figure class=\"wp-block-image size-large\"><img loading=\"lazy\" decoding=\"async\" width=\"1024\" height=\"576\" src=\"https:\/\/sudurras.fo\/wp-content\/uploads\/2024\/01\/edit_4.00_02_34_17.Still015-1024x576.jpg\" alt=\"\" class=\"wp-image-28473\" srcset=\"https:\/\/sudurras.fo\/wp-content\/uploads\/2024\/01\/edit_4.00_02_34_17.Still015-1024x576.jpg 1024w, https:\/\/sudurras.fo\/wp-content\/uploads\/2024\/01\/edit_4.00_02_34_17.Still015-300x169.jpg 300w, https:\/\/sudurras.fo\/wp-content\/uploads\/2024\/01\/edit_4.00_02_34_17.Still015-768x432.jpg 768w, https:\/\/sudurras.fo\/wp-content\/uploads\/2024\/01\/edit_4.00_02_34_17.Still015-1536x864.jpg 1536w, https:\/\/sudurras.fo\/wp-content\/uploads\/2024\/01\/edit_4.00_02_34_17.Still015.jpg 1920w\" sizes=\"auto, (max-width: 1024px) 100vw, 1024px\" \/><\/figure>\n\n\n\n<p>M\u00e1na- og t\u00f3rsmorgnar er venjing \u00ed P\u00e1ls H\u00f8ll fyri eldri.<\/p>\n\n\n\n<p>Eldri borgarar hava m\u00f8guleika at venja tv\u00e6r fer\u00f0ir um vikuna \u00ed P\u00e1ls H\u00f8ll. Venjingin fyrigongur \u00ed svimjuhylinum og ver\u00f0ur skipa av starvsf\u00f3lkum fr\u00e1 B\u00fa- og heimat\u00e6nastuni \u00ed Su\u00f0uroynni. Venjingin er millum klokkan 9.00 og 9.30 m\u00e1na- og t\u00f3rsmorgnar.<\/p>\n\n\n\n<p><strong>Virkin V\u00e1gur 2024<\/strong><\/p>\n\n\n\n<p>Morgunvenjingin \u00ed P\u00e1ls H\u00f8ll er eisini partur av heilsu\u00e1takinum hj\u00e1 V\u00e1gs Kommunu.<\/p>\n","protected":false},"excerpt":{"rendered":"<p>M\u00e1na- og t\u00f3rsmorgnar er venjing \u00ed P\u00e1ls H\u00f8ll fyri eldri. Eldri borgarar hava m\u00f8guleika at venja tv\u00e6r fer\u00f0ir um vikuna \u00ed P\u00e1ls H\u00f8ll. Venjingin fyrigongur \u00ed svimjuhylinum og ver\u00f0ur skipa av starvsf\u00f3lkum fr\u00e1 B\u00fa- og heimat\u00e6nastuni \u00ed Su\u00f0uroynni. Venjingin er millum klokkan 9.00 og 9.30 m\u00e1na- og t\u00f3rsmorgnar. Virkin V\u00e1gur 2024 Morgunvenjingin \u00ed P\u00e1ls H\u00f8ll [&hellip;]<\/p>\n","protected":false},"author":24,"featured_media":16691,"comment_status":"closed","ping_status":"closed","sticky":false,"template":"","format":"standard","meta":{"ngg_post_thumbnail":0,"footnotes":""},"categories":[1],"tags":[],"class_list":["post-28472","post","type-post","status-publish","format-standard","has-post-thumbnail","hentry","category-tidindi"],"publishpress_future_action":{"enabled":false,"date":"2026-05-08 08:30:11","action":"change-status","newStatus":"draft","terms":[],"taxonomy":"category","extraData":[]},"publishpress_future_workflow_manual_trigger":{"enabledWorkflows":[]},"_links":{"self":[{"href":"https:\/\/sudurras.fo\/index.php?rest_route=\/wp\/v2\/posts\/28472","targetHints":{"allow":["GET"]}}],"collection":[{"href":"https:\/\/sudurras.fo\/index.php?rest_route=\/wp\/v2\/posts"}],"about":[{"href":"https:\/\/sudurras.fo\/index.php?rest_route=\/wp\/v2\/types\/post"}],"author":[{"embeddable":true,"href":"https:\/\/sudurras.fo\/index.php?rest_route=\/wp\/v2\/users\/24"}],"replies":[{"embeddable":true,"href":"https:\/\/sudurras.fo\/index.php?rest_route=%2Fwp%2Fv2%2Fcomments&post=28472"}],"version-history":[{"count":1,"href":"https:\/\/sudurras.fo\/index.php?rest_route=\/wp\/v2\/posts\/28472\/revisions"}],"predecessor-version":[{"id":28474,"href":"https:\/\/sudurras.fo\/index.php?rest_route=\/wp\/v2\/posts\/28472\/revisions\/28474"}],"wp:featuredmedia":[{"embeddable":true,"href":"https:\/\/sudurras.fo\/index.php?rest_route=\/wp\/v2\/media\/16691"}],"wp:attachment":[{"href":"https:\/\/sudurras.fo\/index.php?rest_route=%2Fwp%2Fv2%2Fmedia&parent=28472"}],"wp:term":[{"taxonomy":"category","embeddable":true,"href":"https:\/\/sudurras.fo\/index.php?rest_route=%2Fwp%2Fv2%2Fcategories&post=28472"},{"taxonomy":"post_tag","embeddable":true,"href":"https:\/\/sudurras.fo\/index.php?rest_route=%2Fwp%2Fv2%2Ftags&post=28472"}],"curies":[{"name":"wp","href":"https:\/\/api.w.org\/{rel}","templated":true}]}}