{"id":28570,"date":"2024-02-06T09:24:27","date_gmt":"2024-02-06T09:24:27","guid":{"rendered":"https:\/\/sudurras.fo\/?p=28570"},"modified":"2024-02-06T11:20:00","modified_gmt":"2024-02-06T11:20:00","slug":"kambur-fingid-sjogv-manningin-verdur-flutt-av-skipinum","status":"publish","type":"post","link":"https:\/\/sudurras.fo\/?p=28570","title":{"rendered":"Kambur fingi\u00f0 sj\u00f3gv: Manningin ver\u00f0ur flutt av skipinum"},"content":{"rendered":"\n<figure class=\"wp-block-image size-large\"><img loading=\"lazy\" decoding=\"async\" width=\"1024\" height=\"768\" src=\"https:\/\/sudurras.fo\/wp-content\/uploads\/2024\/02\/image-1024x768.png\" alt=\"\" class=\"wp-image-28571\" srcset=\"https:\/\/sudurras.fo\/wp-content\/uploads\/2024\/02\/image-1024x768.png 1024w, https:\/\/sudurras.fo\/wp-content\/uploads\/2024\/02\/image-300x225.png 300w, https:\/\/sudurras.fo\/wp-content\/uploads\/2024\/02\/image-768x576.png 768w, https:\/\/sudurras.fo\/wp-content\/uploads\/2024\/02\/image-1536x1152.png 1536w, https:\/\/sudurras.fo\/wp-content\/uploads\/2024\/02\/image.png 2048w\" sizes=\"auto, (max-width: 1024px) 100vw, 1024px\" \/><\/figure>\n\n\n\n<p><\/p>\n\n\n\n<p><strong>KVF<\/strong>: Manningin \u00e1 frystil\u00ednuskipium Kambi hevur bi\u00f0i\u00f0 um at ver\u00f0a flutt av skipinum, eftir at teir fingu ein \u00e1lvarsligan sj\u00f3gv, einar 17&nbsp;fj\u00f3r\u00f0ingar \u00ed \u00fatsynning \u00far Akraberg&nbsp;naka\u00f0 fyri klokkan 8&nbsp;\u00ed morgun.<\/p>\n\n\n\n<p>J\u00f3n Klein Olsen, \u00e1takslei\u00f0ari hj\u00e1 politinum, seg\u00f0i vi\u00f0 KVF kl. 9, at tyrlan hevur flutt 12 mans av skipinum og fer eftir restini av manningini beinanvegin, og bo\u00f0 eru givin til sj\u00fakrah\u00fasini um at vera tilb\u00fagvin at taka \u00edm\u00f3ti \u00f8llum 16 monnunum.<\/p>\n\n\n\n<p>Hann dugir ikki at siga, hvussu st\u00f8\u00f0an hj\u00e1 teimum er, ella um vandi er fyri, at skipi\u00f0 fer at s\u00f8kka.<\/p>\n\n\n\n<p>Fleiri skip eru har \u00e1 lei\u00f0ini og bjargingarskipi\u00f0 Brimil er \u00e1 veg og v\u00e6ntast at vera har um 10 t\u00ed\u00f0ina.<\/p>\n","protected":false},"excerpt":{"rendered":"<p>KVF: Manningin \u00e1 frystil\u00ednuskipium Kambi hevur bi\u00f0i\u00f0 um at ver\u00f0a flutt av skipinum, eftir at teir fingu ein \u00e1lvarsligan sj\u00f3gv, einar 17&nbsp;fj\u00f3r\u00f0ingar \u00ed \u00fatsynning \u00far Akraberg&nbsp;naka\u00f0 fyri klokkan 8&nbsp;\u00ed morgun. J\u00f3n Klein Olsen, \u00e1takslei\u00f0ari hj\u00e1 politinum, seg\u00f0i vi\u00f0 KVF kl. 9, at tyrlan hevur flutt 12 mans av skipinum og fer eftir restini av manningini [&hellip;]<\/p>\n","protected":false},"author":23,"featured_media":28571,"comment_status":"closed","ping_status":"closed","sticky":false,"template":"","format":"standard","meta":{"ngg_post_thumbnail":0,"footnotes":""},"categories":[1],"tags":[],"class_list":["post-28570","post","type-post","status-publish","format-standard","has-post-thumbnail","hentry","category-tidindi"],"publishpress_future_action":{"enabled":false,"date":"2026-05-08 09:01:51","action":"change-status","newStatus":"draft","terms":[],"taxonomy":"category","extraData":[]},"publishpress_future_workflow_manual_trigger":{"enabledWorkflows":[]},"_links":{"self":[{"href":"https:\/\/sudurras.fo\/index.php?rest_route=\/wp\/v2\/posts\/28570","targetHints":{"allow":["GET"]}}],"collection":[{"href":"https:\/\/sudurras.fo\/index.php?rest_route=\/wp\/v2\/posts"}],"about":[{"href":"https:\/\/sudurras.fo\/index.php?rest_route=\/wp\/v2\/types\/post"}],"author":[{"embeddable":true,"href":"https:\/\/sudurras.fo\/index.php?rest_route=\/wp\/v2\/users\/23"}],"replies":[{"embeddable":true,"href":"https:\/\/sudurras.fo\/index.php?rest_route=%2Fwp%2Fv2%2Fcomments&post=28570"}],"version-history":[{"count":2,"href":"https:\/\/sudurras.fo\/index.php?rest_route=\/wp\/v2\/posts\/28570\/revisions"}],"predecessor-version":[{"id":28577,"href":"https:\/\/sudurras.fo\/index.php?rest_route=\/wp\/v2\/posts\/28570\/revisions\/28577"}],"wp:featuredmedia":[{"embeddable":true,"href":"https:\/\/sudurras.fo\/index.php?rest_route=\/wp\/v2\/media\/28571"}],"wp:attachment":[{"href":"https:\/\/sudurras.fo\/index.php?rest_route=%2Fwp%2Fv2%2Fmedia&parent=28570"}],"wp:term":[{"taxonomy":"category","embeddable":true,"href":"https:\/\/sudurras.fo\/index.php?rest_route=%2Fwp%2Fv2%2Fcategories&post=28570"},{"taxonomy":"post_tag","embeddable":true,"href":"https:\/\/sudurras.fo\/index.php?rest_route=%2Fwp%2Fv2%2Ftags&post=28570"}],"curies":[{"name":"wp","href":"https:\/\/api.w.org\/{rel}","templated":true}]}}