{"id":28804,"date":"2024-02-26T10:00:04","date_gmt":"2024-02-26T10:00:04","guid":{"rendered":"https:\/\/sudurras.fo\/?p=28804"},"modified":"2024-02-26T14:31:47","modified_gmt":"2024-02-26T14:31:47","slug":"felags-matarkvoldid-hja-vags-kommunu","status":"publish","type":"post","link":"https:\/\/sudurras.fo\/?p=28804","title":{"rendered":"Felags matarkv\u00f8ldi\u00f0 hj\u00e1 V\u00e1gs Kommunu"},"content":{"rendered":"\n<figure class=\"wp-block-image size-large\"><img loading=\"lazy\" decoding=\"async\" width=\"1024\" height=\"576\" src=\"https:\/\/sudurras.fo\/wp-content\/uploads\/2024\/02\/edit_4.00_01_15_09.Still009-1024x576.jpg\" alt=\"\" class=\"wp-image-28805\" srcset=\"https:\/\/sudurras.fo\/wp-content\/uploads\/2024\/02\/edit_4.00_01_15_09.Still009-1024x576.jpg 1024w, https:\/\/sudurras.fo\/wp-content\/uploads\/2024\/02\/edit_4.00_01_15_09.Still009-300x169.jpg 300w, https:\/\/sudurras.fo\/wp-content\/uploads\/2024\/02\/edit_4.00_01_15_09.Still009-768x432.jpg 768w, https:\/\/sudurras.fo\/wp-content\/uploads\/2024\/02\/edit_4.00_01_15_09.Still009-1536x864.jpg 1536w, https:\/\/sudurras.fo\/wp-content\/uploads\/2024\/02\/edit_4.00_01_15_09.Still009.jpg 1920w\" sizes=\"auto, (max-width: 1024px) 100vw, 1024px\" \/><\/figure>\n\n\n\n<p>T\u00f3rskv\u00f8ldi\u00f0 29. februar millum klokkan 17.00 og 20.00 bj\u00f3\u00f0ar V\u00e1gs Kommuna \u00f8llum borgarum \u00ed V\u00e1gi aftur til felags matarkv\u00f8ld. Matarkv\u00f8ldi\u00f0 ver\u00f0ur \u00ed h\u00f8lunum hj\u00e1 Frelsurnarherinum. Matarskr\u00e1in er stoktur kalvi, eplir og hollandaise s\u00f3s. Eisini f\u00e6st lassagna og m\u00f8guleiki er at smyrja matpakkar til dagin eftir. <\/p>\n\n\n\n<p>Takin \u00ed kv\u00f8ldinum er at geva borgarum m\u00f8guleika at seta til bor\u00f0s, sum einstaklingur ella sum familja, og nj\u00f3ta eina g\u00f3\u00f0a m\u00e1lt\u00ed\u00f0. T\u00ed gerandisdagurin hj\u00e1 n\u00f3gvum \u2013 kanska serliga sm\u00e1barnafamiljum \u2013 er hektiskur. N\u00f3gv skal avrikast og samd\u00f8gri er ikki longri enn 24 t\u00edmar. Fyri at l\u00e6tta um, so bj\u00f3\u00f0ar V\u00e1gs Kommuna \u00f8llum borgarum til matarkv\u00f8ld, har h\u00f8vi\u00f0 er fyri hugna og samveru saman vi\u00f0 teimum n\u00e6rmastu og vinf\u00f3lki. \u00c1 matarkv\u00f8ldinum ber eisini til at gera matpakkar til b\u00f8rnini, i\u00f0 tey kunnu hava vi\u00f0 \u00ed barnagar\u00f0 og sk\u00fala dagineftir.<\/p>\n\n\n\n<p>\u00d8ll eru hjartaliga v\u00e6lkomin at melda\u00f0 sjeg til vi\u00f0 at tr\u00fdsta \u00e1 hetta <a href=\"https:\/\/vagur.fo\/445\">leinki\u00f0<\/a>. Tilmeldingin er ikki bindandi, men ver\u00f0ur bert br\u00fakt sum \u00e1bending um, hvussu n\u00f3gvur matur skal gerast.<\/p>\n\n\n\n<p><strong>Sj\u00e1lvbo\u00f0in til felags matarkv\u00f8ldi\u00f0<\/strong><\/p>\n\n\n\n<p>Um onkur hevur hug at hj\u00e1lpa til \u00ed samband matarkv\u00f8ldi\u00f0 \u2013 ta\u00f0 kundi veri\u00f0 at dekka\u00f0 upp, gj\u00f8rt reint ella at matgera, so ber til at melda\u00f0 sjeg til vi\u00f0 at tr\u00fdsta \u00e1 hetta <a href=\"https:\/\/vagur.fo\/453\">leinki\u00f0<\/a>.<\/p>\n","protected":false},"excerpt":{"rendered":"<p>T\u00f3rskv\u00f8ldi\u00f0 29. februar millum klokkan 17.00 og 20.00 bj\u00f3\u00f0ar V\u00e1gs Kommuna \u00f8llum borgarum \u00ed V\u00e1gi aftur til felags matarkv\u00f8ld. Matarkv\u00f8ldi\u00f0 ver\u00f0ur \u00ed h\u00f8lunum hj\u00e1 Frelsurnarherinum. Matarskr\u00e1in er stoktur kalvi, eplir og hollandaise s\u00f3s. Eisini f\u00e6st lassagna og m\u00f8guleiki er at smyrja matpakkar til dagin eftir. Takin \u00ed kv\u00f8ldinum er at geva borgarum m\u00f8guleika at seta [&hellip;]<\/p>\n","protected":false},"author":24,"featured_media":28805,"comment_status":"closed","ping_status":"closed","sticky":false,"template":"","format":"standard","meta":{"ngg_post_thumbnail":0,"footnotes":""},"categories":[1],"tags":[],"class_list":["post-28804","post","type-post","status-publish","format-standard","has-post-thumbnail","hentry","category-tidindi"],"publishpress_future_action":{"enabled":false,"date":"2026-05-07 11:56:59","action":"change-status","newStatus":"draft","terms":[],"taxonomy":"category","extraData":[]},"publishpress_future_workflow_manual_trigger":{"enabledWorkflows":[]},"_links":{"self":[{"href":"https:\/\/sudurras.fo\/index.php?rest_route=\/wp\/v2\/posts\/28804","targetHints":{"allow":["GET"]}}],"collection":[{"href":"https:\/\/sudurras.fo\/index.php?rest_route=\/wp\/v2\/posts"}],"about":[{"href":"https:\/\/sudurras.fo\/index.php?rest_route=\/wp\/v2\/types\/post"}],"author":[{"embeddable":true,"href":"https:\/\/sudurras.fo\/index.php?rest_route=\/wp\/v2\/users\/24"}],"replies":[{"embeddable":true,"href":"https:\/\/sudurras.fo\/index.php?rest_route=%2Fwp%2Fv2%2Fcomments&post=28804"}],"version-history":[{"count":1,"href":"https:\/\/sudurras.fo\/index.php?rest_route=\/wp\/v2\/posts\/28804\/revisions"}],"predecessor-version":[{"id":28806,"href":"https:\/\/sudurras.fo\/index.php?rest_route=\/wp\/v2\/posts\/28804\/revisions\/28806"}],"wp:featuredmedia":[{"embeddable":true,"href":"https:\/\/sudurras.fo\/index.php?rest_route=\/wp\/v2\/media\/28805"}],"wp:attachment":[{"href":"https:\/\/sudurras.fo\/index.php?rest_route=%2Fwp%2Fv2%2Fmedia&parent=28804"}],"wp:term":[{"taxonomy":"category","embeddable":true,"href":"https:\/\/sudurras.fo\/index.php?rest_route=%2Fwp%2Fv2%2Fcategories&post=28804"},{"taxonomy":"post_tag","embeddable":true,"href":"https:\/\/sudurras.fo\/index.php?rest_route=%2Fwp%2Fv2%2Ftags&post=28804"}],"curies":[{"name":"wp","href":"https:\/\/api.w.org\/{rel}","templated":true}]}}