{"id":28843,"date":"2024-03-01T21:15:10","date_gmt":"2024-03-01T21:15:10","guid":{"rendered":"https:\/\/sudurras.fo\/?p=28843"},"modified":"2024-03-01T21:20:22","modified_gmt":"2024-03-01T21:20:22","slug":"tidindaskriv-broyting-av-byggisamtykt-fyri-tvoroyrar-kommunu","status":"publish","type":"post","link":"https:\/\/sudurras.fo\/?p=28843","title":{"rendered":"T\u00ed\u00f0indaskriv: &#8220;Broyting av byggisamtykt fyri Tv\u00f8royrar kommunu&#8221;"},"content":{"rendered":"\n<p>Tv\u00f8royrar kommuna hevur tiki\u00f0 avger\u00f0 um, at taka \u00e1heitanina fr\u00e1 Umhv\u00f8rvism\u00e1lar\u00e1\u00f0num til eftirtektar og kunngera av n\u00fdggjum \u00e6tla\u00f0u broyting av byggisamtykt fyri havnar\u00f8ki\u00f0 \u201cD\u201d \u00e1 Tv\u00f8royri.<\/p>\n\n\n\n<figure class=\"wp-block-image size-large\"><img loading=\"lazy\" decoding=\"async\" width=\"1024\" height=\"767\" src=\"https:\/\/sudurras.fo\/wp-content\/uploads\/2024\/03\/Havnin-1-1024x767.jpg\" alt=\"\" class=\"wp-image-28844\" srcset=\"https:\/\/sudurras.fo\/wp-content\/uploads\/2024\/03\/Havnin-1-1024x767.jpg 1024w, https:\/\/sudurras.fo\/wp-content\/uploads\/2024\/03\/Havnin-1-300x225.jpg 300w, https:\/\/sudurras.fo\/wp-content\/uploads\/2024\/03\/Havnin-1-768x576.jpg 768w, https:\/\/sudurras.fo\/wp-content\/uploads\/2024\/03\/Havnin-1-1536x1151.jpg 1536w, https:\/\/sudurras.fo\/wp-content\/uploads\/2024\/03\/Havnin-1.jpg 1800w\" sizes=\"auto, (max-width: 1024px) 100vw, 1024px\" \/><\/figure>\n\n\n\n<p>Hetta eftir &#8220;LUM&#8221; L\u00f8gtingssinsumbo\u00f0sma\u00f0ur gav Umhv\u00f8rvism\u00e1lar\u00e1\u00f0num eina \u00e1talu fyri teirra m\u00e1lsvi\u00f0ger\u00f0, og m\u00e6lti Umhv\u00f8rvism\u00e1lar\u00e1\u00f0num til at endursko\u00f0a m\u00e1li\u00f0.<\/p>\n\n\n\n<p>Tv\u00f8royrar kommuna fekk annars g\u00f3\u00f0kenningarskriv fr\u00e1 Umhv\u00f8rvism\u00e1lar\u00e1\u00f0num 10. Juli 2023 til \u00e6tla\u00f0u broyting av byggisamtykt uttan vi\u00f0merkingar. Umhv\u00f8rvism\u00e1lar\u00e1\u00f0i kunna\u00f0i t\u00e1 alment um, at alt er fari\u00f0 fyrisitingarliga r\u00e6tt fram, og at ums\u00f3knini ver\u00f0ur gingin \u00e1 m\u00f8ti.<\/p>\n\n\n\n<p>Men n\u00fa LUM heitur \u00e1 Umhv\u00f8rvism\u00e1lar\u00e1\u00f0i\u00f0 um at vi\u00f0ger\u00f0a m\u00e1li\u00f0 av n\u00fdggjum\u00a0<em>-eftir k\u00e6rur eru sendar til LUM-<\/em>,\u00a0 hevur Tv\u00f8royrar kommuna avgj\u00f8rt, at kunnger\u00f0a \u00e6tla\u00f0u broytingina \u00ed byggisamtyktini av n\u00fdggjum, s\u00ed\u00a0<a href=\"https:\/\/tvk.fo\/content.asp?sid=6165&amp;id=\"><strong><em>her.<\/em><\/strong><\/a><\/p>\n\n\n\n<p>Tv\u00f8royrar kommuna ynskir, at m\u00e1li\u00f0 at byggja \u00e1 havnarlagnum er l\u00fdst so v\u00e6l og r\u00e6tt sum tilber, og at allir borgarar f\u00e1a m\u00f8guleika og at koma til or\u00f0anna, og f\u00e1a h\u00f8vi at vi\u00f0merkja \u00e6tlanina at byggja \u00e1 havnarlagnum \u00e1 Tv\u00f8royri.<\/p>\n\n\n\n<p>T\u00ed skipa\u00f0i Tv\u00f8royrar kommuna eisini fyri borgarafundi \u00ed SALT 24. Jan. 2023, j\u00fast fyri at f\u00e1a l\u00fdst \u00e6tlanina hj\u00e1 P\/F Var\u00f0anum Pelagic at byggja protein &amp; l\u00fdsuverksmi\u00f0ju \u00e1 Tv\u00f8royri so v\u00e6l sum tilber, \u00e1\u00f0renn eitt m\u00f8guligt byggiloyvi\u00f0 ver\u00f0ur givi\u00f0 til verk\u00e6tlanina. Myndir fr\u00e1 borgarafundinum kunna ma. siggjast \u00e1  <a href=\"https:\/\/fiskur.fo\/myndir-storur-ahugi-fyri-borgarafundi-a-tvoroyri\"><em>fiskur.fo<\/em><\/a><\/p>\n\n\n\n<p>Tv\u00f8royrar b\u00fdr\u00e1\u00f0 hevur eisini samtykt 19. Januar \u00ed \u00e1r, at kommunan \u00ed n\u00e6stum skipar fyri partshoyring, har borgarar ver\u00f0a hoyrdir um \u00e6tlanini at byggja protein &amp; l\u00fdsuverksmi\u00f0ju \u00e1 havnarlagnum. Eisini samtykti b\u00fdr\u00e1\u00f0i\u00f0 19. Januar \u00ed \u00e1r, at partur av fj\u00f8runi skal var\u00f0veitast, solei\u00f0is at neystaeigarar \u00ed \u00f8kinum, har \u00e6tlanin er at byggja, framhaldandi f\u00e1a atkomu til fj\u00f8runa og kunna br\u00faka teirra b\u00e1tadr\u00e1tt, h\u00f3ast \u00e6tlanin er at v\u00ed\u00f0ka\u00f0 um \u00f8ki\u00f0 eystan fyri verandi virkisbygning hj\u00e1 P\/F Var\u00f0in Pelagic.<\/p>\n\n\n\n<figure class=\"wp-block-image size-large\"><img loading=\"lazy\" decoding=\"async\" width=\"1024\" height=\"219\" src=\"https:\/\/sudurras.fo\/wp-content\/uploads\/2023\/09\/Silhouettur-Tvoroyri-myrkablaur-JPG-1024x219.jpg\" alt=\"\" class=\"wp-image-27168\" srcset=\"https:\/\/sudurras.fo\/wp-content\/uploads\/2023\/09\/Silhouettur-Tvoroyri-myrkablaur-JPG-1024x219.jpg 1024w, https:\/\/sudurras.fo\/wp-content\/uploads\/2023\/09\/Silhouettur-Tvoroyri-myrkablaur-JPG-300x64.jpg 300w, https:\/\/sudurras.fo\/wp-content\/uploads\/2023\/09\/Silhouettur-Tvoroyri-myrkablaur-JPG-768x165.jpg 768w, https:\/\/sudurras.fo\/wp-content\/uploads\/2023\/09\/Silhouettur-Tvoroyri-myrkablaur-JPG-1536x329.jpg 1536w, https:\/\/sudurras.fo\/wp-content\/uploads\/2023\/09\/Silhouettur-Tvoroyri-myrkablaur-JPG-2048x439.jpg 2048w\" sizes=\"auto, (max-width: 1024px) 100vw, 1024px\" \/><\/figure>\n\n\n\n<figure class=\"wp-block-image\"><img decoding=\"async\" src=\"\/images\/Frodi\/Havnin-1.jpg\" alt=\"\"\/><\/figure>\n\n\n\n<p>Tv\u00f8royrar kommuna<\/p>\n\n\n\n<p>1. mars 2024&nbsp;<\/p>\n","protected":false},"excerpt":{"rendered":"<p>Tv\u00f8royrar kommuna hevur tiki\u00f0 avger\u00f0 um, at taka \u00e1heitanina fr\u00e1 Umhv\u00f8rvism\u00e1lar\u00e1\u00f0num til eftirtektar og kunngera av n\u00fdggjum \u00e6tla\u00f0u broyting av byggisamtykt fyri havnar\u00f8ki\u00f0 \u201cD\u201d \u00e1 Tv\u00f8royri. Hetta eftir &#8220;LUM&#8221; L\u00f8gtingssinsumbo\u00f0sma\u00f0ur gav Umhv\u00f8rvism\u00e1lar\u00e1\u00f0num eina \u00e1talu fyri teirra m\u00e1lsvi\u00f0ger\u00f0, og m\u00e6lti Umhv\u00f8rvism\u00e1lar\u00e1\u00f0num til at endursko\u00f0a m\u00e1li\u00f0. Tv\u00f8royrar kommuna fekk annars g\u00f3\u00f0kenningarskriv fr\u00e1 Umhv\u00f8rvism\u00e1lar\u00e1\u00f0num 10. Juli 2023 til [&hellip;]<\/p>\n","protected":false},"author":19,"featured_media":28844,"comment_status":"closed","ping_status":"closed","sticky":false,"template":"","format":"standard","meta":{"ngg_post_thumbnail":0,"footnotes":""},"categories":[41,1],"tags":[],"class_list":["post-28843","post","type-post","status-publish","format-standard","has-post-thumbnail","hentry","category-tidindaskriv","category-tidindi"],"publishpress_future_action":{"enabled":false,"date":"2026-05-06 05:14:42","action":"change-status","newStatus":"draft","terms":[],"taxonomy":"category","extraData":[]},"publishpress_future_workflow_manual_trigger":{"enabledWorkflows":[]},"_links":{"self":[{"href":"https:\/\/sudurras.fo\/index.php?rest_route=\/wp\/v2\/posts\/28843","targetHints":{"allow":["GET"]}}],"collection":[{"href":"https:\/\/sudurras.fo\/index.php?rest_route=\/wp\/v2\/posts"}],"about":[{"href":"https:\/\/sudurras.fo\/index.php?rest_route=\/wp\/v2\/types\/post"}],"author":[{"embeddable":true,"href":"https:\/\/sudurras.fo\/index.php?rest_route=\/wp\/v2\/users\/19"}],"replies":[{"embeddable":true,"href":"https:\/\/sudurras.fo\/index.php?rest_route=%2Fwp%2Fv2%2Fcomments&post=28843"}],"version-history":[{"count":2,"href":"https:\/\/sudurras.fo\/index.php?rest_route=\/wp\/v2\/posts\/28843\/revisions"}],"predecessor-version":[{"id":28846,"href":"https:\/\/sudurras.fo\/index.php?rest_route=\/wp\/v2\/posts\/28843\/revisions\/28846"}],"wp:featuredmedia":[{"embeddable":true,"href":"https:\/\/sudurras.fo\/index.php?rest_route=\/wp\/v2\/media\/28844"}],"wp:attachment":[{"href":"https:\/\/sudurras.fo\/index.php?rest_route=%2Fwp%2Fv2%2Fmedia&parent=28843"}],"wp:term":[{"taxonomy":"category","embeddable":true,"href":"https:\/\/sudurras.fo\/index.php?rest_route=%2Fwp%2Fv2%2Fcategories&post=28843"},{"taxonomy":"post_tag","embeddable":true,"href":"https:\/\/sudurras.fo\/index.php?rest_route=%2Fwp%2Fv2%2Ftags&post=28843"}],"curies":[{"name":"wp","href":"https:\/\/api.w.org\/{rel}","templated":true}]}}