{"id":28927,"date":"2024-03-08T22:10:16","date_gmt":"2024-03-08T22:10:16","guid":{"rendered":"https:\/\/sudurras.fo\/?p=28927"},"modified":"2024-03-09T07:54:56","modified_gmt":"2024-03-09T07:54:56","slug":"gilli-rolantsson-sorensen-husavordur-vid-stora","status":"publish","type":"post","link":"https:\/\/sudurras.fo\/?p=28927","title":{"rendered":"Gilli R\u00f3lantsson S\u00f8rensen h\u00fasav\u00f8r\u00f0ur vi\u00f0 St\u00f3r\u00e1"},"content":{"rendered":"\n<p>Tv\u00f8royrar kommuna hevur sett Gilla R\u00f3lantsson S\u00f8rensen \u00ed starv sum h\u00fasav\u00f8r\u00f0ur vi\u00f0 St\u00f3r\u00e1, n\u00fa Anton \u00d8ster, i\u00f0 hevur r\u00f8kt starvi\u00f0 seinasti 10 \u00e1rini gevst fyri aldur.<\/p>\n\n\n\n<figure class=\"wp-block-image\"><img decoding=\"async\" src=\"http:\/\/tvk.fo\/images\/Starvsfolk\/Gilli.jpg\" alt=\"\"\/><\/figure>\n\n\n\n<p>Gilli er 31 \u00e1ra gamal og trongisvingur av uppruna. F\u00f3lk flest kenna t\u00f3 einamest Gilla fr\u00e1 avrikunum \u00e1 f\u00f3tb\u00f3ltsv\u00f8llunum \u00ed F\u00f8royum og uttanlands. Hann er ein av royndastu landsli\u00f0sleikarunum \u00ed F\u00f8royum og yrkislei\u00f0 hansara \u00ed f\u00f3tb\u00f3lti, hevur f\u00f8rt hann til b\u00e6\u00f0i Skotlands, Danmarkar og Noregs.<\/p>\n\n\n\n<p>Tv\u00f8royrar kommuna ynskti ein pers\u00f3n \u00ed starvi\u00f0, sum skal -umframt at r\u00f8kja \u00f8ki\u00f0 vi\u00f0 St\u00f3r\u00e1-, eisini vera vi\u00f0 til at \u00f8kja enn meira um \u00edtr\u00f3ttarvirksemi\u00f0 \u00ed g\u00f3\u00f0u karmunum \u00ed kommununi. Og karmarnir vi\u00f0 St\u00f3r\u00e1, saman vi\u00f0 st\u00f3ru \u00edtr\u00f3ttarh\u00f8llini \u00ed Trongisv\u00e1gi eru millum bestu \u00edtr\u00f3ttardeplar \u00ed F\u00f8royum. Kommunan ynskir, at hesir deplar ver\u00f0a mentir enn meira, vi\u00f0 enn meira virksemi\u00f0 til frama fyri b\u00f8rn, ung og vaksin \u00ed Tv\u00f8royrar kommunu \u00ed \u00edtr\u00f3ttar h\u00f8pi.<\/p>\n\n\n\n<p>Samstundis vil Tv\u00f8royrar kommuna hjartaliga takka Anton \u00d8ster, fyri tr\u00fagva t\u00e6nastu. S\u00ed\u00f0an \u00cdtr\u00f3ttardepilin lat upp \u00ed 2012, hevur Anton vi\u00f0 n\u00e6rlagni og k\u00e6rleika til \u00f8ki\u00f0, r\u00f8kta\u00f0 starvi\u00f0 \u00e1 fyrimyndarligan v\u00eds. \u00cdtr\u00f3ttardepilin vi\u00f0 St\u00f3r\u00e1 s\u00e6r \u00ed dag \u00fat, eins og ta\u00f0 gj\u00f8rdi, t\u00e1 ta\u00f0 lat upp \u2013 her er farin fram ein serstakliga g\u00f3\u00f0 r\u00f8kt, og kann Tv\u00f8royrar kommunu vi\u00f0 stoltleika framhaldandi bj\u00f3\u00f0a s\u00ednum borgarum, t\u00e6r allar bestu umst\u00f8\u00f0ur at \u00ed\u00f0ka\u00f0 \u00edtr\u00f3tt.<\/p>\n\n\n\n<p>Tv\u00f8royrar kommuna s\u00e6r fram til eitt gevandi samstarv vi\u00f0 Gilla, i\u00f0 ver\u00f0ur ynsktir v\u00e6lkomin heim, samt bestu ynskir \u00ed starvinum.<\/p>\n\n\n\n<p>Tv\u00f8royrar kommuna<\/p>\n\n\n\n<p>08.03.2024&nbsp;<\/p>\n\n\n\n<figure class=\"wp-block-image size-large\"><img loading=\"lazy\" decoding=\"async\" width=\"1024\" height=\"219\" src=\"https:\/\/sudurras.fo\/wp-content\/uploads\/2023\/09\/Silhouettur-Tvoroyri-myrkablaur-JPG-1024x219.jpg\" alt=\"\" class=\"wp-image-27168\" srcset=\"https:\/\/sudurras.fo\/wp-content\/uploads\/2023\/09\/Silhouettur-Tvoroyri-myrkablaur-JPG-1024x219.jpg 1024w, https:\/\/sudurras.fo\/wp-content\/uploads\/2023\/09\/Silhouettur-Tvoroyri-myrkablaur-JPG-300x64.jpg 300w, https:\/\/sudurras.fo\/wp-content\/uploads\/2023\/09\/Silhouettur-Tvoroyri-myrkablaur-JPG-768x165.jpg 768w, https:\/\/sudurras.fo\/wp-content\/uploads\/2023\/09\/Silhouettur-Tvoroyri-myrkablaur-JPG-1536x329.jpg 1536w, https:\/\/sudurras.fo\/wp-content\/uploads\/2023\/09\/Silhouettur-Tvoroyri-myrkablaur-JPG-2048x439.jpg 2048w\" sizes=\"auto, (max-width: 1024px) 100vw, 1024px\" \/><\/figure>\n","protected":false},"excerpt":{"rendered":"<p>Tv\u00f8royrar kommuna hevur sett Gilla R\u00f3lantsson S\u00f8rensen \u00ed starv sum h\u00fasav\u00f8r\u00f0ur vi\u00f0 St\u00f3r\u00e1, n\u00fa Anton \u00d8ster, i\u00f0 hevur r\u00f8kt starvi\u00f0 seinasti 10 \u00e1rini gevst fyri aldur. Gilli er 31 \u00e1ra gamal og trongisvingur av uppruna. F\u00f3lk flest kenna t\u00f3 einamest Gilla fr\u00e1 avrikunum \u00e1 f\u00f3tb\u00f3ltsv\u00f8llunum \u00ed F\u00f8royum og uttanlands. Hann er ein av royndastu landsli\u00f0sleikarunum [&hellip;]<\/p>\n","protected":false},"author":19,"featured_media":28929,"comment_status":"closed","ping_status":"closed","sticky":false,"template":"","format":"standard","meta":{"ngg_post_thumbnail":0,"footnotes":""},"categories":[1],"tags":[],"class_list":["post-28927","post","type-post","status-publish","format-standard","has-post-thumbnail","hentry","category-tidindi"],"publishpress_future_action":{"enabled":false,"date":"2026-05-02 07:18:39","action":"change-status","newStatus":"draft","terms":[],"taxonomy":"category","extraData":[]},"publishpress_future_workflow_manual_trigger":{"enabledWorkflows":[]},"_links":{"self":[{"href":"https:\/\/sudurras.fo\/index.php?rest_route=\/wp\/v2\/posts\/28927","targetHints":{"allow":["GET"]}}],"collection":[{"href":"https:\/\/sudurras.fo\/index.php?rest_route=\/wp\/v2\/posts"}],"about":[{"href":"https:\/\/sudurras.fo\/index.php?rest_route=\/wp\/v2\/types\/post"}],"author":[{"embeddable":true,"href":"https:\/\/sudurras.fo\/index.php?rest_route=\/wp\/v2\/users\/19"}],"replies":[{"embeddable":true,"href":"https:\/\/sudurras.fo\/index.php?rest_route=%2Fwp%2Fv2%2Fcomments&post=28927"}],"version-history":[{"count":2,"href":"https:\/\/sudurras.fo\/index.php?rest_route=\/wp\/v2\/posts\/28927\/revisions"}],"predecessor-version":[{"id":28935,"href":"https:\/\/sudurras.fo\/index.php?rest_route=\/wp\/v2\/posts\/28927\/revisions\/28935"}],"wp:featuredmedia":[{"embeddable":true,"href":"https:\/\/sudurras.fo\/index.php?rest_route=\/wp\/v2\/media\/28929"}],"wp:attachment":[{"href":"https:\/\/sudurras.fo\/index.php?rest_route=%2Fwp%2Fv2%2Fmedia&parent=28927"}],"wp:term":[{"taxonomy":"category","embeddable":true,"href":"https:\/\/sudurras.fo\/index.php?rest_route=%2Fwp%2Fv2%2Fcategories&post=28927"},{"taxonomy":"post_tag","embeddable":true,"href":"https:\/\/sudurras.fo\/index.php?rest_route=%2Fwp%2Fv2%2Ftags&post=28927"}],"curies":[{"name":"wp","href":"https:\/\/api.w.org\/{rel}","templated":true}]}}