{"id":29051,"date":"2024-03-18T18:45:48","date_gmt":"2024-03-18T18:45:48","guid":{"rendered":"https:\/\/sudurras.fo\/?p=29051"},"modified":"2024-03-18T18:45:48","modified_gmt":"2024-03-18T18:45:48","slug":"heilsuskuli-foroya-raettleiding-til-kunning-i-midlunum","status":"publish","type":"post","link":"https:\/\/sudurras.fo\/?p=29051","title":{"rendered":"Heilsusk\u00fali F\u00f8roya: R\u00e6ttlei\u00f0ing til kunning \u00ed mi\u00f0lunum"},"content":{"rendered":"\n<figure class=\"wp-block-image size-large\"><img loading=\"lazy\" decoding=\"async\" width=\"1024\" height=\"682\" src=\"https:\/\/sudurras.fo\/wp-content\/uploads\/2022\/03\/Skuladepilin-1024x682.jpg\" alt=\"\" class=\"wp-image-21219\" srcset=\"https:\/\/sudurras.fo\/wp-content\/uploads\/2022\/03\/Skuladepilin-1024x682.jpg 1024w, https:\/\/sudurras.fo\/wp-content\/uploads\/2022\/03\/Skuladepilin-300x200.jpg 300w, https:\/\/sudurras.fo\/wp-content\/uploads\/2022\/03\/Skuladepilin-768x512.jpg 768w, https:\/\/sudurras.fo\/wp-content\/uploads\/2022\/03\/Skuladepilin.jpg 1379w\" sizes=\"auto, (max-width: 1024px) 100vw, 1024px\" \/><\/figure>\n\n\n\n<p><\/p>\n\n\n\n<p>\u00c1 Heilsusk\u00fala F\u00f8roya hava vit fleiri ums\u00f3knarfreistir. Vit hava ein heilsur\u00f8ktaraflokk sum byrjar \u00ed februar og ein heilsuhj\u00e1lparaflokk sum byrjar \u00ed apr\u00edl, afturat teimum flokkunum sum byrja \u00ed august.<\/p>\n\n\n\n<p>Ta\u00f0 kann skiljast sum, at Heilsusk\u00falin bara hevur eina ums\u00f3knarfreist, sum ta\u00f0 ver\u00f0ur sett fram \u00ed mi\u00f0lunum, t\u00ed hetta bara er \u00e1hugavert um ta\u00f0 kann samanl\u00edknast vi\u00f0 a\u00f0rar sk\u00falar \u00ed landinum.<\/p>\n\n\n\n<p>\u00cd januar \u00ed 2024 fingu 14 heilsur\u00f8ktarar pr\u00f3gv. \u00ed februar byrja\u00f0u 12 heilsur\u00f8ktaran\u00e6mingar s\u00edna \u00fatb\u00fagving. \u00cd februar fingu 4 heilsuhj\u00e1lparar pr\u00f3gv.<\/p>\n\n\n\n<ol class=\"wp-block-list\" start=\"15\">\n<li>mars fingu 21 starvsf\u00f3lk \u00ed f\u00f8roysku r\u00f8ktini pr\u00f3gv upp\u00e1 at tey hava loki\u00f0 veglei\u00f0araskei\u00f0 og \u00ed apr\u00edl byrjar ein flokkur vi\u00f0 15 heilsuhj\u00e1lparalesandi.<\/li>\n<\/ol>\n\n\n\n<p>Ta\u00f0 er p\u00fara vanligt at ums\u00f8kjaratali\u00f0 \u00f8kist \u00e1 Heilsusk\u00falanum, heilt fram m\u00f3ti sumri, t\u00f3 at tali\u00f0 \u00ed \u00e1r, uttan iva er ta\u00f0 l\u00e6gsta leingi.<\/p>\n\n\n\n<p>Harafturat er t\u00fddningarmiki\u00f0 at f\u00e1a fram at hetta er fyrsta \u00e1ri\u00f0, at vit royna okkum vi\u00f0 tveimum flokkum av heilsur\u00f8ktarum. Til og vi\u00f0 2023, hevur ta\u00f0 bara veri\u00f0 ein flokkur.<\/p>\n\n\n\n<p>Heilsusk\u00fali F\u00f8roya, yrkis- og mi\u00f0n\u00e1ms\u00fatb\u00fagving<\/p>\n","protected":false},"excerpt":{"rendered":"<p>\u00c1 Heilsusk\u00fala F\u00f8roya hava vit fleiri ums\u00f3knarfreistir. Vit hava ein heilsur\u00f8ktaraflokk sum byrjar \u00ed februar og ein heilsuhj\u00e1lparaflokk sum byrjar \u00ed apr\u00edl, afturat teimum flokkunum sum byrja \u00ed august. Ta\u00f0 kann skiljast sum, at Heilsusk\u00falin bara hevur eina ums\u00f3knarfreist, sum ta\u00f0 ver\u00f0ur sett fram \u00ed mi\u00f0lunum, t\u00ed hetta bara er \u00e1hugavert um ta\u00f0 kann samanl\u00edknast [&hellip;]<\/p>\n","protected":false},"author":23,"featured_media":21219,"comment_status":"closed","ping_status":"closed","sticky":false,"template":"","format":"standard","meta":{"ngg_post_thumbnail":0,"footnotes":""},"categories":[41],"tags":[],"class_list":["post-29051","post","type-post","status-publish","format-standard","has-post-thumbnail","hentry","category-tidindaskriv"],"publishpress_future_action":{"enabled":false,"date":"2026-05-07 21:17:45","action":"change-status","newStatus":"draft","terms":[],"taxonomy":"category","extraData":[]},"publishpress_future_workflow_manual_trigger":{"enabledWorkflows":[]},"_links":{"self":[{"href":"https:\/\/sudurras.fo\/index.php?rest_route=\/wp\/v2\/posts\/29051","targetHints":{"allow":["GET"]}}],"collection":[{"href":"https:\/\/sudurras.fo\/index.php?rest_route=\/wp\/v2\/posts"}],"about":[{"href":"https:\/\/sudurras.fo\/index.php?rest_route=\/wp\/v2\/types\/post"}],"author":[{"embeddable":true,"href":"https:\/\/sudurras.fo\/index.php?rest_route=\/wp\/v2\/users\/23"}],"replies":[{"embeddable":true,"href":"https:\/\/sudurras.fo\/index.php?rest_route=%2Fwp%2Fv2%2Fcomments&post=29051"}],"version-history":[{"count":1,"href":"https:\/\/sudurras.fo\/index.php?rest_route=\/wp\/v2\/posts\/29051\/revisions"}],"predecessor-version":[{"id":29052,"href":"https:\/\/sudurras.fo\/index.php?rest_route=\/wp\/v2\/posts\/29051\/revisions\/29052"}],"wp:featuredmedia":[{"embeddable":true,"href":"https:\/\/sudurras.fo\/index.php?rest_route=\/wp\/v2\/media\/21219"}],"wp:attachment":[{"href":"https:\/\/sudurras.fo\/index.php?rest_route=%2Fwp%2Fv2%2Fmedia&parent=29051"}],"wp:term":[{"taxonomy":"category","embeddable":true,"href":"https:\/\/sudurras.fo\/index.php?rest_route=%2Fwp%2Fv2%2Fcategories&post=29051"},{"taxonomy":"post_tag","embeddable":true,"href":"https:\/\/sudurras.fo\/index.php?rest_route=%2Fwp%2Fv2%2Ftags&post=29051"}],"curies":[{"name":"wp","href":"https:\/\/api.w.org\/{rel}","templated":true}]}}