{"id":29272,"date":"2024-04-05T12:58:44","date_gmt":"2024-04-05T11:58:44","guid":{"rendered":"https:\/\/sudurras.fo\/?p=29272"},"modified":"2024-04-05T12:58:45","modified_gmt":"2024-04-05T11:58:45","slug":"felags-kvoldskula-framsyning-hja-tvoroyrar-og-vags-kvoldskula-2024","status":"publish","type":"post","link":"https:\/\/sudurras.fo\/?p=29272","title":{"rendered":"Felags Kv\u00f8ldsk\u00fala frams\u00fdning hj\u00e1 Tv\u00f8royrar og V\u00e1gs Kv\u00f8ldsk\u00fala 2024"},"content":{"rendered":"\n<figure class=\"wp-block-image size-large\"><img loading=\"lazy\" decoding=\"async\" width=\"1024\" height=\"683\" src=\"https:\/\/sudurras.fo\/wp-content\/uploads\/2024\/04\/glas-1-1024x683.jpg\" alt=\"\" class=\"wp-image-29270\" srcset=\"https:\/\/sudurras.fo\/wp-content\/uploads\/2024\/04\/glas-1-1024x683.jpg 1024w, https:\/\/sudurras.fo\/wp-content\/uploads\/2024\/04\/glas-1-300x200.jpg 300w, https:\/\/sudurras.fo\/wp-content\/uploads\/2024\/04\/glas-1-768x512.jpg 768w, https:\/\/sudurras.fo\/wp-content\/uploads\/2024\/04\/glas-1-1536x1024.jpg 1536w, https:\/\/sudurras.fo\/wp-content\/uploads\/2024\/04\/glas-1-2048x1365.jpg 2048w\" sizes=\"auto, (max-width: 1024px) 100vw, 1024px\" \/><\/figure>\n\n\n\n<p>\u00c1rliga frams\u00fdningin&nbsp;hj\u00e1 kv\u00f8ldsk\u00falan\u00e6mingunum ver\u00f0ur leygardagin 20.apr\u00edl 2024.<\/p>\n\n\n\n<p>Frams\u00fdningin\u00a0ver\u00f0ur fr\u00e1 klokkan\u00a014.00 til 18.00 \u00ed SALT.<\/p>\n\n\n\n<p>S\u00fdnt ver\u00f0ur fram ymiskt av t\u00ed, sum er gj\u00f8rt \u00ed Tv\u00f8royrar og V\u00e1gs Kv\u00f8ldsk\u00fala kv\u00f8ldsk\u00fala\u00e1ri\u00f0 2023-2024.<\/p>\n\n\n\n<p>Tv\u00f8royrar Hornorkestur, sum er partur av Kv\u00f8ldsk\u00falanum, setur s\u00fdningina.<\/p>\n","protected":false},"excerpt":{"rendered":"<p>\u00c1rliga frams\u00fdningin&nbsp;hj\u00e1 kv\u00f8ldsk\u00falan\u00e6mingunum ver\u00f0ur leygardagin 20.apr\u00edl 2024. Frams\u00fdningin\u00a0ver\u00f0ur fr\u00e1 klokkan\u00a014.00 til 18.00 \u00ed SALT. S\u00fdnt ver\u00f0ur fram ymiskt av t\u00ed, sum er gj\u00f8rt \u00ed Tv\u00f8royrar og V\u00e1gs Kv\u00f8ldsk\u00fala kv\u00f8ldsk\u00fala\u00e1ri\u00f0 2023-2024. Tv\u00f8royrar Hornorkestur, sum er partur av Kv\u00f8ldsk\u00falanum, setur s\u00fdningina.<\/p>\n","protected":false},"author":22,"featured_media":29270,"comment_status":"closed","ping_status":"closed","sticky":false,"template":"","format":"standard","meta":{"ngg_post_thumbnail":0,"footnotes":""},"categories":[1],"tags":[],"class_list":["post-29272","post","type-post","status-publish","format-standard","has-post-thumbnail","hentry","category-tidindi"],"publishpress_future_action":{"enabled":false,"date":"2026-05-07 06:35:00","action":"change-status","newStatus":"draft","terms":[],"taxonomy":"category","extraData":[]},"publishpress_future_workflow_manual_trigger":{"enabledWorkflows":[]},"_links":{"self":[{"href":"https:\/\/sudurras.fo\/index.php?rest_route=\/wp\/v2\/posts\/29272","targetHints":{"allow":["GET"]}}],"collection":[{"href":"https:\/\/sudurras.fo\/index.php?rest_route=\/wp\/v2\/posts"}],"about":[{"href":"https:\/\/sudurras.fo\/index.php?rest_route=\/wp\/v2\/types\/post"}],"author":[{"embeddable":true,"href":"https:\/\/sudurras.fo\/index.php?rest_route=\/wp\/v2\/users\/22"}],"replies":[{"embeddable":true,"href":"https:\/\/sudurras.fo\/index.php?rest_route=%2Fwp%2Fv2%2Fcomments&post=29272"}],"version-history":[{"count":1,"href":"https:\/\/sudurras.fo\/index.php?rest_route=\/wp\/v2\/posts\/29272\/revisions"}],"predecessor-version":[{"id":29273,"href":"https:\/\/sudurras.fo\/index.php?rest_route=\/wp\/v2\/posts\/29272\/revisions\/29273"}],"wp:featuredmedia":[{"embeddable":true,"href":"https:\/\/sudurras.fo\/index.php?rest_route=\/wp\/v2\/media\/29270"}],"wp:attachment":[{"href":"https:\/\/sudurras.fo\/index.php?rest_route=%2Fwp%2Fv2%2Fmedia&parent=29272"}],"wp:term":[{"taxonomy":"category","embeddable":true,"href":"https:\/\/sudurras.fo\/index.php?rest_route=%2Fwp%2Fv2%2Fcategories&post=29272"},{"taxonomy":"post_tag","embeddable":true,"href":"https:\/\/sudurras.fo\/index.php?rest_route=%2Fwp%2Fv2%2Ftags&post=29272"}],"curies":[{"name":"wp","href":"https:\/\/api.w.org\/{rel}","templated":true}]}}