{"id":30129,"date":"2024-06-15T20:39:13","date_gmt":"2024-06-15T19:39:13","guid":{"rendered":"https:\/\/sudurras.fo\/?p=30129"},"modified":"2024-06-15T20:43:18","modified_gmt":"2024-06-15T19:43:18","slug":"54-av-veljarunum-i-hvalbiar-kommunu-imoti-kommunusamanlegging","status":"publish","type":"post","link":"https:\/\/sudurras.fo\/?p=30129","title":{"rendered":"54% av veljarunum \u00ed Hvalbiar kommunu \u00edm\u00f3ti kommunusamanlegging"},"content":{"rendered":"\n<figure class=\"wp-block-image size-large\"><img loading=\"lazy\" decoding=\"async\" width=\"1024\" height=\"681\" src=\"https:\/\/sudurras.fo\/wp-content\/uploads\/2018\/02\/E0B86EFD-944D-4BAD-BF13-5C9C6D55F644-1024x681.jpeg\" alt=\"\" class=\"wp-image-2243\" srcset=\"https:\/\/sudurras.fo\/wp-content\/uploads\/2018\/02\/E0B86EFD-944D-4BAD-BF13-5C9C6D55F644.jpeg 1024w, https:\/\/sudurras.fo\/wp-content\/uploads\/2018\/02\/E0B86EFD-944D-4BAD-BF13-5C9C6D55F644-300x200.jpeg 300w, https:\/\/sudurras.fo\/wp-content\/uploads\/2018\/02\/E0B86EFD-944D-4BAD-BF13-5C9C6D55F644-768x511.jpeg 768w\" sizes=\"auto, (max-width: 1024px) 100vw, 1024px\" \/><figcaption class=\"wp-element-caption\">Myndina hevur Ey\u00f0finn Debes tiki\u00f0<\/figcaption><\/figure>\n\n\n\n<p><\/p>\n\n\n\n<p>N\u00fa atkv\u00f8\u00f0urnar fr\u00e1 veglei\u00f0andi f\u00f3lkaatkv\u00f8\u00f0uni \u00ed Hvalbiar kommunu um kommunusamanlegging vi\u00f0 Tv\u00f8royrar kommunu eru taldar upp, er greitt, at ein meiriluti \u00ed Hvalbiar kommunu er \u00edm\u00f3ti kommunusamanlegging.<\/p>\n\n\n\n<p>Samb\u00e6rt KVF s\u00f8gdu 54% av veljarunum \u00ed Hvalbiar kommunu nei til kommunusamanlegging. <\/p>\n\n\n\n<p>Vallut\u00f8kan var 93 %. 46% v\u00f3ru fyri kommunusamanlegging og 54% v\u00f3ru \u00edm\u00f3ti. <\/p>\n","protected":false},"excerpt":{"rendered":"<p>N\u00fa atkv\u00f8\u00f0urnar fr\u00e1 veglei\u00f0andi f\u00f3lkaatkv\u00f8\u00f0uni \u00ed Hvalbiar kommunu um kommunusamanlegging vi\u00f0 Tv\u00f8royrar kommunu eru taldar upp, er greitt, at ein meiriluti \u00ed Hvalbiar kommunu er \u00edm\u00f3ti kommunusamanlegging. Samb\u00e6rt KVF s\u00f8gdu 54% av veljarunum \u00ed Hvalbiar kommunu nei til kommunusamanlegging. Vallut\u00f8kan var 93 %. 46% v\u00f3ru fyri kommunusamanlegging og 54% v\u00f3ru \u00edm\u00f3ti.<\/p>\n","protected":false},"author":24,"featured_media":2243,"comment_status":"closed","ping_status":"closed","sticky":false,"template":"","format":"standard","meta":{"ngg_post_thumbnail":0,"footnotes":""},"categories":[1],"tags":[],"class_list":["post-30129","post","type-post","status-publish","format-standard","has-post-thumbnail","hentry","category-tidindi"],"publishpress_future_action":{"enabled":false,"date":"2026-05-07 05:50:37","action":"change-status","newStatus":"draft","terms":[],"taxonomy":"category","extraData":[]},"publishpress_future_workflow_manual_trigger":{"enabledWorkflows":[]},"_links":{"self":[{"href":"https:\/\/sudurras.fo\/index.php?rest_route=\/wp\/v2\/posts\/30129","targetHints":{"allow":["GET"]}}],"collection":[{"href":"https:\/\/sudurras.fo\/index.php?rest_route=\/wp\/v2\/posts"}],"about":[{"href":"https:\/\/sudurras.fo\/index.php?rest_route=\/wp\/v2\/types\/post"}],"author":[{"embeddable":true,"href":"https:\/\/sudurras.fo\/index.php?rest_route=\/wp\/v2\/users\/24"}],"replies":[{"embeddable":true,"href":"https:\/\/sudurras.fo\/index.php?rest_route=%2Fwp%2Fv2%2Fcomments&post=30129"}],"version-history":[{"count":2,"href":"https:\/\/sudurras.fo\/index.php?rest_route=\/wp\/v2\/posts\/30129\/revisions"}],"predecessor-version":[{"id":30132,"href":"https:\/\/sudurras.fo\/index.php?rest_route=\/wp\/v2\/posts\/30129\/revisions\/30132"}],"wp:featuredmedia":[{"embeddable":true,"href":"https:\/\/sudurras.fo\/index.php?rest_route=\/wp\/v2\/media\/2243"}],"wp:attachment":[{"href":"https:\/\/sudurras.fo\/index.php?rest_route=%2Fwp%2Fv2%2Fmedia&parent=30129"}],"wp:term":[{"taxonomy":"category","embeddable":true,"href":"https:\/\/sudurras.fo\/index.php?rest_route=%2Fwp%2Fv2%2Fcategories&post=30129"},{"taxonomy":"post_tag","embeddable":true,"href":"https:\/\/sudurras.fo\/index.php?rest_route=%2Fwp%2Fv2%2Ftags&post=30129"}],"curies":[{"name":"wp","href":"https:\/\/api.w.org\/{rel}","templated":true}]}}