{"id":30149,"date":"2024-06-17T12:15:30","date_gmt":"2024-06-17T11:15:30","guid":{"rendered":"https:\/\/sudurras.fo\/?p=30149"},"modified":"2024-06-17T12:15:30","modified_gmt":"2024-06-17T11:15:30","slug":"johannudagurin-2025","status":"publish","type":"post","link":"https:\/\/sudurras.fo\/?p=30149","title":{"rendered":"Johannudagurin 2025"},"content":{"rendered":"\n<figure class=\"wp-block-image size-large\"><img loading=\"lazy\" decoding=\"async\" width=\"1024\" height=\"576\" src=\"https:\/\/sudurras.fo\/wp-content\/uploads\/2024\/06\/edit_4.00_03_52_01.Still021-1024x576.jpg\" alt=\"\" class=\"wp-image-30150\" srcset=\"https:\/\/sudurras.fo\/wp-content\/uploads\/2024\/06\/edit_4.00_03_52_01.Still021-1024x576.jpg 1024w, https:\/\/sudurras.fo\/wp-content\/uploads\/2024\/06\/edit_4.00_03_52_01.Still021-300x169.jpg 300w, https:\/\/sudurras.fo\/wp-content\/uploads\/2024\/06\/edit_4.00_03_52_01.Still021-768x432.jpg 768w, https:\/\/sudurras.fo\/wp-content\/uploads\/2024\/06\/edit_4.00_03_52_01.Still021-1536x864.jpg 1536w, https:\/\/sudurras.fo\/wp-content\/uploads\/2024\/06\/edit_4.00_03_52_01.Still021.jpg 1920w\" sizes=\"auto, (max-width: 1024px) 100vw, 1024px\" \/><\/figure>\n\n\n\n<p>Leygardagin 31. august ver\u00f0ur \u00e1rligi Johannudagurin \u00ed V\u00e1gi.<\/p>\n\n\n\n<p>Fyrireikingararbei\u00f0i\u00f0 er \u00ed gongd og skr\u00e1in kemur \u00fat \u00ed augustm\u00e1na\u00f0. Johannudagurin er ein hugnaligur maritimur familjudagur, i\u00f0 Felagi\u00f0 Johanna TG326, V\u00e1gs Kappr\u00f3\u00f0rarfelag og V\u00e1gs Kommuna fyriskipa.<\/p>\n\n\n\n<p>\u00c1 degnum kann v\u00e6ntast syngi\u00f0 vi\u00f0 tiltak, vatnkr\u00edggj, sj\u00f3r\u00e6narar og bryggjudansur. Til bryggjudansin og grillingina \u00e1\u00f0renn ber til at keypa atgongumerkir \u00ed fors\u00f8lu. Atgongumerkini kunnu keypast <a href=\"https:\/\/billett.fo\/\" target=\"_blank\" rel=\"noreferrer noopener\">her<\/a>.<\/p>\n","protected":false},"excerpt":{"rendered":"<p>Leygardagin 31. august ver\u00f0ur \u00e1rligi Johannudagurin \u00ed V\u00e1gi. Fyrireikingararbei\u00f0i\u00f0 er \u00ed gongd og skr\u00e1in kemur \u00fat \u00ed augustm\u00e1na\u00f0. Johannudagurin er ein hugnaligur maritimur familjudagur, i\u00f0 Felagi\u00f0 Johanna TG326, V\u00e1gs Kappr\u00f3\u00f0rarfelag og V\u00e1gs Kommuna fyriskipa. \u00c1 degnum kann v\u00e6ntast syngi\u00f0 vi\u00f0 tiltak, vatnkr\u00edggj, sj\u00f3r\u00e6narar og bryggjudansur. Til bryggjudansin og grillingina \u00e1\u00f0renn ber til at keypa atgongumerkir [&hellip;]<\/p>\n","protected":false},"author":24,"featured_media":30150,"comment_status":"closed","ping_status":"closed","sticky":false,"template":"","format":"standard","meta":{"ngg_post_thumbnail":0,"footnotes":""},"categories":[1],"tags":[],"class_list":["post-30149","post","type-post","status-publish","format-standard","has-post-thumbnail","hentry","category-tidindi"],"publishpress_future_action":{"enabled":false,"date":"2026-05-07 05:48:35","action":"change-status","newStatus":"draft","terms":[],"taxonomy":"category","extraData":[]},"publishpress_future_workflow_manual_trigger":{"enabledWorkflows":[]},"_links":{"self":[{"href":"https:\/\/sudurras.fo\/index.php?rest_route=\/wp\/v2\/posts\/30149","targetHints":{"allow":["GET"]}}],"collection":[{"href":"https:\/\/sudurras.fo\/index.php?rest_route=\/wp\/v2\/posts"}],"about":[{"href":"https:\/\/sudurras.fo\/index.php?rest_route=\/wp\/v2\/types\/post"}],"author":[{"embeddable":true,"href":"https:\/\/sudurras.fo\/index.php?rest_route=\/wp\/v2\/users\/24"}],"replies":[{"embeddable":true,"href":"https:\/\/sudurras.fo\/index.php?rest_route=%2Fwp%2Fv2%2Fcomments&post=30149"}],"version-history":[{"count":1,"href":"https:\/\/sudurras.fo\/index.php?rest_route=\/wp\/v2\/posts\/30149\/revisions"}],"predecessor-version":[{"id":30153,"href":"https:\/\/sudurras.fo\/index.php?rest_route=\/wp\/v2\/posts\/30149\/revisions\/30153"}],"wp:featuredmedia":[{"embeddable":true,"href":"https:\/\/sudurras.fo\/index.php?rest_route=\/wp\/v2\/media\/30150"}],"wp:attachment":[{"href":"https:\/\/sudurras.fo\/index.php?rest_route=%2Fwp%2Fv2%2Fmedia&parent=30149"}],"wp:term":[{"taxonomy":"category","embeddable":true,"href":"https:\/\/sudurras.fo\/index.php?rest_route=%2Fwp%2Fv2%2Fcategories&post=30149"},{"taxonomy":"post_tag","embeddable":true,"href":"https:\/\/sudurras.fo\/index.php?rest_route=%2Fwp%2Fv2%2Ftags&post=30149"}],"curies":[{"name":"wp","href":"https:\/\/api.w.org\/{rel}","templated":true}]}}