{"id":30161,"date":"2024-06-18T15:37:15","date_gmt":"2024-06-18T14:37:15","guid":{"rendered":"https:\/\/sudurras.fo\/?p=30161"},"modified":"2024-06-18T15:37:15","modified_gmt":"2024-06-18T14:37:15","slug":"stor-kanning-av-foroyingum-vid-diabetes-2","status":"publish","type":"post","link":"https:\/\/sudurras.fo\/?p=30161","title":{"rendered":"St\u00f3r kanning av f\u00f8royingum vi\u00f0 diabetes 2"},"content":{"rendered":"\n<figure class=\"wp-block-image size-full\"><img loading=\"lazy\" decoding=\"async\" width=\"624\" height=\"350\" src=\"https:\/\/sudurras.fo\/wp-content\/uploads\/2024\/06\/heilsufotboltur-2.jpeg\" alt=\"\" class=\"wp-image-30162\" srcset=\"https:\/\/sudurras.fo\/wp-content\/uploads\/2024\/06\/heilsufotboltur-2.jpeg 624w, https:\/\/sudurras.fo\/wp-content\/uploads\/2024\/06\/heilsufotboltur-2-300x168.jpeg 300w\" sizes=\"auto, (max-width: 624px) 100vw, 624px\" \/><\/figure>\n\n\n\n<p><\/p>\n\n\n\n<p><strong>Fr\u00f3\u00f0skaparsetur F\u00f8roya og Steno Mi\u00f0st\u00f8\u00f0in \u00ed Sj\u00fakrah\u00fasverki F\u00f8roya fara n\u00fa undir eina st\u00f3ra kanning av f\u00f3lki vi\u00f0 diabetes 2 fyri at f\u00e1a sta\u00f0fest \u00e1virkanina, sum heilsuf\u00f3tb\u00f3ltssp\u00e6l hevur \u00e1 heilsust\u00f8\u00f0una<\/strong><\/p>\n\n\n\n<p>Deildin fyri heilsu- og sj\u00fakrar\u00f8ktarv\u00edsindi \u00e1 Fr\u00f3\u00f0skaparsetrinum og Steno Mi\u00f0st\u00f8\u00f0in \u00ed Sj\u00fakrah\u00fasverki F\u00f8roya sendu \u00ed gj\u00e1r meira enn 800 br\u00f8v gj\u00f8gnum M\u00ednboks til f\u00f3lk vi\u00f0 diabetes 2.&nbsp;F\u00f3lkini eru \u00f8ll millum 40 og 70 \u00e1r. Endam\u00e1li\u00f0 er at bj\u00f3\u00f0a teimum at vera vi\u00f0 \u00ed eini st\u00f3rari kanning av, hv\u00f8rja \u00e1virkan samansett venjing, sum ein f\u00e6r vi\u00f0 f\u00f3tb\u00f3ltssp\u00e6li, hevur \u00e1 heilsuna hj\u00e1 f\u00f3lki vi\u00f0 diabetes 2.<\/p>\n\n\n\n<p>Talan er um eina sokalla\u00f0a inverventi\u00f3nskanning, har tey, sum melda seg til, tilvildarliga ver\u00f0a b\u00fdtt \u00ed tveir b\u00f3lkar, ein heilsuf\u00f3tb\u00f3ltsb\u00f3lk og ein kontrollb\u00f3lk.<\/p>\n\n\n\n<p>Heilsuf\u00f3tb\u00f3ltsb\u00f3lkurin skal sp\u00e6la f\u00f3tb\u00f3lt \u00ed 14 vikur, og kontrollb\u00f3lkurin heldur fram at r\u00f8ra seg sum vanligt.<\/p>\n\n\n\n<p>B\u00e6\u00f0i \u00e1\u00f0renn og eftir hesar 14 vikurnar ver\u00f0a n\u00f3gvar og somu kanningar gj\u00f8rdar av \u00f8llum luttakarum fyri at sta\u00f0festa, hv\u00f8rja \u00e1virkan heilsuf\u00f3tb\u00f3ltssp\u00e6li\u00f0 hevur havt.<\/p>\n\n\n\n<p>Venjingarnar fara at vera ymsasta\u00f0ni kring landi\u00f0.<\/p>\n\n\n\n<p>Verk\u00e6tlanin byrjar 1. august 2024 og heldur fram til mi\u00f0jan desember.<\/p>\n\n\n\n<p>F\u00f3tb\u00f3ltssamband F\u00f8roya er eisini partur av verk\u00e6tlanini.<\/p>\n","protected":false},"excerpt":{"rendered":"<p>Fr\u00f3\u00f0skaparsetur F\u00f8roya og Steno Mi\u00f0st\u00f8\u00f0in \u00ed Sj\u00fakrah\u00fasverki F\u00f8roya fara n\u00fa undir eina st\u00f3ra kanning av f\u00f3lki vi\u00f0 diabetes 2 fyri at f\u00e1a sta\u00f0fest \u00e1virkanina, sum heilsuf\u00f3tb\u00f3ltssp\u00e6l hevur \u00e1 heilsust\u00f8\u00f0una Deildin fyri heilsu- og sj\u00fakrar\u00f8ktarv\u00edsindi \u00e1 Fr\u00f3\u00f0skaparsetrinum og Steno Mi\u00f0st\u00f8\u00f0in \u00ed Sj\u00fakrah\u00fasverki F\u00f8roya sendu \u00ed gj\u00e1r meira enn 800 br\u00f8v gj\u00f8gnum M\u00ednboks til f\u00f3lk vi\u00f0 diabetes [&hellip;]<\/p>\n","protected":false},"author":23,"featured_media":30162,"comment_status":"closed","ping_status":"closed","sticky":false,"template":"","format":"standard","meta":{"ngg_post_thumbnail":0,"footnotes":""},"categories":[1],"tags":[],"class_list":["post-30161","post","type-post","status-publish","format-standard","has-post-thumbnail","hentry","category-tidindi"],"publishpress_future_action":{"enabled":false,"date":"2026-05-07 05:54:10","action":"change-status","newStatus":"draft","terms":[],"taxonomy":"category","extraData":[]},"publishpress_future_workflow_manual_trigger":{"enabledWorkflows":[]},"_links":{"self":[{"href":"https:\/\/sudurras.fo\/index.php?rest_route=\/wp\/v2\/posts\/30161","targetHints":{"allow":["GET"]}}],"collection":[{"href":"https:\/\/sudurras.fo\/index.php?rest_route=\/wp\/v2\/posts"}],"about":[{"href":"https:\/\/sudurras.fo\/index.php?rest_route=\/wp\/v2\/types\/post"}],"author":[{"embeddable":true,"href":"https:\/\/sudurras.fo\/index.php?rest_route=\/wp\/v2\/users\/23"}],"replies":[{"embeddable":true,"href":"https:\/\/sudurras.fo\/index.php?rest_route=%2Fwp%2Fv2%2Fcomments&post=30161"}],"version-history":[{"count":1,"href":"https:\/\/sudurras.fo\/index.php?rest_route=\/wp\/v2\/posts\/30161\/revisions"}],"predecessor-version":[{"id":30163,"href":"https:\/\/sudurras.fo\/index.php?rest_route=\/wp\/v2\/posts\/30161\/revisions\/30163"}],"wp:featuredmedia":[{"embeddable":true,"href":"https:\/\/sudurras.fo\/index.php?rest_route=\/wp\/v2\/media\/30162"}],"wp:attachment":[{"href":"https:\/\/sudurras.fo\/index.php?rest_route=%2Fwp%2Fv2%2Fmedia&parent=30161"}],"wp:term":[{"taxonomy":"category","embeddable":true,"href":"https:\/\/sudurras.fo\/index.php?rest_route=%2Fwp%2Fv2%2Fcategories&post=30161"},{"taxonomy":"post_tag","embeddable":true,"href":"https:\/\/sudurras.fo\/index.php?rest_route=%2Fwp%2Fv2%2Ftags&post=30161"}],"curies":[{"name":"wp","href":"https:\/\/api.w.org\/{rel}","templated":true}]}}