{"id":30425,"date":"2024-07-24T13:32:09","date_gmt":"2024-07-24T12:32:09","guid":{"rendered":"https:\/\/sudurras.fo\/?p=30425"},"modified":"2024-07-24T13:32:09","modified_gmt":"2024-07-24T12:32:09","slug":"ssl-25-26-juli-avlysingar-torsdagin-kl-2115-og-friggjadagin-kl-0700","status":"publish","type":"post","link":"https:\/\/sudurras.fo\/?p=30425","title":{"rendered":"SSL: 25. &#8211; 26. juli -Avl\u00fdsingar t\u00f3rsdagin kl. 21:15 og fr\u00edggjadagin kl. 07:00"},"content":{"rendered":"\n<figure class=\"wp-block-image size-large\"><img loading=\"lazy\" decoding=\"async\" width=\"1024\" height=\"768\" src=\"https:\/\/sudurras.fo\/wp-content\/uploads\/2023\/05\/IMG_20230510_114204-01-1024x768.jpeg\" alt=\"\" class=\"wp-image-26034\" srcset=\"https:\/\/sudurras.fo\/wp-content\/uploads\/2023\/05\/IMG_20230510_114204-01-1024x768.jpeg 1024w, https:\/\/sudurras.fo\/wp-content\/uploads\/2023\/05\/IMG_20230510_114204-01-300x225.jpeg 300w, https:\/\/sudurras.fo\/wp-content\/uploads\/2023\/05\/IMG_20230510_114204-01-768x576.jpeg 768w, https:\/\/sudurras.fo\/wp-content\/uploads\/2023\/05\/IMG_20230510_114204-01-1536x1152.jpeg 1536w, https:\/\/sudurras.fo\/wp-content\/uploads\/2023\/05\/IMG_20230510_114204-01-2048x1536.jpeg 2048w\" sizes=\"auto, (max-width: 1024px) 100vw, 1024px\" \/><\/figure>\n\n\n\n<p><\/p>\n\n\n\n<p>Vegna \u00e1trokandi umv\u00e6lingararbei\u00f0i umbor\u00f0 \u00e1 Smyrli, ver\u00f0a t\u00fararnir t\u00f3rsdagin 25\/7 kl. 21:15 av Havnini og fr\u00edggjadagin 26\/7 kl. 07:00 av Krambatanga ikki sigldir.<\/p>\n\n\n\n<p>Fer\u00f0af\u00f3lk, i\u00f0 hava b\u00edlagt pl\u00e1ss til akf\u00f8r hesar t\u00farar, kunnu b\u00edleggja s\u00e6r pl\u00e1ss \u00e1 \u00f8\u00f0rum fr\u00e1fer\u00f0um. <\/p>\n\n\n\n<p>T\u00farurin t\u00f3rsdagin 25\/7 kl. 14:15 av Havnini er fluttur til kl. 15:00.<\/p>\n","protected":false},"excerpt":{"rendered":"<p>Vegna \u00e1trokandi umv\u00e6lingararbei\u00f0i umbor\u00f0 \u00e1 Smyrli, ver\u00f0a t\u00fararnir t\u00f3rsdagin 25\/7 kl. 21:15 av Havnini og fr\u00edggjadagin 26\/7 kl. 07:00 av Krambatanga ikki sigldir. Fer\u00f0af\u00f3lk, i\u00f0 hava b\u00edlagt pl\u00e1ss til akf\u00f8r hesar t\u00farar, kunnu b\u00edleggja s\u00e6r pl\u00e1ss \u00e1 \u00f8\u00f0rum fr\u00e1fer\u00f0um. T\u00farurin t\u00f3rsdagin 25\/7 kl. 14:15 av Havnini er fluttur til kl. 15:00.<\/p>\n","protected":false},"author":24,"featured_media":26034,"comment_status":"closed","ping_status":"closed","sticky":false,"template":"","format":"standard","meta":{"ngg_post_thumbnail":0,"footnotes":""},"categories":[1],"tags":[],"class_list":["post-30425","post","type-post","status-publish","format-standard","has-post-thumbnail","hentry","category-tidindi"],"publishpress_future_action":{"enabled":false,"date":"2026-05-07 05:40:41","action":"change-status","newStatus":"draft","terms":[],"taxonomy":"category","extraData":[]},"publishpress_future_workflow_manual_trigger":{"enabledWorkflows":[]},"_links":{"self":[{"href":"https:\/\/sudurras.fo\/index.php?rest_route=\/wp\/v2\/posts\/30425","targetHints":{"allow":["GET"]}}],"collection":[{"href":"https:\/\/sudurras.fo\/index.php?rest_route=\/wp\/v2\/posts"}],"about":[{"href":"https:\/\/sudurras.fo\/index.php?rest_route=\/wp\/v2\/types\/post"}],"author":[{"embeddable":true,"href":"https:\/\/sudurras.fo\/index.php?rest_route=\/wp\/v2\/users\/24"}],"replies":[{"embeddable":true,"href":"https:\/\/sudurras.fo\/index.php?rest_route=%2Fwp%2Fv2%2Fcomments&post=30425"}],"version-history":[{"count":1,"href":"https:\/\/sudurras.fo\/index.php?rest_route=\/wp\/v2\/posts\/30425\/revisions"}],"predecessor-version":[{"id":30426,"href":"https:\/\/sudurras.fo\/index.php?rest_route=\/wp\/v2\/posts\/30425\/revisions\/30426"}],"wp:featuredmedia":[{"embeddable":true,"href":"https:\/\/sudurras.fo\/index.php?rest_route=\/wp\/v2\/media\/26034"}],"wp:attachment":[{"href":"https:\/\/sudurras.fo\/index.php?rest_route=%2Fwp%2Fv2%2Fmedia&parent=30425"}],"wp:term":[{"taxonomy":"category","embeddable":true,"href":"https:\/\/sudurras.fo\/index.php?rest_route=%2Fwp%2Fv2%2Fcategories&post=30425"},{"taxonomy":"post_tag","embeddable":true,"href":"https:\/\/sudurras.fo\/index.php?rest_route=%2Fwp%2Fv2%2Ftags&post=30425"}],"curies":[{"name":"wp","href":"https:\/\/api.w.org\/{rel}","templated":true}]}}