{"id":31451,"date":"2024-10-30T10:04:51","date_gmt":"2024-10-30T10:04:51","guid":{"rendered":"https:\/\/sudurras.fo\/?p=31451"},"modified":"2024-10-30T10:04:52","modified_gmt":"2024-10-30T10:04:52","slug":"takk-heini-thorsteinsson","status":"publish","type":"post","link":"https:\/\/sudurras.fo\/?p=31451","title":{"rendered":"Takk \u2013\u00a0Heini Thorsteinsson"},"content":{"rendered":"\n<figure class=\"wp-block-image size-large\"><img loading=\"lazy\" decoding=\"async\" width=\"1024\" height=\"879\" src=\"https:\/\/sudurras.fo\/wp-content\/uploads\/2024\/10\/image-17-1024x879.png\" alt=\"\" class=\"wp-image-31452\" srcset=\"https:\/\/sudurras.fo\/wp-content\/uploads\/2024\/10\/image-17-1024x879.png 1024w, https:\/\/sudurras.fo\/wp-content\/uploads\/2024\/10\/image-17-300x257.png 300w, https:\/\/sudurras.fo\/wp-content\/uploads\/2024\/10\/image-17-768x659.png 768w, https:\/\/sudurras.fo\/wp-content\/uploads\/2024\/10\/image-17-1536x1318.png 1536w, https:\/\/sudurras.fo\/wp-content\/uploads\/2024\/10\/image-17.png 1648w\" sizes=\"auto, (max-width: 1024px) 100vw, 1024px\" \/><\/figure>\n\n\n\n<p><\/p>\n\n\n\n<p>Heini Thorsteinsson f\u00f8ddur 8. novembur 1976 og sj\u00f3l\u00e1tin 6. februar 2024<\/p>\n\n\n\n<p>Takk til MRCC og V\u00f8rn fyri leitingararbei\u00f0i. Takk til manningar \u00e1 skipum og tyrlutilb\u00fagvingina fyri tykkara leiklut \u00ed leitingini.<\/p>\n\n\n\n<p>Takk til familju, vinir, kenningar og tykkum \u00f8ll, sum komu inn \u00e1 g\u00f3lvi\u00f0 \u00ed heiminum og \u00e1 annan h\u00e1tt hava s\u00fdnt samkenslu \u00ed sorg okkara. Takk fyri fl\u00f8vandi or\u00f0, gott til matna og annan ugga \u00ed sorgini og sakninum.<\/p>\n\n\n\n<p>Takk til Patrick prest \u00ed V\u00e1gi, Anniku prest \u00e1 Tv\u00f8royri og Hanus P\u00e1l \u00ed Hvalba, takk fyri \u00f3troyttiiligan stu\u00f0ul og fyri g\u00f3\u00f0 or\u00f0 \u00ed V\u00e1gs kirkju til minningarhaldi\u00f0 13 apr\u00edl. 2024.<\/p>\n\n\n\n<p>Takk til Frelsunarherin&nbsp;og or\u00f0i\u00f0 \u00e1 bor\u00f0i\u00f0, fyri vakran sang \u00ed kirkjuni.<\/p>\n\n\n\n<p>Takk, tit, sum v\u00f3ru vi\u00f0 til at gera minningarl\u00f8tuna \u00ed V\u00e1gs kirkju til ein g\u00f3\u00f0an dag h\u00f3ast alt: eisini tit mongu, sum komu til ervi\u00f0.<\/p>\n\n\n\n<p>Takk til Hans Jacob Hjelm og Fimmbo\u00f0a Lisberg fyri vakran sang og sp\u00e6l.<\/p>\n\n\n\n<p>Vit takka V\u00e1gs kirkju, kirkjur\u00e1\u00f0i og kirkjut\u00e6narum, umframt Poul Laust Christiansen fyri stroyming.<\/p>\n\n\n\n<p>Takk til Su\u00f0uroy\u00f0ar Sj\u00fakrah\u00fas fyri tykkara hj\u00e1lpsemi. Somulei\u00f0is takk til tykkum mongu, i\u00f0 baka\u00f0u.<\/p>\n\n\n\n<p>Takk til rei\u00f0ar\u00ed, skipara og manning fyri l\u00f8turnar.<\/p>\n\n\n\n<p><strong>Genesis og Adrian Marita og Einar<\/strong><\/p>\n\n\n\n<p><strong>Mamma og Pappa<\/strong><\/p>\n\n\n\n<p><strong>Rebekka og Ingvard R\u00e1nnv\u00e1 omman<\/strong><\/p>\n","protected":false},"excerpt":{"rendered":"<p>Heini Thorsteinsson f\u00f8ddur 8. novembur 1976 og sj\u00f3l\u00e1tin 6. februar 2024 Takk til MRCC og V\u00f8rn fyri leitingararbei\u00f0i. Takk til manningar \u00e1 skipum og tyrlutilb\u00fagvingina fyri tykkara leiklut \u00ed leitingini. Takk til familju, vinir, kenningar og tykkum \u00f8ll, sum komu inn \u00e1 g\u00f3lvi\u00f0 \u00ed heiminum og \u00e1 annan h\u00e1tt hava s\u00fdnt samkenslu \u00ed sorg okkara. [&hellip;]<\/p>\n","protected":false},"author":23,"featured_media":31452,"comment_status":"closed","ping_status":"closed","sticky":false,"template":"","format":"standard","meta":{"ngg_post_thumbnail":0,"footnotes":""},"categories":[3],"tags":[],"class_list":["post-31451","post","type-post","status-publish","format-standard","has-post-thumbnail","hentry","category-lesarin-skrivar"],"publishpress_future_action":{"enabled":false,"date":"2026-05-07 23:08:13","action":"change-status","newStatus":"draft","terms":[],"taxonomy":"category","extraData":[]},"publishpress_future_workflow_manual_trigger":{"enabledWorkflows":[]},"_links":{"self":[{"href":"https:\/\/sudurras.fo\/index.php?rest_route=\/wp\/v2\/posts\/31451","targetHints":{"allow":["GET"]}}],"collection":[{"href":"https:\/\/sudurras.fo\/index.php?rest_route=\/wp\/v2\/posts"}],"about":[{"href":"https:\/\/sudurras.fo\/index.php?rest_route=\/wp\/v2\/types\/post"}],"author":[{"embeddable":true,"href":"https:\/\/sudurras.fo\/index.php?rest_route=\/wp\/v2\/users\/23"}],"replies":[{"embeddable":true,"href":"https:\/\/sudurras.fo\/index.php?rest_route=%2Fwp%2Fv2%2Fcomments&post=31451"}],"version-history":[{"count":1,"href":"https:\/\/sudurras.fo\/index.php?rest_route=\/wp\/v2\/posts\/31451\/revisions"}],"predecessor-version":[{"id":31453,"href":"https:\/\/sudurras.fo\/index.php?rest_route=\/wp\/v2\/posts\/31451\/revisions\/31453"}],"wp:featuredmedia":[{"embeddable":true,"href":"https:\/\/sudurras.fo\/index.php?rest_route=\/wp\/v2\/media\/31452"}],"wp:attachment":[{"href":"https:\/\/sudurras.fo\/index.php?rest_route=%2Fwp%2Fv2%2Fmedia&parent=31451"}],"wp:term":[{"taxonomy":"category","embeddable":true,"href":"https:\/\/sudurras.fo\/index.php?rest_route=%2Fwp%2Fv2%2Fcategories&post=31451"},{"taxonomy":"post_tag","embeddable":true,"href":"https:\/\/sudurras.fo\/index.php?rest_route=%2Fwp%2Fv2%2Ftags&post=31451"}],"curies":[{"name":"wp","href":"https:\/\/api.w.org\/{rel}","templated":true}]}}