{"id":31937,"date":"2024-12-13T17:28:40","date_gmt":"2024-12-13T17:28:40","guid":{"rendered":"https:\/\/sudurras.fo\/?p=31937"},"modified":"2024-12-13T17:52:21","modified_gmt":"2024-12-13T17:52:21","slug":"starvsdagur-a-seglloftinum-27-des-24","status":"publish","type":"post","link":"https:\/\/sudurras.fo\/?p=31937","title":{"rendered":"Starvsdagur \u00e1 Seglloftinum 27. Des."},"content":{"rendered":"\n<p>Fr\u00edggjadagin 27. desember, \u00ed t\u00ed\u00f0arbilinum fr\u00e1 kl. 13:00 \u2013 16:00, skipar Tv\u00f8royrar kommuna \u00e1 fyrsta sinni fyri Starvsdegnum.<\/p>\n\n\n\n<figure class=\"wp-block-image size-large\"><img loading=\"lazy\" decoding=\"async\" width=\"1024\" height=\"758\" src=\"https:\/\/sudurras.fo\/wp-content\/uploads\/2024\/12\/image-2-1024x758.png\" alt=\"\" class=\"wp-image-31938\" srcset=\"https:\/\/sudurras.fo\/wp-content\/uploads\/2024\/12\/image-2-1024x758.png 1024w, https:\/\/sudurras.fo\/wp-content\/uploads\/2024\/12\/image-2-300x222.png 300w, https:\/\/sudurras.fo\/wp-content\/uploads\/2024\/12\/image-2-768x569.png 768w, https:\/\/sudurras.fo\/wp-content\/uploads\/2024\/12\/image-2-1536x1137.png 1536w, https:\/\/sudurras.fo\/wp-content\/uploads\/2024\/12\/image-2.png 1715w\" sizes=\"auto, (max-width: 1024px) 100vw, 1024px\" \/><\/figure>\n\n\n\n<p>Starvsdagurin er ein dagur, har starvss\u00f8kjandi, lesandi, og onnur vi\u00f0 \u00e1huga, kunnu st\u00f8kka inn \u00e1 g\u00f3lvi\u00f0 og pr\u00e1ta vi\u00f0 umbo\u00f0 fyri vinnurekandi og stovnar \u00ed Tv\u00f8royrar kommunu. \u00cd b\u00fdnum er n\u00f3gv vinnuligt virksemi og fleiri almennir stovnar halda til \u00ed kommununi.&nbsp;<\/p>\n\n\n\n<p>\u00c6tlanin vi\u00f0 degnum er, at f\u00f3lk skulu kunna hava h\u00f8vi til at tosa vi\u00f0 umbo\u00f0 fyri hesi arbei\u00f0spl\u00e1ss og f\u00e1a meiri at vita um hvat ta\u00f0 inniber at arbei\u00f0a hesi st\u00f8\u00f0. \u00c1 henda h\u00e1tt f\u00e1a \u00e1huga\u00f0i sett andlit \u00e1 fyrit\u00f8kuna ella stovnin og f\u00e1a eina betri fatan av, hv\u00f8rjir m\u00f8guleikar eru.<\/p>\n\n\n\n<p>Ta\u00f0 er til\u00e6tla\u00f0 at tiltaki\u00f0 ver\u00f0ur fyriskipa\u00f0 so seint \u00e1 \u00e1rinum, t\u00ed h\u00e6gri l\u00e6rustovnarnir og sk\u00falarnir hava feriu og eisini kann v\u00e6ntast, at fitt av \u00fatisetum eru heima og vitja.<\/p>\n\n\n\n<p>\u00cd komandi viku ver\u00f0ur meiri at fr\u00e6tta um tiltaki\u00f0 og hv\u00f8rjar fyrit\u00f8kur\/stovnar, ver\u00f0a at hitta. \u00cd skrivandi stund hava vit umbo\u00f0 fyri b\u00e6\u00f0i privata og almenna sektorin.<\/p>\n\n\n\n<p>N\u00f8kur pl\u00e1ss eru t\u00f3 enn fyri luttakandi fyrit\u00f8kum og stovnum og skuldi \u00e1hugi veri\u00f0 fyri t\u00ed, ber til at skriva teldupost til&nbsp;<a href=\"mailto:bn@tvoroyri.fo\">bn@tvoroyri.fo<\/a>&nbsp;ella at ringja \u00e1 214614.<\/p>\n\n\n\n<p>Ta\u00f0 er \u00f3keypis at luttaka, b\u00e6\u00f0i sum fyrit\u00f8ka\/stovnur og gestur.<\/p>\n\n\n\n<p>Tv\u00f8royrar kommuna<\/p>\n\n\n\n<figure class=\"wp-block-image size-large\"><img loading=\"lazy\" decoding=\"async\" width=\"1024\" height=\"219\" src=\"https:\/\/sudurras.fo\/wp-content\/uploads\/2024\/06\/TVK-SV_Silhouett-1024x219.jpg\" alt=\"\" class=\"wp-image-30210\" srcset=\"https:\/\/sudurras.fo\/wp-content\/uploads\/2024\/06\/TVK-SV_Silhouett-1024x219.jpg 1024w, https:\/\/sudurras.fo\/wp-content\/uploads\/2024\/06\/TVK-SV_Silhouett-300x64.jpg 300w, https:\/\/sudurras.fo\/wp-content\/uploads\/2024\/06\/TVK-SV_Silhouett-768x165.jpg 768w, https:\/\/sudurras.fo\/wp-content\/uploads\/2024\/06\/TVK-SV_Silhouett-1536x329.jpg 1536w, https:\/\/sudurras.fo\/wp-content\/uploads\/2024\/06\/TVK-SV_Silhouett-2048x439.jpg 2048w\" sizes=\"auto, (max-width: 1024px) 100vw, 1024px\" \/><\/figure>\n","protected":false},"excerpt":{"rendered":"<p>Fr\u00edggjadagin 27. desember, \u00ed t\u00ed\u00f0arbilinum fr\u00e1 kl. 13:00 \u2013 16:00, skipar Tv\u00f8royrar kommuna \u00e1 fyrsta sinni fyri Starvsdegnum. Starvsdagurin er ein dagur, har starvss\u00f8kjandi, lesandi, og onnur vi\u00f0 \u00e1huga, kunnu st\u00f8kka inn \u00e1 g\u00f3lvi\u00f0 og pr\u00e1ta vi\u00f0 umbo\u00f0 fyri vinnurekandi og stovnar \u00ed Tv\u00f8royrar kommunu. \u00cd b\u00fdnum er n\u00f3gv vinnuligt virksemi og fleiri almennir stovnar [&hellip;]<\/p>\n","protected":false},"author":19,"featured_media":31938,"comment_status":"closed","ping_status":"closed","sticky":false,"template":"","format":"standard","meta":{"ngg_post_thumbnail":0,"footnotes":""},"categories":[1],"tags":[],"class_list":["post-31937","post","type-post","status-publish","format-standard","has-post-thumbnail","hentry","category-tidindi"],"publishpress_future_action":{"enabled":false,"date":"2026-05-05 09:44:05","action":"change-status","newStatus":"draft","terms":[],"taxonomy":"category","extraData":[]},"publishpress_future_workflow_manual_trigger":{"enabledWorkflows":[]},"_links":{"self":[{"href":"https:\/\/sudurras.fo\/index.php?rest_route=\/wp\/v2\/posts\/31937","targetHints":{"allow":["GET"]}}],"collection":[{"href":"https:\/\/sudurras.fo\/index.php?rest_route=\/wp\/v2\/posts"}],"about":[{"href":"https:\/\/sudurras.fo\/index.php?rest_route=\/wp\/v2\/types\/post"}],"author":[{"embeddable":true,"href":"https:\/\/sudurras.fo\/index.php?rest_route=\/wp\/v2\/users\/19"}],"replies":[{"embeddable":true,"href":"https:\/\/sudurras.fo\/index.php?rest_route=%2Fwp%2Fv2%2Fcomments&post=31937"}],"version-history":[{"count":2,"href":"https:\/\/sudurras.fo\/index.php?rest_route=\/wp\/v2\/posts\/31937\/revisions"}],"predecessor-version":[{"id":31943,"href":"https:\/\/sudurras.fo\/index.php?rest_route=\/wp\/v2\/posts\/31937\/revisions\/31943"}],"wp:featuredmedia":[{"embeddable":true,"href":"https:\/\/sudurras.fo\/index.php?rest_route=\/wp\/v2\/media\/31938"}],"wp:attachment":[{"href":"https:\/\/sudurras.fo\/index.php?rest_route=%2Fwp%2Fv2%2Fmedia&parent=31937"}],"wp:term":[{"taxonomy":"category","embeddable":true,"href":"https:\/\/sudurras.fo\/index.php?rest_route=%2Fwp%2Fv2%2Fcategories&post=31937"},{"taxonomy":"post_tag","embeddable":true,"href":"https:\/\/sudurras.fo\/index.php?rest_route=%2Fwp%2Fv2%2Ftags&post=31937"}],"curies":[{"name":"wp","href":"https:\/\/api.w.org\/{rel}","templated":true}]}}