{"id":32540,"date":"2025-02-14T19:18:04","date_gmt":"2025-02-14T19:18:04","guid":{"rendered":"https:\/\/sudurras.fo\/?p=32540"},"modified":"2025-02-14T19:18:05","modified_gmt":"2025-02-14T19:18:05","slug":"nytt-styri-fyri-frodskaparsetur-foroya","status":"publish","type":"post","link":"https:\/\/sudurras.fo\/?p=32540","title":{"rendered":"N\u00fdtt st\u00fdri fyri Fr\u00f3\u00f0skaparsetur F\u00f8roya"},"content":{"rendered":"\n<figure class=\"wp-block-image size-large\"><img loading=\"lazy\" decoding=\"async\" width=\"1024\" height=\"758\" src=\"https:\/\/sudurras.fo\/wp-content\/uploads\/2025\/02\/styrid-fyri-frodskaparsetur-foeroya-2025-2028-1024x758.jpg\" alt=\"\" class=\"wp-image-32541\" srcset=\"https:\/\/sudurras.fo\/wp-content\/uploads\/2025\/02\/styrid-fyri-frodskaparsetur-foeroya-2025-2028-1024x758.jpg 1024w, https:\/\/sudurras.fo\/wp-content\/uploads\/2025\/02\/styrid-fyri-frodskaparsetur-foeroya-2025-2028-300x222.jpg 300w, https:\/\/sudurras.fo\/wp-content\/uploads\/2025\/02\/styrid-fyri-frodskaparsetur-foeroya-2025-2028-768x568.jpg 768w, https:\/\/sudurras.fo\/wp-content\/uploads\/2025\/02\/styrid-fyri-frodskaparsetur-foeroya-2025-2028.jpg 1131w\" sizes=\"auto, (max-width: 1024px) 100vw, 1024px\" \/><\/figure>\n\n\n\n<p><\/p>\n\n\n\n<p>Dj\u00f3ni Nols\u00f8e Joensen, landssts\u00fdrisma\u00f0ur, hevur \u00ed vikuni havt s\u00edn fyrsta fund vi\u00f0 n\u00fdggja st\u00fdri\u00f0 fyri Fr\u00f3\u00f0skaparsetur F\u00f8roya. Hesin fundur var samstundis fyrsti fundurin \u00edmillum n\u00fdvaldu limirnar \u00ed st\u00fdrinum. R\u00f8\u00f0an hj\u00e1 landsst\u00fdrismanninum til n\u00fdggja st\u00fdri\u00f0 kann&nbsp;<a rel=\"noreferrer noopener\" href=\"https:\/\/www.bumr.fo\/fo\/um-radid\/landsstyrismadur\/roedur-hja-landsstyrismanninum\/roeda-til-nyggja-styrid-fyri-frodskaparsetur-foeroya\" target=\"_blank\">lesast her.<\/a><\/p>\n\n\n\n<p>St\u00fdri\u00f0 var\u00f0 sett tann 1. januar \u00ed \u00e1r fyri eitt f\u00fdra \u00e1ra skei\u00f0, sum er fr\u00e1 1. januar 2025 til og vi\u00f0 31. desember 2028. St\u00fdrislimirnir eru ein samanseting av n\u00fdvaldum og endurvaldum limum, vi\u00f0 brei\u00f0um og hollum fakligum royndum, lei\u00f0sluroyndum \u00far t\u00ed privata og almenna sektorinum, og vi\u00f0 royndum innan gransking.<\/p>\n\n\n\n<p>\u00cd st\u00fdrinum eru:<\/p>\n\n\n\n<ul class=\"wp-block-list\">\n<li>\u00d3lavur Ellefsen, stj\u00f3ri \u00ed Flowcore (afturval)<\/li>\n\n\n\n<li>Varalimur: Steinbj\u00f8rn Hardlei, verk\u00e6tlanarstj\u00f3ri \u00e1 Barnaverk\u00e6tlanini<\/li>\n\n\n\n<li>Niels Winther, stj\u00f3ri \u00ed Vinnuh\u00fasinum<\/li>\n\n\n\n<li>Varalimur: Birita Wardum, b\u00fdararkitektur \u00ed T\u00f3rshavnar Kommunu<\/li>\n\n\n\n<li>Anders Bjarklev, rektari \u00e1 Danmarks Tekniske Universitet (afturval)<\/li>\n\n\n\n<li>Varalimur: Elena D\u2019Amelio, professari \u00ed mi\u00f0lafr\u00f8\u00f0i \u00e1 universitetinum \u00ed San Marino og serfr\u00f8\u00f0ingur \u00ed European Higher Education Area<\/li>\n\n\n\n<li>Elaine Munthe, dekanur \u00e1 Kunnskabssenter for utdanning og professari \u00ed pedagogikki \u00e1 universitetinum \u00ed Stavanger (afturval)<\/li>\n\n\n\n<li>Varalimur: Ragnhei\u00f0ur H. Magn\u00fasard\u00f3ttir, stj\u00f3ri \u00ed Maggar \u00ed \u00cdslandi og serfr\u00f8\u00f0ingur \u00ed t\u00f8kni og \u00edverksetan<\/li>\n<\/ul>\n\n\n\n<p>Limir og varalimir eftir tilm\u00e6li fr\u00e1 Fr\u00f3\u00f0skaparsetri F\u00f8roya:<\/p>\n\n\n\n<ul class=\"wp-block-list\">\n<li>Annika Helgad\u00f3ttir Davidsen, adjunktur \u00ed s\u00e1larfr\u00f8\u00f0i, Deildin fyri Heilsu- og Sj\u00fakrar\u00f8ktarv\u00edsindi<\/li>\n\n\n\n<li>Varalimur: Sigurd Christiansen, adjunktur \u00ed evnafr\u00f8\u00f0i, N\u00e1tt\u00faruv\u00edsindadeildin<\/li>\n\n\n\n<li>Sonja Olsen, ph.d.-v\u00edsindastarvsf\u00f3lk \u00ed n\u00e1msfr\u00f8\u00f0i, N\u00e1msv\u00edsindadeildin<\/li>\n\n\n\n<li>Varalimur: Regin Djurhuus Hammer, ph.d.-v\u00edsindastarvsf\u00f3lk \u00ed b\u00faskaparfr\u00f8\u00f0i, S\u00f8gu og samfelagsdeildin.<\/li>\n\n\n\n<li>Harriet Felicia Reistad Dam, lesandi \u00e1 N\u00e1tt\u00faruv\u00edsindadeildini<\/li>\n\n\n\n<li>Varalimur: Sigmund Zachariassen, lesandi \u00e1 S\u00f8gu- og samfelagsdeildini<\/li>\n<\/ul>\n\n\n\n<p>\u00d3lavur Ellefsen var\u00f0 afturvaldur sum forma\u00f0ur fyri st\u00fdri\u00f0, og Niels Winther var\u00f0 valdur sum n\u00e6stforma\u00f0ur.<\/p>\n\n\n\n<p>\u00c1 myndini fr\u00e1 vinstru: Johan Hansen, fyrisitingarstj\u00f3ri, Martin Zachariasen, rektari, Sigurd Christiansen, adjunktur, Ragnhei\u00f0ur H. Magn\u00fasd\u00f3ttir, stj\u00f3ri og serfr\u00f8\u00f0ingur \u00ed t\u00f8kni og \u00edverksetan, Sonja Olsen, ph.d.-v\u00edsindastarvsf\u00f3lk, Niels Winther, stj\u00f3ri \u00ed Vinnuh\u00fasinum, Harriet F. R. Dam, lesandi, \u00d3lavur Ellefsen, stj\u00f3ri, Dj\u00f3ni Nols\u00f8e Joensen, landsst\u00fdrisma\u00f0ur, Sigmund Zachariasen, lesandi, Annika H. Davidsen, adjunktur, og Regin D. Hammer, ph.d.-v\u00edsindastarvsf\u00f3lk.<\/p>\n\n\n\n<p>V\u00e6ntandi \u00e1 myndini: Anders Bjarklev, rektari, Steinbj\u00f8rn Hardlei, verk\u00e6tlanarstj\u00f3ri, Birita Wardum, b\u00fdararkitektur, Elena D\u2019 Amelio, professari, og Elaine Munthe, professari.<\/p>\n","protected":false},"excerpt":{"rendered":"<p>Dj\u00f3ni Nols\u00f8e Joensen, landssts\u00fdrisma\u00f0ur, hevur \u00ed vikuni havt s\u00edn fyrsta fund vi\u00f0 n\u00fdggja st\u00fdri\u00f0 fyri Fr\u00f3\u00f0skaparsetur F\u00f8roya. Hesin fundur var samstundis fyrsti fundurin \u00edmillum n\u00fdvaldu limirnar \u00ed st\u00fdrinum. R\u00f8\u00f0an hj\u00e1 landsst\u00fdrismanninum til n\u00fdggja st\u00fdri\u00f0 kann&nbsp;lesast her. St\u00fdri\u00f0 var\u00f0 sett tann 1. januar \u00ed \u00e1r fyri eitt f\u00fdra \u00e1ra skei\u00f0, sum er fr\u00e1 1. januar 2025 [&hellip;]<\/p>\n","protected":false},"author":24,"featured_media":32541,"comment_status":"closed","ping_status":"closed","sticky":false,"template":"","format":"standard","meta":{"ngg_post_thumbnail":0,"footnotes":""},"categories":[1],"tags":[],"class_list":["post-32540","post","type-post","status-publish","format-standard","has-post-thumbnail","hentry","category-tidindi"],"publishpress_future_action":{"enabled":false,"date":"2026-05-05 04:37:47","action":"change-status","newStatus":"draft","terms":[],"taxonomy":"category","extraData":[]},"publishpress_future_workflow_manual_trigger":{"enabledWorkflows":[]},"_links":{"self":[{"href":"https:\/\/sudurras.fo\/index.php?rest_route=\/wp\/v2\/posts\/32540","targetHints":{"allow":["GET"]}}],"collection":[{"href":"https:\/\/sudurras.fo\/index.php?rest_route=\/wp\/v2\/posts"}],"about":[{"href":"https:\/\/sudurras.fo\/index.php?rest_route=\/wp\/v2\/types\/post"}],"author":[{"embeddable":true,"href":"https:\/\/sudurras.fo\/index.php?rest_route=\/wp\/v2\/users\/24"}],"replies":[{"embeddable":true,"href":"https:\/\/sudurras.fo\/index.php?rest_route=%2Fwp%2Fv2%2Fcomments&post=32540"}],"version-history":[{"count":1,"href":"https:\/\/sudurras.fo\/index.php?rest_route=\/wp\/v2\/posts\/32540\/revisions"}],"predecessor-version":[{"id":32542,"href":"https:\/\/sudurras.fo\/index.php?rest_route=\/wp\/v2\/posts\/32540\/revisions\/32542"}],"wp:featuredmedia":[{"embeddable":true,"href":"https:\/\/sudurras.fo\/index.php?rest_route=\/wp\/v2\/media\/32541"}],"wp:attachment":[{"href":"https:\/\/sudurras.fo\/index.php?rest_route=%2Fwp%2Fv2%2Fmedia&parent=32540"}],"wp:term":[{"taxonomy":"category","embeddable":true,"href":"https:\/\/sudurras.fo\/index.php?rest_route=%2Fwp%2Fv2%2Fcategories&post=32540"},{"taxonomy":"post_tag","embeddable":true,"href":"https:\/\/sudurras.fo\/index.php?rest_route=%2Fwp%2Fv2%2Ftags&post=32540"}],"curies":[{"name":"wp","href":"https:\/\/api.w.org\/{rel}","templated":true}]}}