{"id":32584,"date":"2025-02-17T09:15:53","date_gmt":"2025-02-17T09:15:53","guid":{"rendered":"https:\/\/sudurras.fo\/?p=32584"},"modified":"2025-02-17T09:15:53","modified_gmt":"2025-02-17T09:15:53","slug":"laer-at-gera-storytelling-og-tidindainnihald-vid-fartelefonini-2","status":"publish","type":"post","link":"https:\/\/sudurras.fo\/?p=32584","title":{"rendered":"L\u00e6r at gera storytelling og t\u00ed\u00f0indainnihald vi\u00f0 fartelefonini"},"content":{"rendered":"\n<figure class=\"wp-block-image size-large\"><img loading=\"lazy\" decoding=\"async\" width=\"768\" height=\"1024\" src=\"https:\/\/sudurras.fo\/wp-content\/uploads\/2025\/02\/Verkstova-768x1024.jpg\" alt=\"\" class=\"wp-image-32585\" srcset=\"https:\/\/sudurras.fo\/wp-content\/uploads\/2025\/02\/Verkstova-768x1024.jpg 768w, https:\/\/sudurras.fo\/wp-content\/uploads\/2025\/02\/Verkstova-225x300.jpg 225w, https:\/\/sudurras.fo\/wp-content\/uploads\/2025\/02\/Verkstova.jpg 1152w\" sizes=\"auto, (max-width: 768px) 100vw, 768px\" \/><\/figure>\n\n\n\n<p>Vilt t\u00fa l\u00e6ra at filma og klippa vi\u00f0 fartelefonini? Vi\u00f0 einf\u00f8ldum ambo\u00f0um kanst t\u00fa skapa gott innihald til markna\u00f0arf\u00f8ring ella s\u00f8gur \u2013 b\u00e6\u00f0i \u00ed arbei\u00f0sh\u00f8pi og privat.<\/p>\n\n\n\n<p>V\u00e1gur og Su\u00f0uroy hava n\u00f3gv f\u00f3lk, sum duga at siga s\u00f8gur, i\u00f0 eiga at ver\u00f0a fortaldar og var\u00f0veittar til framt\u00ed\u00f0ina. Vi\u00f0 n\u00fat\u00edmans t\u00f8kni er ta\u00f0 l\u00e6ttari enn nakrant\u00ed\u00f0 at skapa sm\u00e1ar filmsforteljingar.<\/p>\n\n\n\n<p>Jo Vemund Svendsen fer at l\u00e6ra okkum \u2013 b\u00e6\u00f0i vi\u00f0 t\u00f8kni og s\u00f8guforteljing \u2013 hvussu t\u00fa einfalt og l\u00e6tt kanst skapa g\u00f3\u00f0ar filmss\u00f8gur. Hann fer eisini at geva okkum \u00edbl\u00e1stur til at l\u00e6ra enn meira.<\/p>\n\n\n\n<blockquote class=\"wp-block-quote is-layout-flow wp-block-quote-is-layout-flow\">\n<p>Jo Vemund er \u00fatb\u00fagvin journalistur og hevur \u00ed n\u00e6stan 20 \u00e1r arbeitt vi\u00f0 \u00fatvarpi og sj\u00f3nvarpi \u00ed Noreg og altj\u00f3\u00f0a. Hann brennur fyri s\u00f8guforteljing og at l\u00fdsa f\u00f3lk og teirra l\u00edv. Seinnu 10 \u00e1rini hevur hann gj\u00f8rt dokumentarfilmar og b\u00fdr \u00ed l\u00f8tuni \u00ed V\u00e1gi vi\u00f0 familju s\u00edni sum digitalur nomadi. Me\u00f0an hann er her, arbei\u00f0ir hann vi\u00f0 einum norskum dokumentarfilmi.<\/p>\n<\/blockquote>\n\n\n\n<p>\u00c1 hesi verkstovuni fert t\u00fa at l\u00e6ra:<\/p>\n\n\n\n<p>\u2705 At filma og klippa vi\u00f0 fartelefonini (\u00ed verki)<br>\u2705 At br\u00faka tr\u00e1leysa mikrofon til telefonina<br>\u2705 At f\u00e1a innlit \u00ed onnur teknisk ambo\u00f0<br>\u2705 At teksta og kl\u00e1rgera filmin til \u00fatg\u00e1vu<br>\u2705 At br\u00faka AI-ambo\u00f0 til at broyta tekst og talu<br>\u2705 Einf\u00f8ld ambo\u00f0 at skapa vakrar og \u00e1hugaverdar s\u00f8gur<br>\u2705 Hugskot-verkstovu um s\u00f8gur, t\u00fa kanst skapa \u00ed V\u00e1gi<\/p>\n\n\n\n<p>(Vit br\u00faka \u00f3keypis \u00fatg\u00e1vur av forritum sum Adobe Rush, Captions og Jojo.)<\/p>\n\n\n\n<p>Verkstovan ver\u00f0ur tillaga\u00f0 eftir t\u00f8rvi og ynskjum hj\u00e1 luttakarunum.<\/p>\n\n\n\n<p>Legg til merkis: iPhone ver\u00f0ur vi\u00f0m\u00e6lt, men Android-telefonir kunnu eisini br\u00fakast.<\/p>\n\n\n\n<p>Uppl\u00fdsingar:<\/p>\n\n\n\n<p>Undirv\u00edsari: Jo Vemund Svendsen<br>Kostna\u00f0ur: \u00d3keypis, men tilmelding kravd. Sendi\u00f0 t-post til <a href=\"mailto:info@vagur.fo\">info@vagur.fo<\/a>&nbsp;<br>Dato: \u00d3nsdagin 19. februar kl. 16.00<br>Sta\u00f0: Mi\u00f0lat\u00fan<\/p>\n\n\n\n<p>Ta\u00f0 ver\u00f0a sm\u00e6rri, valfr\u00edar heimauppg\u00e1vur \u00ed vikuskiftinum og uppfylging \u00ed komandi viku.<\/p>\n","protected":false},"excerpt":{"rendered":"<p>Vilt t\u00fa l\u00e6ra at filma og klippa vi\u00f0 fartelefonini? Vi\u00f0 einf\u00f8ldum ambo\u00f0um kanst t\u00fa skapa gott innihald til markna\u00f0arf\u00f8ring ella s\u00f8gur \u2013 b\u00e6\u00f0i \u00ed arbei\u00f0sh\u00f8pi og privat. V\u00e1gur og Su\u00f0uroy hava n\u00f3gv f\u00f3lk, sum duga at siga s\u00f8gur, i\u00f0 eiga at ver\u00f0a fortaldar og var\u00f0veittar til framt\u00ed\u00f0ina. Vi\u00f0 n\u00fat\u00edmans t\u00f8kni er ta\u00f0 l\u00e6ttari enn nakrant\u00ed\u00f0 [&hellip;]<\/p>\n","protected":false},"author":24,"featured_media":32585,"comment_status":"closed","ping_status":"closed","sticky":false,"template":"","format":"standard","meta":{"ngg_post_thumbnail":0,"footnotes":""},"categories":[1],"tags":[],"class_list":["post-32584","post","type-post","status-publish","format-standard","has-post-thumbnail","hentry","category-tidindi"],"publishpress_future_action":{"enabled":false,"date":"2026-05-05 04:45:50","action":"change-status","newStatus":"draft","terms":[],"taxonomy":"category","extraData":[]},"publishpress_future_workflow_manual_trigger":{"enabledWorkflows":[]},"_links":{"self":[{"href":"https:\/\/sudurras.fo\/index.php?rest_route=\/wp\/v2\/posts\/32584","targetHints":{"allow":["GET"]}}],"collection":[{"href":"https:\/\/sudurras.fo\/index.php?rest_route=\/wp\/v2\/posts"}],"about":[{"href":"https:\/\/sudurras.fo\/index.php?rest_route=\/wp\/v2\/types\/post"}],"author":[{"embeddable":true,"href":"https:\/\/sudurras.fo\/index.php?rest_route=\/wp\/v2\/users\/24"}],"replies":[{"embeddable":true,"href":"https:\/\/sudurras.fo\/index.php?rest_route=%2Fwp%2Fv2%2Fcomments&post=32584"}],"version-history":[{"count":1,"href":"https:\/\/sudurras.fo\/index.php?rest_route=\/wp\/v2\/posts\/32584\/revisions"}],"predecessor-version":[{"id":32586,"href":"https:\/\/sudurras.fo\/index.php?rest_route=\/wp\/v2\/posts\/32584\/revisions\/32586"}],"wp:featuredmedia":[{"embeddable":true,"href":"https:\/\/sudurras.fo\/index.php?rest_route=\/wp\/v2\/media\/32585"}],"wp:attachment":[{"href":"https:\/\/sudurras.fo\/index.php?rest_route=%2Fwp%2Fv2%2Fmedia&parent=32584"}],"wp:term":[{"taxonomy":"category","embeddable":true,"href":"https:\/\/sudurras.fo\/index.php?rest_route=%2Fwp%2Fv2%2Fcategories&post=32584"},{"taxonomy":"post_tag","embeddable":true,"href":"https:\/\/sudurras.fo\/index.php?rest_route=%2Fwp%2Fv2%2Ftags&post=32584"}],"curies":[{"name":"wp","href":"https:\/\/api.w.org\/{rel}","templated":true}]}}