{"id":32587,"date":"2025-02-17T09:17:01","date_gmt":"2025-02-17T09:17:01","guid":{"rendered":"https:\/\/sudurras.fo\/?p=32587"},"modified":"2025-02-17T09:17:02","modified_gmt":"2025-02-17T09:17:02","slug":"vinnan-a-vitjan-verdur-hildid-fyri-fjordu-ferd","status":"publish","type":"post","link":"https:\/\/sudurras.fo\/?p=32587","title":{"rendered":"Vinnan \u00e1 vitjan ver\u00f0ur hildi\u00f0 fyri fj\u00f3r\u00f0u fer\u00f0"},"content":{"rendered":"\n<figure class=\"wp-block-image size-large\"><img loading=\"lazy\" decoding=\"async\" width=\"1024\" height=\"768\" src=\"https:\/\/sudurras.fo\/wp-content\/uploads\/2024\/02\/vinnan-a-vitjan-1024x768.jpg\" alt=\"\" class=\"wp-image-28699\" srcset=\"https:\/\/sudurras.fo\/wp-content\/uploads\/2024\/02\/vinnan-a-vitjan-1024x768.jpg 1024w, https:\/\/sudurras.fo\/wp-content\/uploads\/2024\/02\/vinnan-a-vitjan-300x225.jpg 300w, https:\/\/sudurras.fo\/wp-content\/uploads\/2024\/02\/vinnan-a-vitjan-768x576.jpg 768w, https:\/\/sudurras.fo\/wp-content\/uploads\/2024\/02\/vinnan-a-vitjan.jpg 1152w\" sizes=\"auto, (max-width: 1024px) 100vw, 1024px\" \/><\/figure>\n\n\n\n<p>Fr\u00edggjadagin 21. februar ver\u00f0ur vinnutiltaki\u00f0 hj\u00e1 V\u00e1gs Kommunu Vinnan \u00e1 vitjan aftur hildi\u00f0 \u00ed V\u00e1gs sk\u00fala.<\/p>\n\n\n\n<p>Hetta er fj\u00f3r\u00f0a \u00e1ri\u00f0 \u00e1 ra\u00f0, at tiltaki\u00f0 ver\u00f0ur skipa\u00f0, og ta\u00f0 hevur s\u00ed\u00f0ani byrjan \u00ed 2022 sta\u00f0i\u00f0 sum eitt fast vinnutiltak hj\u00e1 kommununi, har n\u00e6mingar \u00ed Su\u00f0uroynni f\u00e1a h\u00f8vi at hitta vinnul\u00edvi\u00f0 og f\u00e1a innlit \u00ed arbei\u00f0s- og \u00fatb\u00fagvingarm\u00f8guleikar.<\/p>\n\n\n\n<p>\u00c1 tiltakinum hava n\u00e6mingar m\u00f8guleika at vitja b\u00e1sar hj\u00e1 fleiri fyrit\u00f8kum og stovnum, sum eru vi\u00f0 til at skapa arbei\u00f0spl\u00e1ss og menningarm\u00f8guleikar \u00ed Su\u00f0uroy.<\/p>\n\n\n\n<p>Harumframt ver\u00f0a framl\u00f8gur, i\u00f0 kunnu geva n\u00e6mingunum g\u00f3\u00f0 r\u00e1\u00f0 um framt\u00ed\u00f0ar valm\u00f8guleikar.<\/p>\n\n\n\n<p>\u00cd \u00e1r hava 17 fyrit\u00f8kur og stovnar longu v\u00e1tta\u00f0 s\u00edna lutt\u00f8ku, og fyrireikingarnar eru \u00ed gongd til eitt spennandi og gevandi tiltak fyri n\u00e6mingar, foreldur og vinnul\u00edvi\u00f0.<\/p>\n\n\n\n<p>Tiltaki\u00f0 ver\u00f0ur hildi\u00f0 \u00ed V\u00e1gs sk\u00fala og byrjar klokkan 10:00 vi\u00f0 framl\u00f8gum. B\u00e1sarnir hj\u00e1 fyrit\u00f8kunum lata upp klokkan 11:00.<\/p>\n","protected":false},"excerpt":{"rendered":"<p>Fr\u00edggjadagin 21. februar ver\u00f0ur vinnutiltaki\u00f0 hj\u00e1 V\u00e1gs Kommunu Vinnan \u00e1 vitjan aftur hildi\u00f0 \u00ed V\u00e1gs sk\u00fala. Hetta er fj\u00f3r\u00f0a \u00e1ri\u00f0 \u00e1 ra\u00f0, at tiltaki\u00f0 ver\u00f0ur skipa\u00f0, og ta\u00f0 hevur s\u00ed\u00f0ani byrjan \u00ed 2022 sta\u00f0i\u00f0 sum eitt fast vinnutiltak hj\u00e1 kommununi, har n\u00e6mingar \u00ed Su\u00f0uroynni f\u00e1a h\u00f8vi at hitta vinnul\u00edvi\u00f0 og f\u00e1a innlit \u00ed arbei\u00f0s- og [&hellip;]<\/p>\n","protected":false},"author":24,"featured_media":28699,"comment_status":"closed","ping_status":"closed","sticky":false,"template":"","format":"standard","meta":{"ngg_post_thumbnail":0,"footnotes":""},"categories":[1],"tags":[],"class_list":["post-32587","post","type-post","status-publish","format-standard","has-post-thumbnail","hentry","category-tidindi"],"publishpress_future_action":{"enabled":false,"date":"2026-05-05 04:37:47","action":"change-status","newStatus":"draft","terms":[],"taxonomy":"category","extraData":[]},"publishpress_future_workflow_manual_trigger":{"enabledWorkflows":[]},"_links":{"self":[{"href":"https:\/\/sudurras.fo\/index.php?rest_route=\/wp\/v2\/posts\/32587","targetHints":{"allow":["GET"]}}],"collection":[{"href":"https:\/\/sudurras.fo\/index.php?rest_route=\/wp\/v2\/posts"}],"about":[{"href":"https:\/\/sudurras.fo\/index.php?rest_route=\/wp\/v2\/types\/post"}],"author":[{"embeddable":true,"href":"https:\/\/sudurras.fo\/index.php?rest_route=\/wp\/v2\/users\/24"}],"replies":[{"embeddable":true,"href":"https:\/\/sudurras.fo\/index.php?rest_route=%2Fwp%2Fv2%2Fcomments&post=32587"}],"version-history":[{"count":1,"href":"https:\/\/sudurras.fo\/index.php?rest_route=\/wp\/v2\/posts\/32587\/revisions"}],"predecessor-version":[{"id":32588,"href":"https:\/\/sudurras.fo\/index.php?rest_route=\/wp\/v2\/posts\/32587\/revisions\/32588"}],"wp:featuredmedia":[{"embeddable":true,"href":"https:\/\/sudurras.fo\/index.php?rest_route=\/wp\/v2\/media\/28699"}],"wp:attachment":[{"href":"https:\/\/sudurras.fo\/index.php?rest_route=%2Fwp%2Fv2%2Fmedia&parent=32587"}],"wp:term":[{"taxonomy":"category","embeddable":true,"href":"https:\/\/sudurras.fo\/index.php?rest_route=%2Fwp%2Fv2%2Fcategories&post=32587"},{"taxonomy":"post_tag","embeddable":true,"href":"https:\/\/sudurras.fo\/index.php?rest_route=%2Fwp%2Fv2%2Ftags&post=32587"}],"curies":[{"name":"wp","href":"https:\/\/api.w.org\/{rel}","templated":true}]}}