{"id":32855,"date":"2025-03-18T09:26:14","date_gmt":"2025-03-18T09:26:14","guid":{"rendered":"https:\/\/sudurras.fo\/?p=32855"},"modified":"2025-03-18T09:26:15","modified_gmt":"2025-03-18T09:26:15","slug":"god-urslit-hja-trygd-i-2024","status":"publish","type":"post","link":"https:\/\/sudurras.fo\/?p=32855","title":{"rendered":"G\u00f3\u00f0 \u00farslit hj\u00e1 Trygd \u00ed 2024"},"content":{"rendered":"\n<figure class=\"wp-block-image size-full\"><img loading=\"lazy\" decoding=\"async\" width=\"415\" height=\"415\" src=\"https:\/\/sudurras.fo\/wp-content\/uploads\/2025\/03\/image-16.png\" alt=\"\" class=\"wp-image-32856\" srcset=\"https:\/\/sudurras.fo\/wp-content\/uploads\/2025\/03\/image-16.png 415w, https:\/\/sudurras.fo\/wp-content\/uploads\/2025\/03\/image-16-300x300.png 300w, https:\/\/sudurras.fo\/wp-content\/uploads\/2025\/03\/image-16-150x150.png 150w\" sizes=\"auto, (max-width: 415px) 100vw, 415px\" \/><\/figure>\n\n\n\n<p><\/p>\n\n\n\n<p><strong>Trygd:<\/strong>&nbsp;Trygd kann sta\u00f0festa eitt gott \u00farslit fyri 2024, vi\u00f0 einum avlopi \u00e1 23,3 mi\u00f3. kr. fyri skatt.<\/p>\n\n\n\n<p>Tryggingarinnt\u00f8kurnar \u00f8ktust og \u00edl\u00f8guavkasti\u00f0 var gott, og harumframt fingu sera n\u00f3gvir tryggingartakarar \u00e1g\u00f3\u00f0an av s\u00edni trygging, t\u00ed munandi fleiri ska\u00f0ar v\u00f3r\u00f0u fr\u00e1bo\u00f0a\u00f0ir \u00ed 2024, enn \u00e1ri\u00f0 fyri.<\/p>\n\n\n\n<p>\u201dVit fegnast um gongdina vi\u00f0 bur\u00f0ardyggum v\u00f8kstri og g\u00f3\u00f0um \u00edl\u00f8guavkasti. Vit arbei\u00f0a alsamt vi\u00f0 at betra um kundat\u00e6nastuna, og fegnast um, at kundan\u00f8gdsemi\u00f0 er gott. \u00cd Trygd leggja vit dent \u00e1 at t\u00e1lma rakstar\u00fatrei\u00f0slunum, samstundis sum ney\u00f0ugar \u00edl\u00f8gur ver\u00f0a gj\u00f8rdar \u00ed talgilding og menning og dagf\u00f8ring av skipanum\u201d, sigur Anna Mohr Holm, stj\u00f3ri \u00ed Trygd.<\/p>\n\n\n\n<p>Avlopi\u00f0 eftir skatt var 19,2 mi\u00f3. \u00darsliti\u00f0 er gott, h\u00f3ast ta\u00f0 er naka\u00f0 l\u00e6gri enn \u00e1ri\u00f0 fyri. Umframt at vera merkt av \u00f8ktum ska\u00f0aendurgj\u00f8ldum, er \u00farsliti\u00f0 eisini merkt av, at avsetingarnar til ska\u00f0ar, sum broytast yvir longri t\u00ed\u00f0arskei\u00f0, v\u00f3r\u00f0u h\u00e6kka\u00f0ar, fyri at langt\u00ed\u00f0artryggja f\u00edggjarligu st\u00f8\u00f0una hj\u00e1 felagnum.<\/p>\n\n\n\n<p>Innt\u00f8kurnar fr\u00e1 tryggingargj\u00f8ldum vuksu vi\u00f0 9,6 mi\u00f3. kr. til 178,3 mi\u00f3. kr. \u00ed fj\u00f8r. \u00datrei\u00f0slurnar til ska\u00f0aendurgj\u00f8ld vuksu lutfalsliga meiri, vi\u00f0 15,9 mi\u00f3. kr. til 114,5 mi\u00f3. kr.<\/p>\n\n\n\n<p>V\u00f8ksturin \u00ed tryggingarinnt\u00f8kum komst serliga av meirs\u00f8lu til verandi kundar, tilgongd av n\u00fdggjum kundum og pr\u00edsv\u00f8kstri \u00e1 tryggingargj\u00f8ldum. \u00d8ktu ska\u00f0a\u00fatrei\u00f0slurnar eru serliga orsaka\u00f0 av fleiri ska\u00f0afr\u00e1bo\u00f0anum, enn undanfarin \u00e1r, umframt at umv\u00e6lingarkostna\u00f0urin fyri ska\u00f0ar st\u00f8\u00f0ugt d\u00fdrkar.<\/p>\n\n\n\n<p>Umr\u00e1\u00f0andi at dagf\u00f8ra tryggingar javnan<br>Tryggingart\u00f8rvurin broytist so hv\u00f8rt, sum l\u00edvsumst\u00f8\u00f0urnar broytast. T\u00ed er ta\u00f0 sera umr\u00e1\u00f0andi, at tryggingar ver\u00f0a dagf\u00f8rdar javnan.<\/p>\n\n\n\n<p>\u201dVit vilja so fegin, at f\u00f3lk gerast varug vi\u00f0 hetta. Um ska\u00f0i hendir og tryggingarnar ikki eru \u00ed lagi, kann ta\u00f0 hava vi\u00f0 s\u00e6r \u00e1lvarsligar avlei\u00f0ingar fyri einst\u00f8ku familjuna. T\u00ed arbei\u00f0a vit st\u00f8\u00f0ugt vi\u00f0 at gera ta\u00f0 l\u00e6tt fyri f\u00f3lk at vera r\u00e6tt og v\u00e6l tryggja\u00f0. Av somu ors\u00f8k er eisini umr\u00e1\u00f0andi fyri okkum at veita skj\u00f3ta og g\u00f3\u00f0a ska\u00f0avi\u00f0ger\u00f0. Ta\u00f0 skal vera l\u00e6tt at f\u00e1a endurgjald fyri dekka\u00f0ar ska\u00f0ar\u201d, sigur Anna Mohr Holm.<\/p>\n\n\n\n<p>Ta\u00f0 er l\u00e6tt at bo\u00f0a fr\u00e1 ska\u00f0um umvegis n\u00fdggju heimas\u00ed\u00f0una hj\u00e1 Trygd \u2013 serliga \u00e1 telefonini. Hetta er ein li\u00f0ur \u00ed arbei\u00f0inum at gera ta\u00f0 l\u00e6ttari at vera kundi. Kundan\u00f8gdsemiskanningin \u00ed 2024 v\u00edsti n\u00f8gdar kundar, sum siga seg f\u00e1a g\u00f3\u00f0a t\u00e6nastu, so ta\u00f0 hevur vir\u00f0i at leggja alsamt st\u00f8rri dent \u00e1 kundasambandi\u00f0.<\/p>\n\n\n\n<p>\u00darslitini \u00ed t\u00f8lum:<br>Avlop fyri skatt: 23,3 mi\u00f3. kr.<br>Tryggingartekniskt \u00farslit: 14,9 mi\u00f3. kr.<br>Bruttoinnt\u00f8kur fr\u00e1 tryggingargj\u00f8ldum: 178,3 mi\u00f3. kr.<br>Endurgjalds\u00fatrei\u00f0slur: 114,5 mi\u00f3. kr.<\/p>\n","protected":false},"excerpt":{"rendered":"<p>Trygd:&nbsp;Trygd kann sta\u00f0festa eitt gott \u00farslit fyri 2024, vi\u00f0 einum avlopi \u00e1 23,3 mi\u00f3. kr. fyri skatt. Tryggingarinnt\u00f8kurnar \u00f8ktust og \u00edl\u00f8guavkasti\u00f0 var gott, og harumframt fingu sera n\u00f3gvir tryggingartakarar \u00e1g\u00f3\u00f0an av s\u00edni trygging, t\u00ed munandi fleiri ska\u00f0ar v\u00f3r\u00f0u fr\u00e1bo\u00f0a\u00f0ir \u00ed 2024, enn \u00e1ri\u00f0 fyri. \u201dVit fegnast um gongdina vi\u00f0 bur\u00f0ardyggum v\u00f8kstri og g\u00f3\u00f0um \u00edl\u00f8guavkasti. Vit [&hellip;]<\/p>\n","protected":false},"author":23,"featured_media":32856,"comment_status":"closed","ping_status":"closed","sticky":false,"template":"","format":"standard","meta":{"ngg_post_thumbnail":0,"footnotes":""},"categories":[1],"tags":[],"class_list":["post-32855","post","type-post","status-publish","format-standard","has-post-thumbnail","hentry","category-tidindi"],"publishpress_future_action":{"enabled":false,"date":"2026-05-08 04:21:14","action":"change-status","newStatus":"draft","terms":[],"taxonomy":"category","extraData":[]},"publishpress_future_workflow_manual_trigger":{"enabledWorkflows":[]},"_links":{"self":[{"href":"https:\/\/sudurras.fo\/index.php?rest_route=\/wp\/v2\/posts\/32855","targetHints":{"allow":["GET"]}}],"collection":[{"href":"https:\/\/sudurras.fo\/index.php?rest_route=\/wp\/v2\/posts"}],"about":[{"href":"https:\/\/sudurras.fo\/index.php?rest_route=\/wp\/v2\/types\/post"}],"author":[{"embeddable":true,"href":"https:\/\/sudurras.fo\/index.php?rest_route=\/wp\/v2\/users\/23"}],"replies":[{"embeddable":true,"href":"https:\/\/sudurras.fo\/index.php?rest_route=%2Fwp%2Fv2%2Fcomments&post=32855"}],"version-history":[{"count":1,"href":"https:\/\/sudurras.fo\/index.php?rest_route=\/wp\/v2\/posts\/32855\/revisions"}],"predecessor-version":[{"id":32857,"href":"https:\/\/sudurras.fo\/index.php?rest_route=\/wp\/v2\/posts\/32855\/revisions\/32857"}],"wp:featuredmedia":[{"embeddable":true,"href":"https:\/\/sudurras.fo\/index.php?rest_route=\/wp\/v2\/media\/32856"}],"wp:attachment":[{"href":"https:\/\/sudurras.fo\/index.php?rest_route=%2Fwp%2Fv2%2Fmedia&parent=32855"}],"wp:term":[{"taxonomy":"category","embeddable":true,"href":"https:\/\/sudurras.fo\/index.php?rest_route=%2Fwp%2Fv2%2Fcategories&post=32855"},{"taxonomy":"post_tag","embeddable":true,"href":"https:\/\/sudurras.fo\/index.php?rest_route=%2Fwp%2Fv2%2Ftags&post=32855"}],"curies":[{"name":"wp","href":"https:\/\/api.w.org\/{rel}","templated":true}]}}