{"id":33035,"date":"2025-04-03T09:40:31","date_gmt":"2025-04-03T08:40:31","guid":{"rendered":"https:\/\/sudurras.fo\/?p=33035"},"modified":"2025-04-03T09:40:32","modified_gmt":"2025-04-03T08:40:32","slug":"summartonar-2025","status":"publish","type":"post","link":"https:\/\/sudurras.fo\/?p=33035","title":{"rendered":"Summart\u00f3nar 2025"},"content":{"rendered":"\n<figure class=\"wp-block-image size-full\"><img loading=\"lazy\" decoding=\"async\" width=\"764\" height=\"866\" src=\"https:\/\/sudurras.fo\/wp-content\/uploads\/2025\/04\/Skaermbillede-2025-04-03-093421.png\" alt=\"\" class=\"wp-image-33036\" srcset=\"https:\/\/sudurras.fo\/wp-content\/uploads\/2025\/04\/Skaermbillede-2025-04-03-093421.png 764w, https:\/\/sudurras.fo\/wp-content\/uploads\/2025\/04\/Skaermbillede-2025-04-03-093421-265x300.png 265w\" sizes=\"auto, (max-width: 764px) 100vw, 764px\" \/><\/figure>\n\n\n\n<p>Felagi\u00f0 F\u00f8roysk T\u00f3nask\u00f8ld (FFT \u2013 composers.fo) t\u00f3k \u00ed 1992 stig til festivalin&nbsp;Summart\u00f3nar, sum altso hevur veri\u00f0 k\u00e6rkomin summargestur \u00e1 hv\u00f8rjum \u00e1ri s\u00ed\u00f0ani vi\u00f0&nbsp;konsertum n\u00e6rum hv\u00f8nn dag.&nbsp;<\/p>\n\n\n\n<p>F\u00f8royski t\u00f3nleikurin hevur ment seg n\u00f3gv, og er eisini meginpartin av innihaldinum \u00e1&nbsp;konsertunum 2025, skriva\u00f0ur av f\u00f8royskum t\u00f3nask\u00f8ldum og sangskrivarum.<\/p>\n\n\n\n<p>Vit leggja, sum alt\u00ed\u00f0, dent \u00e1 at f\u00e1a unga \u00e6ttarli\u00f0i\u00f0 vi\u00f0 \u00ed skr\u00e1nna, og s\u00edggja hetta sum ein&nbsp;part av tilgongdini at skapa eitt varandi t\u00f3nleikaumhv\u00f8rvi.&nbsp;<\/p>\n\n\n\n<p>Summart\u00f3nar hava megna\u00f0 at gj\u00f8rt ein pall fyri t\u00f3nleik her heima, og sera hegnisliga&nbsp;kn\u00fdtt hendan pallin at altj\u00f3\u00f0a t\u00f3nleikapallinum. N\u00f3gv eru tey, i\u00f0 hava vitja\u00f0 \u00ed F\u00f8royum \u00ed&nbsp;smb. vi\u00f0 Summart\u00f3nar, og \u00e1 hendan h\u00e1tt fingi\u00f0 innlit \u00ed f\u00f8royskan t\u00f3nleik og f\u00f8royskt&nbsp;t\u00f3nleikal\u00edv. Harumframt er samstarv \u00ed altj\u00f3\u00f0a h\u00f8pi sprotti\u00f0 \u00far Summart\u00f3num, hetta til&nbsp;gagns fyri n\u00f3gvar f\u00f8royskar t\u00f3nleikarar og t\u00f3nask\u00f8ld, t\u00ed ey\u00f0vita\u00f0 er sera umr\u00e1\u00f0andi at&nbsp;f\u00f8royskur t\u00f3nleikur og f\u00f8royskir t\u00f3nleikarar eisini koma \u00fat um landoddarnar.<\/p>\n\n\n\n<p>Summart\u00f3nar fevna innihaldsliga breitt yvir partiturt\u00f3nleik, jazzt\u00f3nleik, f\u00f3lkat\u00f3nleik,&nbsp;sangskrivarum og crossover- formar, og eru Summart\u00f3nar h\u00f8vu\u00f0spallurin fyri&nbsp;n\u00fdskriva\u00f0a t\u00f3nleikin \u00ed F\u00f8royum.<\/p>\n\n\n\n<p>\u00c1 festivalinum \u00ed 2025 ver\u00f0a uml. 45 frumframf\u00f8rslur av serliga f\u00f8royskum verkum og&nbsp;F\u00f8royar ver\u00f0a umbo\u00f0a\u00f0ar vi\u00f0 ikki f\u00e6rri enn 50 f\u00f8royskum t\u00f3nask\u00f8ldum.&nbsp;<\/p>\n\n\n\n<p>Konsertirnar ver\u00f0a \u00ed t\u00ed\u00f0arskei\u00f0inum fr\u00e1 1. mai til 31. august.<\/p>\n\n\n\n<p>\u00cd vi\u00f0heftu skr\u00e1 s\u00e6st at konsertir eru kring landi\u00f0, og at h\u00f3pin av t\u00f3nleikarum og&nbsp;komponistum luttaka. Lesi\u00f0 skr\u00e1nna <a href=\"https:\/\/vagur.fo\/upload\/tinymce\/de91b3a13ae953e1e57ec2b3c35e24f7df74b1e1.pdf\" target=\"_blank\" rel=\"noreferrer noopener\">her<\/a>.<\/p>\n\n\n\n<p>At gj\u00f8gnumf\u00f8ra tiltaki\u00f0 samstarvar FFT vi\u00f0 stovnum, konserth\u00fas, kommunum og&nbsp;fel\u00f8gum so sum F\u00f3lkat\u00f3nleikarafelagi\u00f0 og Havnar Jazzfelag. Uttan samstarv hev\u00f0i&nbsp;Summart\u00f3nar ikki kunna\u00f0 hildi\u00f0 \u00e1 so leingi &#8211; 34. fer\u00f0 er \u00ed \u00e1r.<\/p>\n\n\n\n<p>Summart\u00f3nar 2025 hevur heitt \u00e1 Urd Johannesen at skriva eitt \u201dV\u00e6lkomin \u00e1&nbsp;Summart\u00f3num\u201d:<\/p>\n\n\n\n<blockquote class=\"wp-block-quote is-layout-flow wp-block-quote-is-layout-flow\">\n<p>Summari\u00f0 \u00ed F\u00f8royum er serstakt. Bjarta lj\u00f3si\u00f0 birtir sinni\u00f0. \u00dar haganum titra t\u00f3nar av&nbsp;fuglasangi. \u00dar moldini spretta summard\u00e1ir. Um kv\u00f8ldarnar hoyrist l\u00e1tur fr\u00e1 sp\u00e6landi&nbsp;b\u00f8rnum millum h\u00fasaveggirnar.<\/p>\n\n\n\n<p>Vit flyta okkum \u00far gerandisdegnum og \u00fat \u00ed landsl\u00f8g og bygdalei\u00f0ir at strimbra sansirnar&nbsp;og skriva n\u00fdggjar setningar \u00ed minnisb\u00f3kina.<\/p>\n\n\n\n<p>Summari\u00f0 \u00ed F\u00f8royum hevur t\u00f3nar. Summart\u00f3nar.<\/p>\n\n\n\n<p>Summart\u00f3nar eru t\u00f3nlistarligu lokkanetini, sum flyta okkum \u00fat \u00ed st\u00f3rfingnar sk\u00e1lar og&nbsp;trongar tr\u00e6kirkjur. Fr\u00edsk lot uttaneftir og heimlig lj\u00f3\u00f0 \u00ed durum bera vit vi\u00f0 okkum inn um&nbsp;vetrarg\u00e1tt, t\u00e1 summart\u00f3nar aftur fjara. Summart\u00f3nar \u00ed F\u00f8royum eru serstakir. Og&nbsp;v\u00e6lkomnir.<\/p>\n\n\n\n<p>Urd Johannesen,&nbsp;Mentanarsamskipari \u00ed Runav\u00edkar Kommunu<\/p>\n<\/blockquote>\n\n\n\n<p>V\u00e6lkomin \u00e1 Summart\u00f3nar 2025<\/p>\n\n\n\n<p>Kristian Blak og nevndin \u00ed FFT:&nbsp;<em>Sunleif Rasmussen, Gu\u00f0ri\u00f0 Hansd\u00f3ttir, He\u00f0in Ziska Davidsen<\/em><\/p>\n\n\n\n<p>Vitji\u00f0 heimas\u00ed\u00f0una <a href=\"https:\/\/www.summartonar.fo\/\" target=\"_blank\" rel=\"noreferrer noopener\">Summart\u00f3nar.fo<\/a>.<\/p>\n","protected":false},"excerpt":{"rendered":"<p>Felagi\u00f0 F\u00f8roysk T\u00f3nask\u00f8ld (FFT \u2013 composers.fo) t\u00f3k \u00ed 1992 stig til festivalin&nbsp;Summart\u00f3nar, sum altso hevur veri\u00f0 k\u00e6rkomin summargestur \u00e1 hv\u00f8rjum \u00e1ri s\u00ed\u00f0ani vi\u00f0&nbsp;konsertum n\u00e6rum hv\u00f8nn dag.&nbsp; F\u00f8royski t\u00f3nleikurin hevur ment seg n\u00f3gv, og er eisini meginpartin av innihaldinum \u00e1&nbsp;konsertunum 2025, skriva\u00f0ur av f\u00f8royskum t\u00f3nask\u00f8ldum og sangskrivarum. Vit leggja, sum alt\u00ed\u00f0, dent \u00e1 at f\u00e1a unga [&hellip;]<\/p>\n","protected":false},"author":24,"featured_media":33036,"comment_status":"closed","ping_status":"closed","sticky":false,"template":"","format":"standard","meta":{"ngg_post_thumbnail":0,"footnotes":""},"categories":[41],"tags":[],"class_list":["post-33035","post","type-post","status-publish","format-standard","has-post-thumbnail","hentry","category-tidindaskriv"],"publishpress_future_action":{"enabled":false,"date":"2026-05-04 21:49:43","action":"change-status","newStatus":"draft","terms":[],"taxonomy":"category","extraData":[]},"publishpress_future_workflow_manual_trigger":{"enabledWorkflows":[]},"_links":{"self":[{"href":"https:\/\/sudurras.fo\/index.php?rest_route=\/wp\/v2\/posts\/33035","targetHints":{"allow":["GET"]}}],"collection":[{"href":"https:\/\/sudurras.fo\/index.php?rest_route=\/wp\/v2\/posts"}],"about":[{"href":"https:\/\/sudurras.fo\/index.php?rest_route=\/wp\/v2\/types\/post"}],"author":[{"embeddable":true,"href":"https:\/\/sudurras.fo\/index.php?rest_route=\/wp\/v2\/users\/24"}],"replies":[{"embeddable":true,"href":"https:\/\/sudurras.fo\/index.php?rest_route=%2Fwp%2Fv2%2Fcomments&post=33035"}],"version-history":[{"count":1,"href":"https:\/\/sudurras.fo\/index.php?rest_route=\/wp\/v2\/posts\/33035\/revisions"}],"predecessor-version":[{"id":33037,"href":"https:\/\/sudurras.fo\/index.php?rest_route=\/wp\/v2\/posts\/33035\/revisions\/33037"}],"wp:featuredmedia":[{"embeddable":true,"href":"https:\/\/sudurras.fo\/index.php?rest_route=\/wp\/v2\/media\/33036"}],"wp:attachment":[{"href":"https:\/\/sudurras.fo\/index.php?rest_route=%2Fwp%2Fv2%2Fmedia&parent=33035"}],"wp:term":[{"taxonomy":"category","embeddable":true,"href":"https:\/\/sudurras.fo\/index.php?rest_route=%2Fwp%2Fv2%2Fcategories&post=33035"},{"taxonomy":"post_tag","embeddable":true,"href":"https:\/\/sudurras.fo\/index.php?rest_route=%2Fwp%2Fv2%2Ftags&post=33035"}],"curies":[{"name":"wp","href":"https:\/\/api.w.org\/{rel}","templated":true}]}}