{"id":33323,"date":"2025-04-30T13:01:50","date_gmt":"2025-04-30T12:01:50","guid":{"rendered":"https:\/\/sudurras.fo\/?p=33323"},"modified":"2025-04-30T13:01:51","modified_gmt":"2025-04-30T12:01:51","slug":"spennandi-fyrilestur-og-godur-tonleikur-a-seglloftinum","status":"publish","type":"post","link":"https:\/\/sudurras.fo\/?p=33323","title":{"rendered":"Spennandi fyrilestur og g\u00f3\u00f0ur t\u00f3nleikur \u00e1 Seglloftinum"},"content":{"rendered":"\n<figure class=\"wp-block-image size-large\"><img loading=\"lazy\" decoding=\"async\" width=\"1024\" height=\"768\" src=\"https:\/\/sudurras.fo\/wp-content\/uploads\/2025\/04\/FoCo2-1024x768.jpg\" alt=\"\" class=\"wp-image-33324\" srcset=\"https:\/\/sudurras.fo\/wp-content\/uploads\/2025\/04\/FoCo2-1024x768.jpg 1024w, https:\/\/sudurras.fo\/wp-content\/uploads\/2025\/04\/FoCo2-300x225.jpg 300w, https:\/\/sudurras.fo\/wp-content\/uploads\/2025\/04\/FoCo2-768x576.jpg 768w, https:\/\/sudurras.fo\/wp-content\/uploads\/2025\/04\/FoCo2-1536x1152.jpg 1536w, https:\/\/sudurras.fo\/wp-content\/uploads\/2025\/04\/FoCo2.jpg 2048w\" sizes=\"auto, (max-width: 1024px) 100vw, 1024px\" \/><\/figure>\n\n\n\n<p><\/p>\n\n\n\n<p>\u00d3nskv\u00f8ldi\u00f0 30. apr\u00edl kl. 19:00, ver\u00f0ur Segllofti\u00f0 karmur um \u00e1hugaverdan fyrilestur, vi\u00f0 heitinum \u00abF\u00f8royar sum CO2 goymsla\u00bb.<\/p>\n\n\n\n<p>N\u00f3gv ver\u00f0ur granska\u00f0 kring allan heimin, um hvussu vit kunnu koma ovurst\u00f3ra CO2-\u00fatl\u00e1tinum til l\u00edvs og her er ein h\u00e1ttur tann, at goyma CO2 \u00ed undirgrundini. Royndir \u00far \u00f8\u00f0rum londum hava v\u00edst at ta\u00f0 ber v\u00e6l til at goyma CO2 \u00ed undirgrundini og t\u00ed er n\u00e6rliggjandi at kanna um hetta ber til \u00ed F\u00f8royum.<\/p>\n\n\n\n<p>At grei\u00f0a okkum fr\u00e1, hv\u00ed tann f\u00f8royska undirgrundin er \u00e1hugaverd og v\u00e6l egna til endam\u00e1li\u00f0, hava vit fingi\u00f0 \u00d3luvu Eidesgaard og Janu \u00d3lavsd\u00f3ttir, i\u00f0 b\u00e1\u00f0ar eru jar\u00f0fr\u00f8\u00f0ingar&nbsp;<a href=\"https:\/\/l.facebook.com\/l.php?u=http%3A%2F%2FM.Sc%2F%3Ffbclid%3DIwZXh0bgNhZW0CMTAAYnJpZBExWmIwVml3WGpBS1Q4b2Z6RwEem-q3wMY3yb1ihzKVkxRn_m257ZJmvXvBsvWpzPj-8H3cmQabboeN64XXXgk_aem_anAFzBqfdgqjmD3j5ezSFA&amp;h=AT0fs0UiyldDfZsUqAqA7DPWMJkuRkf814jx7tOCbIX4Da89iEL5gAtyC9os0veq_MnGI7f-qzFEZ61e1YyUxKb6hAUVp6M0r5z8OL8bJP7UZ7yp3MVagH2WbjUaNZ6a6EPgKGYE2vV6pw&amp;__tn__=-UK-R&amp;c%5b0%5d=AT308fLqM0sZlV3UeP1CKzXLQFYbRCoV6Glp3NE0frCXcqRPeZcAhwLkjp_Gip3F04LQTGzcEDOpueSqXXBfl_J904xCob6Q_vJPmhLOMyHzu4me4zJejj8vjw9XErBkiCZmz9J9q_BwIgJSJ2ZWCzJ8tH-B1_J4C70R-LqnaPkwYSlLAKSLDsp1dXTMUoMch4Xt9CXal4imi2E_X4hOh8X9DQI\" target=\"_blank\" rel=\"noreferrer noopener\"><strong>M.Sc.<\/strong><\/a>, Ph.d. og starvast \u00e1 Jar\u00f0feingi.<\/p>\n\n\n\n<p>HAMRADUN AKUSTISK DUO<\/p>\n\n\n\n<p>Ta\u00f0 er alt\u00ed\u00f0 gott vi\u00f0 n\u00f8krum g\u00f3\u00f0um t\u00f3num og til endam\u00e1li\u00f0 hava vit fingu sera dugnaligu P\u00f3l Arna Holm og Una Debess, nevndir Hamradun Akustisk Duo. Sum navni\u00f0 ber bo\u00f0 um, so hoyra b\u00e1\u00f0ir til super v\u00e6l umt\u00f3kta b\u00f3lkin Hamradun og ver\u00f0a ta\u00f0 l\u00f8g hj\u00e1 Harmadun, i\u00f0 vit koma til at hoyra tann 30.<\/p>\n\n\n\n<p>Kaffi, te og okkurt gott afturvi\u00f0, ver\u00f0ur eisini at f\u00e1a.<\/p>\n\n\n\n<p>Tiltaki\u00f0 er \u00f3keypis.<\/p>\n","protected":false},"excerpt":{"rendered":"<p>\u00d3nskv\u00f8ldi\u00f0 30. apr\u00edl kl. 19:00, ver\u00f0ur Segllofti\u00f0 karmur um \u00e1hugaverdan fyrilestur, vi\u00f0 heitinum \u00abF\u00f8royar sum CO2 goymsla\u00bb. N\u00f3gv ver\u00f0ur granska\u00f0 kring allan heimin, um hvussu vit kunnu koma ovurst\u00f3ra CO2-\u00fatl\u00e1tinum til l\u00edvs og her er ein h\u00e1ttur tann, at goyma CO2 \u00ed undirgrundini. Royndir \u00far \u00f8\u00f0rum londum hava v\u00edst at ta\u00f0 ber v\u00e6l til at [&hellip;]<\/p>\n","protected":false},"author":24,"featured_media":33324,"comment_status":"closed","ping_status":"closed","sticky":false,"template":"","format":"standard","meta":{"ngg_post_thumbnail":0,"footnotes":""},"categories":[1],"tags":[],"class_list":["post-33323","post","type-post","status-publish","format-standard","has-post-thumbnail","hentry","category-tidindi"],"publishpress_future_action":{"enabled":false,"date":"2026-05-04 20:04:00","action":"change-status","newStatus":"draft","terms":[],"taxonomy":"category","extraData":[]},"publishpress_future_workflow_manual_trigger":{"enabledWorkflows":[]},"_links":{"self":[{"href":"https:\/\/sudurras.fo\/index.php?rest_route=\/wp\/v2\/posts\/33323","targetHints":{"allow":["GET"]}}],"collection":[{"href":"https:\/\/sudurras.fo\/index.php?rest_route=\/wp\/v2\/posts"}],"about":[{"href":"https:\/\/sudurras.fo\/index.php?rest_route=\/wp\/v2\/types\/post"}],"author":[{"embeddable":true,"href":"https:\/\/sudurras.fo\/index.php?rest_route=\/wp\/v2\/users\/24"}],"replies":[{"embeddable":true,"href":"https:\/\/sudurras.fo\/index.php?rest_route=%2Fwp%2Fv2%2Fcomments&post=33323"}],"version-history":[{"count":1,"href":"https:\/\/sudurras.fo\/index.php?rest_route=\/wp\/v2\/posts\/33323\/revisions"}],"predecessor-version":[{"id":33325,"href":"https:\/\/sudurras.fo\/index.php?rest_route=\/wp\/v2\/posts\/33323\/revisions\/33325"}],"wp:featuredmedia":[{"embeddable":true,"href":"https:\/\/sudurras.fo\/index.php?rest_route=\/wp\/v2\/media\/33324"}],"wp:attachment":[{"href":"https:\/\/sudurras.fo\/index.php?rest_route=%2Fwp%2Fv2%2Fmedia&parent=33323"}],"wp:term":[{"taxonomy":"category","embeddable":true,"href":"https:\/\/sudurras.fo\/index.php?rest_route=%2Fwp%2Fv2%2Fcategories&post=33323"},{"taxonomy":"post_tag","embeddable":true,"href":"https:\/\/sudurras.fo\/index.php?rest_route=%2Fwp%2Fv2%2Ftags&post=33323"}],"curies":[{"name":"wp","href":"https:\/\/api.w.org\/{rel}","templated":true}]}}