{"id":33334,"date":"2025-04-30T18:44:35","date_gmt":"2025-04-30T17:44:35","guid":{"rendered":"https:\/\/sudurras.fo\/?p=33334"},"modified":"2025-04-30T18:44:35","modified_gmt":"2025-04-30T17:44:35","slug":"vinnudagurin-hja-vags-kommunu-2","status":"publish","type":"post","link":"https:\/\/sudurras.fo\/?p=33334","title":{"rendered":"Vinnudagurin hj\u00e1 V\u00e1gs Kommunu"},"content":{"rendered":"\n<figure class=\"wp-block-image size-large\"><img loading=\"lazy\" decoding=\"async\" width=\"1024\" height=\"682\" src=\"https:\/\/sudurras.fo\/wp-content\/uploads\/2025\/04\/IMG_5409-1024x682.jpeg\" alt=\"\" class=\"wp-image-33335\" srcset=\"https:\/\/sudurras.fo\/wp-content\/uploads\/2025\/04\/IMG_5409-1024x682.jpeg 1024w, https:\/\/sudurras.fo\/wp-content\/uploads\/2025\/04\/IMG_5409-300x200.jpeg 300w, https:\/\/sudurras.fo\/wp-content\/uploads\/2025\/04\/IMG_5409-768x511.jpeg 768w, https:\/\/sudurras.fo\/wp-content\/uploads\/2025\/04\/IMG_5409.jpeg 1152w\" sizes=\"auto, (max-width: 1024px) 100vw, 1024px\" \/><\/figure>\n\n\n\n<p>T\u00f3rsdagin 8. mai skipar V\u00e1gs Kommuna fyri vinnudegi, i\u00f0 er \u00e6tla\u00f0ur vinnul\u00edvinum \u00ed V\u00e1gi og \u00f8\u00f0rum \u00e1huga\u00f0um samstarvsfel\u00f8gum og fyrit\u00f8kum.<\/p>\n\n\n\n<p>Dagurin ver\u00f0ur hildin \u00e1 Jugga og fylgir sama leisti sum undanfarnu \u00e1r. Vinnudagurin byrjar klokkan 12.00 vi\u00f0 \u00e1biti, og klokkan 13.00 bj\u00f3\u00f0ar forkvinnan \u00ed Vinnu- og havnanevndini v\u00e6lkomin. Aftan\u00e1 ver\u00f0a tv\u00e6r spennandi og vi\u00f0komandi framl\u00f8gur:<\/p>\n\n\n\n<ul class=\"wp-block-list\">\n<li>S\u00fasanna Berg fr\u00e1 Vinnuh\u00fasinum hevur framl\u00f8gu um netverki\u00f0 Varandi Vinna.<\/li>\n\n\n\n<li>Allan Dalsgar\u00f0 hevur framl\u00f8gu um starvsf\u00f3lkabranding og kemur at fyrihalda seg til fyrit\u00f8kurnar Alfred og Brandr.fo.<\/li>\n<\/ul>\n\n\n\n<p>Eftir framl\u00f8gurnar ver\u00f0ur h\u00f8vi til pr\u00e1t, netverkan og at nj\u00f3ta okkurt leskiligt \u00e1 Jugga.<\/p>\n\n\n\n<p><strong>Lutt\u00f8ka og tilmelding<\/strong><br>Vinnudagurin er \u00f3keypis fyri fyrit\u00f8kur \u00ed V\u00e1gi. Fyrit\u00f8kur og samstarvsfelagar uttanfyri V\u00e1g eru eisini v\u00e6lkomin at luttaka, kostna\u00f0ur fyri hv\u00f8rt umbo\u00f0 er 400 kr.<\/p>\n\n\n\n<p>Tilmelding fer fram vi\u00f0 at senda ein teldupost til edith@vagur.fo og uppl\u00fdsa, hvussu n\u00f3gv koma fr\u00e1 tykkara fyrit\u00f8ku. Seinasta freist at melda til er m\u00e1nadagin 5. mai.<\/p>\n","protected":false},"excerpt":{"rendered":"<p>T\u00f3rsdagin 8. mai skipar V\u00e1gs Kommuna fyri vinnudegi, i\u00f0 er \u00e6tla\u00f0ur vinnul\u00edvinum \u00ed V\u00e1gi og \u00f8\u00f0rum \u00e1huga\u00f0um samstarvsfel\u00f8gum og fyrit\u00f8kum. Dagurin ver\u00f0ur hildin \u00e1 Jugga og fylgir sama leisti sum undanfarnu \u00e1r. Vinnudagurin byrjar klokkan 12.00 vi\u00f0 \u00e1biti, og klokkan 13.00 bj\u00f3\u00f0ar forkvinnan \u00ed Vinnu- og havnanevndini v\u00e6lkomin. Aftan\u00e1 ver\u00f0a tv\u00e6r spennandi og vi\u00f0komandi framl\u00f8gur: [&hellip;]<\/p>\n","protected":false},"author":24,"featured_media":33335,"comment_status":"closed","ping_status":"closed","sticky":false,"template":"","format":"standard","meta":{"ngg_post_thumbnail":0,"footnotes":""},"categories":[1],"tags":[],"class_list":["post-33334","post","type-post","status-publish","format-standard","has-post-thumbnail","hentry","category-tidindi"],"publishpress_future_action":{"enabled":false,"date":"2026-05-04 20:09:07","action":"change-status","newStatus":"draft","terms":[],"taxonomy":"category","extraData":[]},"publishpress_future_workflow_manual_trigger":{"enabledWorkflows":[]},"_links":{"self":[{"href":"https:\/\/sudurras.fo\/index.php?rest_route=\/wp\/v2\/posts\/33334","targetHints":{"allow":["GET"]}}],"collection":[{"href":"https:\/\/sudurras.fo\/index.php?rest_route=\/wp\/v2\/posts"}],"about":[{"href":"https:\/\/sudurras.fo\/index.php?rest_route=\/wp\/v2\/types\/post"}],"author":[{"embeddable":true,"href":"https:\/\/sudurras.fo\/index.php?rest_route=\/wp\/v2\/users\/24"}],"replies":[{"embeddable":true,"href":"https:\/\/sudurras.fo\/index.php?rest_route=%2Fwp%2Fv2%2Fcomments&post=33334"}],"version-history":[{"count":1,"href":"https:\/\/sudurras.fo\/index.php?rest_route=\/wp\/v2\/posts\/33334\/revisions"}],"predecessor-version":[{"id":33336,"href":"https:\/\/sudurras.fo\/index.php?rest_route=\/wp\/v2\/posts\/33334\/revisions\/33336"}],"wp:featuredmedia":[{"embeddable":true,"href":"https:\/\/sudurras.fo\/index.php?rest_route=\/wp\/v2\/media\/33335"}],"wp:attachment":[{"href":"https:\/\/sudurras.fo\/index.php?rest_route=%2Fwp%2Fv2%2Fmedia&parent=33334"}],"wp:term":[{"taxonomy":"category","embeddable":true,"href":"https:\/\/sudurras.fo\/index.php?rest_route=%2Fwp%2Fv2%2Fcategories&post=33334"},{"taxonomy":"post_tag","embeddable":true,"href":"https:\/\/sudurras.fo\/index.php?rest_route=%2Fwp%2Fv2%2Ftags&post=33334"}],"curies":[{"name":"wp","href":"https:\/\/api.w.org\/{rel}","templated":true}]}}