{"id":3336,"date":"2018-04-24T20:14:55","date_gmt":"2018-04-24T19:14:55","guid":{"rendered":"http:\/\/sudurras.fo\/?p=3336"},"modified":"2018-04-24T20:20:10","modified_gmt":"2018-04-24T19:20:10","slug":"alzheimersfelagid-kafe-i-skuladeplinum-25-april","status":"publish","type":"post","link":"https:\/\/sudurras.fo\/?p=3336","title":{"rendered":"Alzheimersfelagi\u00f0 kafe \u00ed Sk\u00faladeplinum 25. apr\u00edl"},"content":{"rendered":"<p>Mikukv\u00f8ldi\u00f0 25. apr\u00edl kl 19.00 ver\u00f0ur kaf\u00e9 \u00ed Sk\u00faladeplinum \u00ed Hovi fyri f\u00f3lk vi\u00f0 demenssj\u00fakum, avvar\u00f0andi teirra, starvsf\u00f3lki innan heilsu\u00f8ki\u00f0, politikkarum, og \u00f8\u00f0rum \u00e1huga\u00f0um.<\/p>\n<p><!--more--><\/p>\n<p>Skr\u00e1in er henda:<br \/>\n\u2022 Malan Mohr, forkvinna, bj\u00f3\u00f0ar v\u00e6lkomin og kunnar um arbei\u00f0i felagsins.<br \/>\n\u2022 Marjun Restorff, demenssamskipari, kunnar um demensklinikkina.&nbsp;<br \/>\n\u2022 Birita Johansen og Ann Thomsen, demenssamskiparar, kunna um tilbo\u00f0ini, B\u00fa- og Heimat\u00e6nastan \u00ed Su\u00f0uroy bj\u00f3\u00f0ar f\u00f3lki vi\u00f0 demenssj\u00fakum, og hv\u00f8jum \u00e6tlanum arbeitt ver\u00f0ur vi\u00f0.&nbsp;<br \/>\n\u2022 John \u00ed Skemmuni sigur s\u00edna s\u00f8gu sum avvar\u00f0andi.<br \/>\n\u2022 Svein \u00ed Prestgar\u00f0i syngur.<br \/>\n\u2022 S\u00ed\u00f0an ver\u00f0ur or\u00f0i\u00f0 fr\u00edtt, og h\u00f8vi ver\u00f0ur at seta spurningar og at koma vi\u00f0 ynskjum, hugskotum og hjartasuffum.<\/p>\n<p>Fyri at f\u00e1a eina h\u00f3ming av, hv\u00f8r t\u00f8rvur er hj\u00e1 f\u00f3lki vi\u00f0 demenssj\u00fakum, avvar\u00f0andi teirra og anna\u00f0 \u00ed hesum sambandi, v\u00f3nar Alzheimerfelagi\u00f0, i\u00f0 er talur\u00f8ri\u00f0 hj\u00e1 hesum b\u00f3lki, at n\u00f3gv f\u00f3lk taka av hesum tilbo\u00f0i.<\/p>\n<p>Bor\u00f0reitt ver\u00f0ur vi\u00f0 kaffi\/te og onkrum g\u00f3\u00f0um til g\u00f3man.<\/p>\n<p>Veri\u00f0 v\u00e6lkomin<\/p>\n<p>Alzheimerfelagi\u00f0<\/p>\n","protected":false},"excerpt":{"rendered":"<p>Mikukv\u00f8ldi\u00f0 25. apr\u00edl kl 19.00 ver\u00f0ur kaf\u00e9 \u00ed Sk\u00faladeplinum \u00ed Hovi fyri f\u00f3lk vi\u00f0 demenssj\u00fakum, avvar\u00f0andi teirra, starvsf\u00f3lki innan heilsu\u00f8ki\u00f0, politikkarum, og \u00f8\u00f0rum \u00e1huga\u00f0um.<\/p>\n","protected":false},"author":3,"featured_media":2670,"comment_status":"closed","ping_status":"closed","sticky":false,"template":"","format":"standard","meta":{"ngg_post_thumbnail":0,"footnotes":""},"categories":[1],"tags":[],"class_list":["post-3336","post","type-post","status-publish","format-standard","has-post-thumbnail","hentry","category-tidindi"],"publishpress_future_action":{"enabled":false,"date":"2026-05-07 07:50:52","action":"change-status","newStatus":"draft","terms":[],"taxonomy":"category","extraData":[]},"publishpress_future_workflow_manual_trigger":{"enabledWorkflows":[]},"_links":{"self":[{"href":"https:\/\/sudurras.fo\/index.php?rest_route=\/wp\/v2\/posts\/3336","targetHints":{"allow":["GET"]}}],"collection":[{"href":"https:\/\/sudurras.fo\/index.php?rest_route=\/wp\/v2\/posts"}],"about":[{"href":"https:\/\/sudurras.fo\/index.php?rest_route=\/wp\/v2\/types\/post"}],"author":[{"embeddable":true,"href":"https:\/\/sudurras.fo\/index.php?rest_route=\/wp\/v2\/users\/3"}],"replies":[{"embeddable":true,"href":"https:\/\/sudurras.fo\/index.php?rest_route=%2Fwp%2Fv2%2Fcomments&post=3336"}],"version-history":[{"count":0,"href":"https:\/\/sudurras.fo\/index.php?rest_route=\/wp\/v2\/posts\/3336\/revisions"}],"wp:featuredmedia":[{"embeddable":true,"href":"https:\/\/sudurras.fo\/index.php?rest_route=\/wp\/v2\/media\/2670"}],"wp:attachment":[{"href":"https:\/\/sudurras.fo\/index.php?rest_route=%2Fwp%2Fv2%2Fmedia&parent=3336"}],"wp:term":[{"taxonomy":"category","embeddable":true,"href":"https:\/\/sudurras.fo\/index.php?rest_route=%2Fwp%2Fv2%2Fcategories&post=3336"},{"taxonomy":"post_tag","embeddable":true,"href":"https:\/\/sudurras.fo\/index.php?rest_route=%2Fwp%2Fv2%2Ftags&post=3336"}],"curies":[{"name":"wp","href":"https:\/\/api.w.org\/{rel}","templated":true}]}}