{"id":33469,"date":"2025-05-10T19:09:41","date_gmt":"2025-05-10T18:09:41","guid":{"rendered":"https:\/\/sudurras.fo\/?p=33469"},"modified":"2025-05-10T19:09:42","modified_gmt":"2025-05-10T18:09:42","slug":"naemingakonsertin-hja-musikkskulanum","status":"publish","type":"post","link":"https:\/\/sudurras.fo\/?p=33469","title":{"rendered":"N\u00e6mingakonsertin hj\u00e1 musikksk\u00falanum"},"content":{"rendered":"\n<figure class=\"wp-block-image size-full\"><img loading=\"lazy\" decoding=\"async\" width=\"1024\" height=\"1024\" src=\"https:\/\/sudurras.fo\/wp-content\/uploads\/2025\/05\/F6E801EC-B397-4950-9ED0-122483A2CB2C.png\" alt=\"\" class=\"wp-image-33470\" srcset=\"https:\/\/sudurras.fo\/wp-content\/uploads\/2025\/05\/F6E801EC-B397-4950-9ED0-122483A2CB2C.png 1024w, https:\/\/sudurras.fo\/wp-content\/uploads\/2025\/05\/F6E801EC-B397-4950-9ED0-122483A2CB2C-300x300.png 300w, https:\/\/sudurras.fo\/wp-content\/uploads\/2025\/05\/F6E801EC-B397-4950-9ED0-122483A2CB2C-150x150.png 150w, https:\/\/sudurras.fo\/wp-content\/uploads\/2025\/05\/F6E801EC-B397-4950-9ED0-122483A2CB2C-768x768.png 768w\" sizes=\"auto, (max-width: 1024px) 100vw, 1024px\" \/><\/figure>\n\n\n\n<p>Musikksk\u00falin \u00ed V\u00e1gi skipar fyri \u00e1rligu n\u00e6mingakonsertini m\u00e1nadagin 12. mai \u00ed Auluni \u00ed V\u00e1gs sk\u00fala. Konsertin byrjar klokkan 16:30, og \u00f8ll eru hjartaliga v\u00e6lkomin.<\/p>\n\n\n\n<p>\u00c1 konsertini fara n\u00e6mingar at framf\u00f8ra ymist t\u00f3nlistarligt tilfar, sum teir hava arbeitt vi\u00f0 seinastu m\u00e1na\u00f0irnar. Summar framf\u00f8rslur ver\u00f0a saman vi\u00f0 t\u00f3nleikal\u00e6rarum.<\/p>\n\n\n\n<p>N\u00e6mingakonsertin er \u00f3keypis, og okur v\u00f3na at s\u00edggja b\u00e6\u00f0i foreldur, familjur og t\u00f3nleika\u00e1huga\u00f0 til eina hugnaliga l\u00f8tu \u00ed Auluni.<\/p>\n","protected":false},"excerpt":{"rendered":"<p>Musikksk\u00falin \u00ed V\u00e1gi skipar fyri \u00e1rligu n\u00e6mingakonsertini m\u00e1nadagin 12. mai \u00ed Auluni \u00ed V\u00e1gs sk\u00fala. Konsertin byrjar klokkan 16:30, og \u00f8ll eru hjartaliga v\u00e6lkomin. \u00c1 konsertini fara n\u00e6mingar at framf\u00f8ra ymist t\u00f3nlistarligt tilfar, sum teir hava arbeitt vi\u00f0 seinastu m\u00e1na\u00f0irnar. Summar framf\u00f8rslur ver\u00f0a saman vi\u00f0 t\u00f3nleikal\u00e6rarum. N\u00e6mingakonsertin er \u00f3keypis, og okur v\u00f3na at s\u00edggja b\u00e6\u00f0i [&hellip;]<\/p>\n","protected":false},"author":24,"featured_media":33470,"comment_status":"closed","ping_status":"closed","sticky":false,"template":"","format":"standard","meta":{"ngg_post_thumbnail":0,"footnotes":""},"categories":[1],"tags":[],"class_list":["post-33469","post","type-post","status-publish","format-standard","has-post-thumbnail","hentry","category-tidindi"],"publishpress_future_action":{"enabled":false,"date":"2026-05-04 18:45:01","action":"change-status","newStatus":"draft","terms":[],"taxonomy":"category","extraData":[]},"publishpress_future_workflow_manual_trigger":{"enabledWorkflows":[]},"_links":{"self":[{"href":"https:\/\/sudurras.fo\/index.php?rest_route=\/wp\/v2\/posts\/33469","targetHints":{"allow":["GET"]}}],"collection":[{"href":"https:\/\/sudurras.fo\/index.php?rest_route=\/wp\/v2\/posts"}],"about":[{"href":"https:\/\/sudurras.fo\/index.php?rest_route=\/wp\/v2\/types\/post"}],"author":[{"embeddable":true,"href":"https:\/\/sudurras.fo\/index.php?rest_route=\/wp\/v2\/users\/24"}],"replies":[{"embeddable":true,"href":"https:\/\/sudurras.fo\/index.php?rest_route=%2Fwp%2Fv2%2Fcomments&post=33469"}],"version-history":[{"count":1,"href":"https:\/\/sudurras.fo\/index.php?rest_route=\/wp\/v2\/posts\/33469\/revisions"}],"predecessor-version":[{"id":33471,"href":"https:\/\/sudurras.fo\/index.php?rest_route=\/wp\/v2\/posts\/33469\/revisions\/33471"}],"wp:featuredmedia":[{"embeddable":true,"href":"https:\/\/sudurras.fo\/index.php?rest_route=\/wp\/v2\/media\/33470"}],"wp:attachment":[{"href":"https:\/\/sudurras.fo\/index.php?rest_route=%2Fwp%2Fv2%2Fmedia&parent=33469"}],"wp:term":[{"taxonomy":"category","embeddable":true,"href":"https:\/\/sudurras.fo\/index.php?rest_route=%2Fwp%2Fv2%2Fcategories&post=33469"},{"taxonomy":"post_tag","embeddable":true,"href":"https:\/\/sudurras.fo\/index.php?rest_route=%2Fwp%2Fv2%2Ftags&post=33469"}],"curies":[{"name":"wp","href":"https:\/\/api.w.org\/{rel}","templated":true}]}}