{"id":33562,"date":"2025-05-23T13:00:21","date_gmt":"2025-05-23T12:00:21","guid":{"rendered":"https:\/\/sudurras.fo\/?p=33562"},"modified":"2025-05-23T13:00:22","modified_gmt":"2025-05-23T12:00:22","slug":"verjid-livmargfeldid-tynid-gardaskoruna-2025","status":"publish","type":"post","link":"https:\/\/sudurras.fo\/?p=33562","title":{"rendered":"Verji\u00f0 l\u00edvmargfeldi\u00f0 &#8211; t\u00fdni\u00f0 gar\u00f0ask\u00f8runa 2025"},"content":{"rendered":"\n<figure class=\"wp-block-image size-large\"><img loading=\"lazy\" decoding=\"async\" width=\"1024\" height=\"1024\" src=\"https:\/\/sudurras.fo\/wp-content\/uploads\/2025\/05\/image001-1024x1024.png\" alt=\"\" class=\"wp-image-33563\" srcset=\"https:\/\/sudurras.fo\/wp-content\/uploads\/2025\/05\/image001-1024x1024.png 1024w, https:\/\/sudurras.fo\/wp-content\/uploads\/2025\/05\/image001-300x300.png 300w, https:\/\/sudurras.fo\/wp-content\/uploads\/2025\/05\/image001-150x150.png 150w, https:\/\/sudurras.fo\/wp-content\/uploads\/2025\/05\/image001-768x768.png 768w, https:\/\/sudurras.fo\/wp-content\/uploads\/2025\/05\/image001.png 1080w\" sizes=\"auto, (max-width: 1024px) 100vw, 1024px\" \/><\/figure>\n\n\n\n<p><\/p>\n\n\n\n<p>F\u00f8roya N\u00e1tt\u00faru- og Umhv\u00f8rvisfelag skipar aftur \u00ed \u00e1r fyri sk\u00f8rud\u00f8gum, har vit eggja borgarum, kommunum, stovnum, sk\u00falum, fr\u00edt\u00ed\u00f0arsk\u00falum, eigarafel\u00f8gunum, arbei\u00f0spl\u00e1ssum v.m. at fara \u00fat at t\u00fdna gar\u00f0ask\u00f8runa \u00ed n\u00e6rumhv\u00f8rvinum.<\/p>\n\n\n\n<p>Vit byrja vi\u00f0 einari gar\u00f0ask\u00f8ruviku, sum ver\u00f0ur 2.-8. juni. \u00c1 hendan h\u00e1tt kunnu tit sj\u00e1lvi avgera, hv\u00f8nn dag \u00ed vikuni tit fara \u00fat at t\u00fdna gar\u00f0ask\u00f8ru.<\/p>\n\n\n\n<p><strong>\u00cd minsta lagi seks sl\u00f8g av sk\u00f8ru \u00ed F\u00f8royum<\/strong><\/p>\n\n\n\n<p>\u00cd minsta lagi seks sl\u00f8g av sk\u00f8ru vaksa \u00ed F\u00f8royum, men ta\u00f0 er einans gar\u00f0ask\u00f8ran (Alchemilla mollis), sum veksur alt ov v\u00e6l og er n\u00e6rum allasta\u00f0ni&nbsp; fram vi\u00f0 vegum, \u00e1arbakkum, \u00ed b\u00f8num &#8211; ja , allasta\u00f0ni har hon er, tekur hon yvir. \u00d8ll hini sk\u00f8rusl\u00f8gini eru vakrar upprunaplantur, men gar\u00f0ask\u00f8ran er ein innr\u00e6sin planta, sum merkir, at \u00f8ll hini plantusl\u00f8gini mugu v\u00edkja undan henni.<\/p>\n\n\n\n<p><br>Innr\u00e6sin plantusl\u00f8g eru plantur, sum eru meira kappingarf\u00f8rar enn onnur plantusl\u00f8g. Av t\u00ed sama eru t\u00e6r kappingarneytar vi\u00f0 okkara uppruna plantufj\u00f8lbroytni og eru vi\u00f0 til at skumpa onnur plantusl\u00f8g burtur og taka yvir \u00f8ki.<\/p>\n\n\n\n<p><strong>Hvussu t\u00fdnir og burturbeinir t\u00fa gar\u00f0ask\u00f8runa?<\/strong><\/p>\n\n\n\n<p>Um t\u00fa ivast \u00ed, hvussu t\u00fa skalt gera, so hava vit gj\u00f8rt eina veglei\u00f0ing til, hvussu t\u00fa t\u00fdnir og burturbeinir sk\u00f8ru \u00e1 okkara heimas\u00ed\u00f0u&nbsp;<a href=\"blank\" target=\"_blank\" rel=\"noreferrer noopener\">www.sk\u00f8ra.fo<\/a><\/p>\n\n\n\n<p><strong>Ver vi\u00f0 \u00ed kappingini!<\/strong><\/p>\n\n\n\n<p>\u00d8ll, sum luttaka og tagga FNU \u00ed str\u00ed\u00f0num m\u00f3ti gar\u00f0ask\u00f8runi, eru vi\u00f0 \u00ed lutakastinum um 3 g\u00e1vueskjur, sum eru samansettar av lekkrum f\u00f8royskum v\u00f8rum.<\/p>\n\n\n\n<p><\/p>\n","protected":false},"excerpt":{"rendered":"<p>F\u00f8roya N\u00e1tt\u00faru- og Umhv\u00f8rvisfelag skipar aftur \u00ed \u00e1r fyri sk\u00f8rud\u00f8gum, har vit eggja borgarum, kommunum, stovnum, sk\u00falum, fr\u00edt\u00ed\u00f0arsk\u00falum, eigarafel\u00f8gunum, arbei\u00f0spl\u00e1ssum v.m. at fara \u00fat at t\u00fdna gar\u00f0ask\u00f8runa \u00ed n\u00e6rumhv\u00f8rvinum. Vit byrja vi\u00f0 einari gar\u00f0ask\u00f8ruviku, sum ver\u00f0ur 2.-8. juni. \u00c1 hendan h\u00e1tt kunnu tit sj\u00e1lvi avgera, hv\u00f8nn dag \u00ed vikuni tit fara \u00fat at t\u00fdna gar\u00f0ask\u00f8ru. [&hellip;]<\/p>\n","protected":false},"author":23,"featured_media":33563,"comment_status":"closed","ping_status":"closed","sticky":false,"template":"","format":"standard","meta":{"ngg_post_thumbnail":0,"footnotes":""},"categories":[1],"tags":[],"class_list":["post-33562","post","type-post","status-publish","format-standard","has-post-thumbnail","hentry","category-tidindi"],"publishpress_future_action":{"enabled":false,"date":"2026-05-04 18:44:46","action":"change-status","newStatus":"draft","terms":[],"taxonomy":"category","extraData":[]},"publishpress_future_workflow_manual_trigger":{"enabledWorkflows":[]},"_links":{"self":[{"href":"https:\/\/sudurras.fo\/index.php?rest_route=\/wp\/v2\/posts\/33562","targetHints":{"allow":["GET"]}}],"collection":[{"href":"https:\/\/sudurras.fo\/index.php?rest_route=\/wp\/v2\/posts"}],"about":[{"href":"https:\/\/sudurras.fo\/index.php?rest_route=\/wp\/v2\/types\/post"}],"author":[{"embeddable":true,"href":"https:\/\/sudurras.fo\/index.php?rest_route=\/wp\/v2\/users\/23"}],"replies":[{"embeddable":true,"href":"https:\/\/sudurras.fo\/index.php?rest_route=%2Fwp%2Fv2%2Fcomments&post=33562"}],"version-history":[{"count":1,"href":"https:\/\/sudurras.fo\/index.php?rest_route=\/wp\/v2\/posts\/33562\/revisions"}],"predecessor-version":[{"id":33564,"href":"https:\/\/sudurras.fo\/index.php?rest_route=\/wp\/v2\/posts\/33562\/revisions\/33564"}],"wp:featuredmedia":[{"embeddable":true,"href":"https:\/\/sudurras.fo\/index.php?rest_route=\/wp\/v2\/media\/33563"}],"wp:attachment":[{"href":"https:\/\/sudurras.fo\/index.php?rest_route=%2Fwp%2Fv2%2Fmedia&parent=33562"}],"wp:term":[{"taxonomy":"category","embeddable":true,"href":"https:\/\/sudurras.fo\/index.php?rest_route=%2Fwp%2Fv2%2Fcategories&post=33562"},{"taxonomy":"post_tag","embeddable":true,"href":"https:\/\/sudurras.fo\/index.php?rest_route=%2Fwp%2Fv2%2Ftags&post=33562"}],"curies":[{"name":"wp","href":"https:\/\/api.w.org\/{rel}","templated":true}]}}