{"id":33602,"date":"2025-05-26T18:55:23","date_gmt":"2025-05-26T17:55:23","guid":{"rendered":"https:\/\/sudurras.fo\/?p=33602"},"modified":"2025-05-26T18:55:23","modified_gmt":"2025-05-26T17:55:23","slug":"semja-millum-foroyar-og-danmark-um-talgilt-koyrikort","status":"publish","type":"post","link":"https:\/\/sudurras.fo\/?p=33602","title":{"rendered":"Semja millum F\u00f8royar og Danmark um talgilt koyrikort"},"content":{"rendered":"\n<figure class=\"wp-block-image size-large\"><img loading=\"lazy\" decoding=\"async\" width=\"1024\" height=\"576\" src=\"https:\/\/sudurras.fo\/wp-content\/uploads\/2025\/05\/mynd-3-1024x576.webp\" alt=\"\" class=\"wp-image-33603\" srcset=\"https:\/\/sudurras.fo\/wp-content\/uploads\/2025\/05\/mynd-3-1024x576.webp 1024w, https:\/\/sudurras.fo\/wp-content\/uploads\/2025\/05\/mynd-3-300x169.webp 300w, https:\/\/sudurras.fo\/wp-content\/uploads\/2025\/05\/mynd-3-768x432.webp 768w, https:\/\/sudurras.fo\/wp-content\/uploads\/2025\/05\/mynd-3-1536x864.webp 1536w, https:\/\/sudurras.fo\/wp-content\/uploads\/2025\/05\/mynd-3.webp 1600w\" sizes=\"auto, (max-width: 1024px) 100vw, 1024px\" \/><\/figure>\n\n\n\n<p><\/p>\n\n\n\n<p><strong>Fiskivinnu- og Samfer\u00f0slum\u00e1lar\u00e1\u00f0i\u00f0<\/strong>: F\u00f8royar og Danmark eru samd um, at talgilda koyrikorti\u00f0 skal kunna n\u00fdtast \u00ed b\u00e1\u00f0um londunum. Ta\u00f0 merkir, at f\u00f8royskir bilf\u00f8rarar fara at kunna br\u00faka talgilda koyrikorti\u00f0 \u00ed Danmark \u2013 og danskir bilf\u00f8rarar f\u00e1a somulei\u00f0is m\u00f8guleika at br\u00faka s\u00edtt talgilda koyrikort \u00ed F\u00f8royum.<\/p>\n\n\n\n<p>Higartil hevur ikki veri\u00f0 m\u00f8guligt at n\u00fdta talgilt koyrikort uttan fyri landoddarnar, men landsst\u00fdrisma\u00f0urin \u00ed samfer\u00f0slum\u00e1lum, J\u00f3han Christiansen, og danski samfer\u00f0slum\u00e1lar\u00e1\u00f0harrin, Thomas Danielsen, eru samdir um, at hetta skal broytast.<\/p>\n\n\n\n<p>&#8211; Ta\u00f0 skal vera l\u00e6tt at br\u00faka s\u00edtt talgilda koyrikort \u2013 \u00f3ans\u00e6\u00f0 um t\u00fa ert \u00ed Danmark ella \u00ed F\u00f8royum. V\u00f3nin er eisini, at hetta ver\u00f0ur fyrsta stigi\u00f0 \u00e1 lei\u00f0ini til, at f\u00f8royska talgilda koyrikorti\u00f0 kann ver\u00f0a g\u00f3\u00f0kent \u00ed fleiri ES-londum, sigur J\u00f3han Christiansen, landsst\u00fdrisma\u00f0ur \u00ed samfer\u00f0slum\u00e1lum.<\/p>\n\n\n\n<p>&#8211; Vit hava eitt gott og t\u00e6tt samstarv millum Danmark og F\u00f8royar, og t\u00ed er ta\u00f0 eisini p\u00fara nat\u00farligt fyri meg, at vit vi\u00f0urkenna talgilda koyrikorti\u00f0 hj\u00e1 hv\u00f8rjum \u00f8\u00f0rum. Vit hava n\u00fa funni\u00f0 eina praktiska loysn, og t\u00e1 i\u00f0 reglurnar eru broyttar, kunnu bilf\u00f8rarar \u00far b\u00e6\u00f0i F\u00f8royum og Danmark br\u00faka s\u00edtt talgilda koyrikort, sigur danski samfer\u00f0slum\u00e1lar\u00e1\u00f0harrin, Thomas Danielsen.<\/p>\n\n\n\n<p>\u00c1 skr\u00e1 var eisini eitt uppskot til avtalu um f\u00f8royska busskoyring \u00ed Danmark, sum landsst\u00fdrisma\u00f0urin og danski samfer\u00f0slum\u00e1lar\u00e1\u00f0harrin eru samdir um at undirskriva \u00ed n\u00e6stum.<\/p>\n","protected":false},"excerpt":{"rendered":"<p>Fiskivinnu- og Samfer\u00f0slum\u00e1lar\u00e1\u00f0i\u00f0: F\u00f8royar og Danmark eru samd um, at talgilda koyrikorti\u00f0 skal kunna n\u00fdtast \u00ed b\u00e1\u00f0um londunum. Ta\u00f0 merkir, at f\u00f8royskir bilf\u00f8rarar fara at kunna br\u00faka talgilda koyrikorti\u00f0 \u00ed Danmark \u2013 og danskir bilf\u00f8rarar f\u00e1a somulei\u00f0is m\u00f8guleika at br\u00faka s\u00edtt talgilda koyrikort \u00ed F\u00f8royum. Higartil hevur ikki veri\u00f0 m\u00f8guligt at n\u00fdta talgilt koyrikort uttan [&hellip;]<\/p>\n","protected":false},"author":23,"featured_media":33603,"comment_status":"closed","ping_status":"closed","sticky":false,"template":"","format":"standard","meta":{"ngg_post_thumbnail":0,"footnotes":""},"categories":[1],"tags":[],"class_list":["post-33602","post","type-post","status-publish","format-standard","has-post-thumbnail","hentry","category-tidindi"],"publishpress_future_action":{"enabled":false,"date":"2026-05-04 18:45:59","action":"change-status","newStatus":"draft","terms":[],"taxonomy":"category","extraData":[]},"publishpress_future_workflow_manual_trigger":{"enabledWorkflows":[]},"_links":{"self":[{"href":"https:\/\/sudurras.fo\/index.php?rest_route=\/wp\/v2\/posts\/33602","targetHints":{"allow":["GET"]}}],"collection":[{"href":"https:\/\/sudurras.fo\/index.php?rest_route=\/wp\/v2\/posts"}],"about":[{"href":"https:\/\/sudurras.fo\/index.php?rest_route=\/wp\/v2\/types\/post"}],"author":[{"embeddable":true,"href":"https:\/\/sudurras.fo\/index.php?rest_route=\/wp\/v2\/users\/23"}],"replies":[{"embeddable":true,"href":"https:\/\/sudurras.fo\/index.php?rest_route=%2Fwp%2Fv2%2Fcomments&post=33602"}],"version-history":[{"count":1,"href":"https:\/\/sudurras.fo\/index.php?rest_route=\/wp\/v2\/posts\/33602\/revisions"}],"predecessor-version":[{"id":33604,"href":"https:\/\/sudurras.fo\/index.php?rest_route=\/wp\/v2\/posts\/33602\/revisions\/33604"}],"wp:featuredmedia":[{"embeddable":true,"href":"https:\/\/sudurras.fo\/index.php?rest_route=\/wp\/v2\/media\/33603"}],"wp:attachment":[{"href":"https:\/\/sudurras.fo\/index.php?rest_route=%2Fwp%2Fv2%2Fmedia&parent=33602"}],"wp:term":[{"taxonomy":"category","embeddable":true,"href":"https:\/\/sudurras.fo\/index.php?rest_route=%2Fwp%2Fv2%2Fcategories&post=33602"},{"taxonomy":"post_tag","embeddable":true,"href":"https:\/\/sudurras.fo\/index.php?rest_route=%2Fwp%2Fv2%2Ftags&post=33602"}],"curies":[{"name":"wp","href":"https:\/\/api.w.org\/{rel}","templated":true}]}}