{"id":33817,"date":"2025-06-20T12:36:10","date_gmt":"2025-06-20T11:36:10","guid":{"rendered":"https:\/\/sudurras.fo\/?p=33817"},"modified":"2025-06-20T12:36:11","modified_gmt":"2025-06-20T11:36:11","slug":"nyggj-unesco-nevnd-farin-til-verka","status":"publish","type":"post","link":"https:\/\/sudurras.fo\/?p=33817","title":{"rendered":"N\u00fdggj UNESCO-nevnd farin til verka"},"content":{"rendered":"\n<figure class=\"wp-block-image size-full\"><img loading=\"lazy\" decoding=\"async\" width=\"575\" height=\"415\" src=\"https:\/\/sudurras.fo\/wp-content\/uploads\/2025\/06\/csm_unesco-nevndin-og-landsstyrismadurin_4ae6d03b7a.jpg\" alt=\"\" class=\"wp-image-33818\" srcset=\"https:\/\/sudurras.fo\/wp-content\/uploads\/2025\/06\/csm_unesco-nevndin-og-landsstyrismadurin_4ae6d03b7a.jpg 575w, https:\/\/sudurras.fo\/wp-content\/uploads\/2025\/06\/csm_unesco-nevndin-og-landsstyrismadurin_4ae6d03b7a-300x217.jpg 300w\" sizes=\"auto, (max-width: 575px) 100vw, 575px\" \/><\/figure>\n\n\n\n<p><\/p>\n\n\n\n<p><strong>Almanna- og Mentam\u00e1lar\u00e1\u00f0i\u00f0<\/strong>: Landsst\u00fdrisma\u00f0urin \u00ed almanna- og mentam\u00e1lum, Eirikur \u00ed J\u00e1kupsstovu, hevur sett UNESCO-nevndina fyri komandi f\u00fdra \u00e1rini. Nevndin skal r\u00e1\u00f0geva og virka sum bindili\u00f0ur millum UNESCO, ST-stovnin fyri \u00fatb\u00fagving, v\u00edsindi og mentan og vi\u00f0komandi f\u00f8royskar myndugleikar, stovnar og fel\u00f8g.<\/p>\n\n\n\n<p>UNESCO var\u00f0 sett \u00e1 stovn beint eftir seinna heimsbardaga vi\u00f0 t\u00ed yvirskipa\u00f0a endam\u00e1li at virka fyri fri\u00f0i og trygd \u00ed heiminum vi\u00f0 at skipa fyri millumtj\u00f3\u00f0a samstarvi innan virkis\u00f8kini \u00fatb\u00fagving, v\u00edsindi og mentan.&nbsp;<\/p>\n\n\n\n<p>&#8211; Millumtj\u00f3\u00f0a samstarvi\u00f0 \u00ed UNESCO er eins t\u00fddningarmiki\u00f0 \u00ed dag sum fyri 80 \u00e1rum s\u00ed\u00f0ani, og vi\u00f0 atlimaskapinum \u00ed UNESCO hava F\u00f8royar s\u00edna egnu r\u00f8dd \u00ed samstarvinum, sigur Eirikur \u00ed J\u00e1kupsstovu, landsst\u00fdrisma\u00f0ur \u00ed almanna- og mentam\u00e1lum.<\/p>\n\n\n\n<p>Sum tann einasti av ST-stovnunum er UNESCO skipa\u00f0 vi\u00f0 tj\u00f3\u00f0arnevndum, i\u00f0 umbo\u00f0a virkis\u00f8kini \u00ed einst\u00f8ku londunum. F\u00f8royar taka lut \u00ed b\u00e6\u00f0i nor\u00f0urlendska og evropeiska samstarvinum fyri UNESCO-nevndir.<\/p>\n\n\n\n<p>Landsst\u00fdrisma\u00f0urin \u00ed mentam\u00e1lum tilnevnir UNESCO-nevndina vi\u00f0 umbo\u00f0um fyri stovnar og fel\u00f8g innan virkis\u00f8kini \u00fatb\u00fagving, v\u00edsindi, mentan og samskifti. Nevndin ver\u00f0ur tilnevnd fyri 4 \u00e1r \u00ed senn.<\/p>\n\n\n\n<p>\u00cd UNESCO-nevndini eru: Herleif Hammer, stj\u00f3ri \u00e1 Tj\u00f3\u00f0savninum, forma\u00f0ur, Annika Smith, stj\u00f3ri \u00e1 Landsb\u00f3kasavninum, Magnus Dam, stj\u00f3ri \u00ed Kringvarpi F\u00f8roya, Marita Rasmussen, stj\u00f3ri \u00e1 Havstovuni, Bergur Djurhuus Hansen, dekanur \u00e1 Fr\u00f3\u00f0skaparsetri F\u00f8roya, Helena Davidsen, fyrisitari \u00e1 Umhv\u00f8rvisstovuni og Jastri\u00f0 Gullbein Augustinussen, sj\u00fakrar\u00f8ktarfr\u00f8\u00f0ingur og umbo\u00f0 fyri F\u00f8roya Ungd\u00f3msr\u00e1\u00f0.<\/p>\n\n\n\n<p>UNESCO-nevndin hevur havt s\u00edn fyrsta fund, og har v\u00f3ru n\u00f8kur av m\u00e1lunum umr\u00f8dd, i\u00f0 UNESCO-nevndin fer at arbei\u00f0a vi\u00f0 komandi t\u00ed\u00f0ina. Eitt n\u00fa var UNESCO-s\u00e1ttm\u00e1lin um verju av mentanarvir\u00f0um \u00ed kr\u00edgsst\u00f8\u00f0u fr\u00e1 1954 umr\u00f8ddur, sum F\u00f8royar hava tiki\u00f0 undir vi\u00f0. Tilb\u00fagving og verja av mentanararvi, og hvussu nor\u00f0urlendsku londini arbei\u00f0a vi\u00f0 UNESCO-s\u00e1ttm\u00e1lanum um verju av mentanarvir\u00f0um, var eisini eitt av h\u00f8vu\u00f0sevnunum \u00e1 nor\u00f0urlendska r\u00e1\u00f0harrafundinum, sum landsst\u00fdrisma\u00f0urin var \u00e1 \u00ed Helsinki \u00ed mai.<\/p>\n\n\n\n<p>Nevndin umr\u00f8ddi eisini tilm\u00e6li\u00f0 fr\u00e1 fr\u00e1farandi UNESCO-nevnd um at virka fyri eini f\u00f8royskari tilnevning av UNESCO heimsarvi, biosferu\u00f8ki ella geopark. F\u00f8royski b\u00e1turin, sum \u00ed 2021 var\u00f0 innskriva\u00f0ur \u00e1 UNESCO-listan yvir si\u00f0aarv hj\u00e1 manna\u00e6ttini, er einasta UNESCO-tilnevning, i\u00f0 F\u00f8royar hava. Hildi\u00f0 ver\u00f0ur, at virka\u00f0 eigur at ver\u00f0a fyri, at F\u00f8royar eisini f\u00e1a eitt heimsarvssta\u00f0, eitt biosferu\u00f8ki ella eina geopark, i\u00f0 \u00e1 hv\u00f8r s\u00edn h\u00e1tt eru verndar\u00f8ki fyri n\u00e1tt\u00faru og mentan.<\/p>\n\n\n\n<p><em>\u00c1 myndini: Landsst\u00fdrisma\u00f0urin saman vi\u00f0 UNESCO-nevndini. Fr\u00e1 vinstru: Magnus Dam, stj\u00f3ri \u00ed Kringvarpi F\u00f8roya, Marita Rasmussen, stj\u00f3ri \u00e1 Havstovuni, Bergur Djurhuus Hansen, dekanur \u00e1 Fr\u00f3\u00f0skaparsetri F\u00f8roya, Helena Davidsen, fyrisitari \u00e1 Umhv\u00f8rvisstovuni, Eirikur \u00ed J\u00e1kupsstovu, landsst\u00fdrisma\u00f0ur \u00ed almanna- og mentam\u00e1lum, Herleif Hammer, stj\u00f3ri \u00e1 Tj\u00f3\u00f0savninum, forma\u00f0ur, Annika Smith, stj\u00f3ri \u00e1 Landsb\u00f3kasavninum og Jastri\u00f0 Gullbein Augustinussen, sj\u00fakrar\u00f8ktarfr\u00f8\u00f0ingur og umbo\u00f0 fyri F\u00f8roya Ungd\u00f3msr\u00e1\u00f0.<\/em><\/p>\n","protected":false},"excerpt":{"rendered":"<p>Almanna- og Mentam\u00e1lar\u00e1\u00f0i\u00f0: Landsst\u00fdrisma\u00f0urin \u00ed almanna- og mentam\u00e1lum, Eirikur \u00ed J\u00e1kupsstovu, hevur sett UNESCO-nevndina fyri komandi f\u00fdra \u00e1rini. Nevndin skal r\u00e1\u00f0geva og virka sum bindili\u00f0ur millum UNESCO, ST-stovnin fyri \u00fatb\u00fagving, v\u00edsindi og mentan og vi\u00f0komandi f\u00f8royskar myndugleikar, stovnar og fel\u00f8g. UNESCO var\u00f0 sett \u00e1 stovn beint eftir seinna heimsbardaga vi\u00f0 t\u00ed yvirskipa\u00f0a endam\u00e1li at virka [&hellip;]<\/p>\n","protected":false},"author":24,"featured_media":33818,"comment_status":"closed","ping_status":"closed","sticky":false,"template":"","format":"standard","meta":{"ngg_post_thumbnail":0,"footnotes":""},"categories":[1],"tags":[],"class_list":["post-33817","post","type-post","status-publish","format-standard","has-post-thumbnail","hentry","category-tidindi"],"publishpress_future_action":{"enabled":false,"date":"2026-05-04 15:34:53","action":"change-status","newStatus":"draft","terms":[],"taxonomy":"category","extraData":[]},"publishpress_future_workflow_manual_trigger":{"enabledWorkflows":[]},"_links":{"self":[{"href":"https:\/\/sudurras.fo\/index.php?rest_route=\/wp\/v2\/posts\/33817","targetHints":{"allow":["GET"]}}],"collection":[{"href":"https:\/\/sudurras.fo\/index.php?rest_route=\/wp\/v2\/posts"}],"about":[{"href":"https:\/\/sudurras.fo\/index.php?rest_route=\/wp\/v2\/types\/post"}],"author":[{"embeddable":true,"href":"https:\/\/sudurras.fo\/index.php?rest_route=\/wp\/v2\/users\/24"}],"replies":[{"embeddable":true,"href":"https:\/\/sudurras.fo\/index.php?rest_route=%2Fwp%2Fv2%2Fcomments&post=33817"}],"version-history":[{"count":1,"href":"https:\/\/sudurras.fo\/index.php?rest_route=\/wp\/v2\/posts\/33817\/revisions"}],"predecessor-version":[{"id":33819,"href":"https:\/\/sudurras.fo\/index.php?rest_route=\/wp\/v2\/posts\/33817\/revisions\/33819"}],"wp:featuredmedia":[{"embeddable":true,"href":"https:\/\/sudurras.fo\/index.php?rest_route=\/wp\/v2\/media\/33818"}],"wp:attachment":[{"href":"https:\/\/sudurras.fo\/index.php?rest_route=%2Fwp%2Fv2%2Fmedia&parent=33817"}],"wp:term":[{"taxonomy":"category","embeddable":true,"href":"https:\/\/sudurras.fo\/index.php?rest_route=%2Fwp%2Fv2%2Fcategories&post=33817"},{"taxonomy":"post_tag","embeddable":true,"href":"https:\/\/sudurras.fo\/index.php?rest_route=%2Fwp%2Fv2%2Ftags&post=33817"}],"curies":[{"name":"wp","href":"https:\/\/api.w.org\/{rel}","templated":true}]}}