{"id":33874,"date":"2025-06-24T22:19:45","date_gmt":"2025-06-24T21:19:45","guid":{"rendered":"https:\/\/sudurras.fo\/?p=33874"},"modified":"2025-06-24T22:19:45","modified_gmt":"2025-06-24T21:19:45","slug":"praktisk-kunning-i-sambandi-vid-at-famjinstunnilin-letur-upp","status":"publish","type":"post","link":"https:\/\/sudurras.fo\/?p=33874","title":{"rendered":"Praktisk kunning \u00ed sambandi vi\u00f0 at F\u00e1mjinstunnilin letur upp"},"content":{"rendered":"\n<figure class=\"wp-block-image size-full\"><img loading=\"lazy\" decoding=\"async\" width=\"800\" height=\"596\" src=\"https:\/\/sudurras.fo\/wp-content\/uploads\/2025\/06\/famjinstunnilin-letur-upp-2025.png\" alt=\"\" class=\"wp-image-33875\" srcset=\"https:\/\/sudurras.fo\/wp-content\/uploads\/2025\/06\/famjinstunnilin-letur-upp-2025.png 800w, https:\/\/sudurras.fo\/wp-content\/uploads\/2025\/06\/famjinstunnilin-letur-upp-2025-300x224.png 300w, https:\/\/sudurras.fo\/wp-content\/uploads\/2025\/06\/famjinstunnilin-letur-upp-2025-768x572.png 768w\" sizes=\"auto, (max-width: 800px) 100vw, 800px\" \/><\/figure>\n\n\n\n<p><\/p>\n\n\n\n<p>Kunning um fer\u00f0slu, parkering og serbussar \u00ed sambandi vi\u00f0, at n\u00fdggi F\u00e1mjinstunnilin letur upp mikudagin 25. juni 2025<\/p>\n\n\n\n<p><strong>Serbussar \u00far F\u00e1mjin til teirra, i\u00f0 ganga\/renna\/s\u00fakkla \u00a0<\/strong><br>Serbussar koyra \u00far F\u00e1mjin til tunnilsmunnan \u00d8rav\u00edkmegin \u00ed sambandi vi\u00f0, at m\u00f8guleiki ver\u00f0ur at ganga\/renna\/s\u00fakkla gj\u00f8gnum kl. 12.45. Bussarnir koyra fr\u00e1 bygdarh\u00fasinum Vesturh\u00f8ll kl. 12.10 og 12.20.\u00a0<br>\u00a0<br><strong>Serbussar \u00far F\u00e1mjin \u00ed sambandi vi\u00f0 h\u00e1t\u00ed\u00f0arhaldi\u00f0, sum ver\u00f0ur kl. 14.00.<\/strong>\u00a0\u00a0<br>Bussar koyra fr\u00e1 bygdarh\u00fasinum Vesturh\u00f8ll kl. 13.30.\u00a0<br>\u00a0<br>Eftir at sn\u00f3rurin er kliptur uml. kl. 14.30 koyra bussar fr\u00e1 tunnilsmunnanum oman til F\u00e1mjin. Koyr ver\u00f0ur aftur og fram inntil tiltaki\u00f0 \u00ed bygdini er li\u00f0ugt umlei\u00f0 kl. 16.30. \u00a0<br>\u00a0<br><strong>Parkering av bilum \u00ed sambandi vi\u00f0 h\u00e1t\u00ed\u00f0arhaldi\u00f0 vi\u00f0 tunnilsmunnan \u00d8rav\u00edkarmegin\u00a0<\/strong>\u00a0<br>V\u00e6ntandi vera n\u00f3gvir bilar, b\u00e6\u00f0i til renningina kl. 12.45 og til sj\u00e1lvt h\u00e1t\u00ed\u00f0arhaldi\u00f0\u00a0<br>kl. 14.00, og t\u00ed er t\u00fd\u00f0andi, at bilar parkera \u00e1 st\u00f8\u00f0unum, i\u00f0 s\u00edggjast \u00e1 hesi myndini og annars taka ney\u00f0ug fyrilit til fer\u00f0slutrygdina. Landsverk vil r\u00e1\u00f0a f\u00f3lki \u00ed F\u00e1mjin til mest m\u00f8guligt at br\u00faka busssambandi\u00f0 fr\u00e1 bygdini. Onnur eru eisini v\u00e6lkomin at br\u00faka bussin oman til tiltaki\u00f0 \u00ed bygdini og ni\u00f0anaftur til tunnilsmunnan ella til \u00d8rav\u00edkar eftir tiltaki\u00f0 \u00ed F\u00e1mjin.\u00a0<br>\u00a0<br><strong>Fer\u00f0slan \u00e1 vegnum um \u00d8raskar\u00f0 og oman til F\u00e1mjin \u00ed sambandi vi\u00f0 h\u00e1t\u00ed\u00f0arhaldi\u00f0\u00a0<\/strong><br>Kl. 14.00 ver\u00f0ur stongt fyri allari fer\u00f0slu \u00far F\u00e1mjin og um \u00d8raskar\u00f0 inntil kl. 15.00 \u2013 t\u00e1 fer\u00f0slan fr\u00e1 h\u00e1t\u00ed\u00f0arhaldinum er komin oman \u00ed bygdina.\u00a0<br>\u00a0<br><strong>Opi\u00f0 fyri almennari fer\u00f0slu \u00ed n\u00fdggja tunlinum \u00a0<\/strong><br>Umlei\u00f0 Kl. 14.30 ver\u00f0ur lati\u00f0 upp fyri almennari fer\u00f0slu fr\u00e1 tunnilsmunnanum \u00d8rav\u00edkarmegin og umlei\u00f0 kl. 15.00 F\u00e1mjinsmegin.\u00a0<br>\u00a0<br><em>Rokna\u00f0 ver\u00f0ur vi\u00f0 n\u00f3gvari fer\u00f0slu og heitt ver\u00f0ur \u00e1 bilf\u00f8rarar at s\u00fdna st\u00f3rt varsemi og tol \u00ed sambandi vi\u00f0 tiltaki\u00f0.\u00a0<\/em><\/p>\n","protected":false},"excerpt":{"rendered":"<p>Kunning um fer\u00f0slu, parkering og serbussar \u00ed sambandi vi\u00f0, at n\u00fdggi F\u00e1mjinstunnilin letur upp mikudagin 25. juni 2025 Serbussar \u00far F\u00e1mjin til teirra, i\u00f0 ganga\/renna\/s\u00fakkla \u00a0Serbussar koyra \u00far F\u00e1mjin til tunnilsmunnan \u00d8rav\u00edkmegin \u00ed sambandi vi\u00f0, at m\u00f8guleiki ver\u00f0ur at ganga\/renna\/s\u00fakkla gj\u00f8gnum kl. 12.45. Bussarnir koyra fr\u00e1 bygdarh\u00fasinum Vesturh\u00f8ll kl. 12.10 og 12.20.\u00a0\u00a0Serbussar \u00far F\u00e1mjin \u00ed [&hellip;]<\/p>\n","protected":false},"author":23,"featured_media":33875,"comment_status":"closed","ping_status":"closed","sticky":false,"template":"","format":"standard","meta":{"ngg_post_thumbnail":0,"footnotes":""},"categories":[1],"tags":[],"class_list":["post-33874","post","type-post","status-publish","format-standard","has-post-thumbnail","hentry","category-tidindi"],"publishpress_future_action":{"enabled":false,"date":"2026-05-04 15:34:53","action":"change-status","newStatus":"draft","terms":[],"taxonomy":"category","extraData":[]},"publishpress_future_workflow_manual_trigger":{"enabledWorkflows":[]},"_links":{"self":[{"href":"https:\/\/sudurras.fo\/index.php?rest_route=\/wp\/v2\/posts\/33874","targetHints":{"allow":["GET"]}}],"collection":[{"href":"https:\/\/sudurras.fo\/index.php?rest_route=\/wp\/v2\/posts"}],"about":[{"href":"https:\/\/sudurras.fo\/index.php?rest_route=\/wp\/v2\/types\/post"}],"author":[{"embeddable":true,"href":"https:\/\/sudurras.fo\/index.php?rest_route=\/wp\/v2\/users\/23"}],"replies":[{"embeddable":true,"href":"https:\/\/sudurras.fo\/index.php?rest_route=%2Fwp%2Fv2%2Fcomments&post=33874"}],"version-history":[{"count":1,"href":"https:\/\/sudurras.fo\/index.php?rest_route=\/wp\/v2\/posts\/33874\/revisions"}],"predecessor-version":[{"id":33876,"href":"https:\/\/sudurras.fo\/index.php?rest_route=\/wp\/v2\/posts\/33874\/revisions\/33876"}],"wp:featuredmedia":[{"embeddable":true,"href":"https:\/\/sudurras.fo\/index.php?rest_route=\/wp\/v2\/media\/33875"}],"wp:attachment":[{"href":"https:\/\/sudurras.fo\/index.php?rest_route=%2Fwp%2Fv2%2Fmedia&parent=33874"}],"wp:term":[{"taxonomy":"category","embeddable":true,"href":"https:\/\/sudurras.fo\/index.php?rest_route=%2Fwp%2Fv2%2Fcategories&post=33874"},{"taxonomy":"post_tag","embeddable":true,"href":"https:\/\/sudurras.fo\/index.php?rest_route=%2Fwp%2Fv2%2Ftags&post=33874"}],"curies":[{"name":"wp","href":"https:\/\/api.w.org\/{rel}","templated":true}]}}