{"id":33880,"date":"2025-06-25T12:36:19","date_gmt":"2025-06-25T11:36:19","guid":{"rendered":"https:\/\/sudurras.fo\/?p=33880"},"modified":"2025-06-25T12:36:20","modified_gmt":"2025-06-25T11:36:20","slug":"hamragardur-verdur-umvaeldur-naesta-summar","status":"publish","type":"post","link":"https:\/\/sudurras.fo\/?p=33880","title":{"rendered":"Hamragar\u00f0ur ver\u00f0ur umv\u00e6ldur n\u00e6sta summar"},"content":{"rendered":"\n<figure class=\"wp-block-image size-full\"><img loading=\"lazy\" decoding=\"async\" width=\"1000\" height=\"534\" src=\"https:\/\/sudurras.fo\/wp-content\/uploads\/2018\/02\/A50ACA28-A8BB-4EC3-ACE4-823747AE79F6.jpeg\" alt=\"\" class=\"wp-image-2240\" srcset=\"https:\/\/sudurras.fo\/wp-content\/uploads\/2018\/02\/A50ACA28-A8BB-4EC3-ACE4-823747AE79F6.jpeg 1000w, https:\/\/sudurras.fo\/wp-content\/uploads\/2018\/02\/A50ACA28-A8BB-4EC3-ACE4-823747AE79F6-300x160.jpeg 300w, https:\/\/sudurras.fo\/wp-content\/uploads\/2018\/02\/A50ACA28-A8BB-4EC3-ACE4-823747AE79F6-768x410.jpeg 768w, https:\/\/sudurras.fo\/wp-content\/uploads\/2018\/02\/A50ACA28-A8BB-4EC3-ACE4-823747AE79F6-784x420.jpeg 784w\" sizes=\"auto, (max-width: 1000px) 100vw, 1000px\" \/><\/figure>\n\n\n\n<p><\/p>\n\n\n\n<p>Sj\u00e1lvt bygningsarbei\u00f0i\u00f0 byrjar umlei\u00f0 1. apr\u00edl 2026 og fer at taka umlei\u00f0 6 m\u00e1na\u00f0ir. Ta\u00f0 sigur Eirikur \u00ed J\u00e1kupsstovu, landsst\u00fdrisma\u00f0ur, \u00ed svari til ein grein 52a fyrispurning fr\u00e1 Henriki Old, l\u00f8gtingsmanni. Hann spurdi solei\u00f0is:<\/p>\n\n\n\n<p>1) Hv\u00ed eru umv\u00e6lingarnar av r\u00f8ktarheiminum Hamragar\u00f0i ikki byrja\u00f0ar?<\/p>\n\n\n\n<p>2) N\u00e6r kann v\u00e6ntast, at arbei\u00f0i\u00f0 ver\u00f0ur sett \u00ed gongd?<\/p>\n\n\n\n<p>Landsst\u00fdrisma\u00f0urin svarar solei\u00f0is til fyrra spurningin:<\/p>\n\n\n\n<p>Almanna- og mentam\u00e1lar\u00e1\u00f0i\u00f0 hevur vent s\u00e6r til Landsverk og bi\u00f0i\u00f0 um at f\u00e1a uppl\u00fdsingar til svari\u00f0.<\/p>\n\n\n\n<p>Seinasti samr\u00e1\u00f0ingarfundur, vi\u00f0v. semju um byggim\u00e1li\u00f0 fr\u00e1 2011 og vi\u00f0v. umv\u00e6lingum, var millum F\u00edggjarm\u00e1lar\u00e1\u00f0i\u00f0, Landsverk, Almanna- og mentam\u00e1lar\u00e1\u00f0i\u00f0 og t\u00e6r f\u00fdra kommunurnar \u00ed Su\u00f0uroyar sunnaru helvt (V\u00e1gur, Porkeri, Sumba og Hov) 23. januar 2025. S\u00ed\u00f0ani t\u00e1 hevur veri\u00f0 arbeitt vi\u00f0 at skipa samstarvi\u00f0 millum partarnar, og prosjekteringin hevur veri\u00f0 \u00ed \u00fatbo\u00f0i.<\/p>\n\n\n\n<p>Vinnari av \u00fatbo\u00f0num var Sp\/f Formo \u00e1 Glyvrum. S\u00e1ttm\u00e1li er gj\u00f8rdur, og fari\u00f0 er undir forkanningar og sta\u00f0festing av vavinum av uppg\u00e1vuni og projekteringi. \u00cd n\u00e6stum ver\u00f0ur fari\u00f0 undir projekteringina. \u00c6tlandi ver\u00f0ur projekteringin li\u00f0ug \u00ed august\/september 2025, og s\u00ed\u00f0ani ver\u00f0ur fari\u00f0 undir innbo\u00f0i\u00f0 \u00fatbo\u00f0 av byggiarbei\u00f0inum. Lisitati\u00f3n ver\u00f0ur \u00e6tlandi \u00ed oktober 2025 og s\u00ed\u00f0ani s\u00e1ttm\u00e1lager\u00f0.<\/p>\n\n\n\n<p>Og til seinna spurningin svarar landsst\u00fdrisma\u00f0urin solei\u00f0s:<\/p>\n\n\n\n<p>T\u00e1 arbei\u00f0st\u00f8kus\u00e1ttm\u00e1li er gj\u00f8rdur, \u00e6tlandi \u00ed oktober 2025, kann fyrireikandi arbei\u00f0i\u00f0 setast \u00ed gongd, b\u00edleggingar o.a. Sj\u00e1lvt bygningsarbei\u00f0i\u00f0 byrjar umlei\u00f0 1. apr\u00edl 2026 og fer at taka umlei\u00f0 6 m\u00e1na\u00f0ir.<\/p>\n","protected":false},"excerpt":{"rendered":"<p>Sj\u00e1lvt bygningsarbei\u00f0i\u00f0 byrjar umlei\u00f0 1. apr\u00edl 2026 og fer at taka umlei\u00f0 6 m\u00e1na\u00f0ir. Ta\u00f0 sigur Eirikur \u00ed J\u00e1kupsstovu, landsst\u00fdrisma\u00f0ur, \u00ed svari til ein grein 52a fyrispurning fr\u00e1 Henriki Old, l\u00f8gtingsmanni. Hann spurdi solei\u00f0is: 1) Hv\u00ed eru umv\u00e6lingarnar av r\u00f8ktarheiminum Hamragar\u00f0i ikki byrja\u00f0ar? 2) N\u00e6r kann v\u00e6ntast, at arbei\u00f0i\u00f0 ver\u00f0ur sett \u00ed gongd? Landsst\u00fdrisma\u00f0urin svarar [&hellip;]<\/p>\n","protected":false},"author":24,"featured_media":2240,"comment_status":"closed","ping_status":"closed","sticky":false,"template":"","format":"standard","meta":{"ngg_post_thumbnail":0,"footnotes":""},"categories":[1],"tags":[],"class_list":["post-33880","post","type-post","status-publish","format-standard","has-post-thumbnail","hentry","category-tidindi"],"publishpress_future_action":{"enabled":false,"date":"2026-05-04 15:32:21","action":"change-status","newStatus":"draft","terms":[],"taxonomy":"category","extraData":[]},"publishpress_future_workflow_manual_trigger":{"enabledWorkflows":[]},"_links":{"self":[{"href":"https:\/\/sudurras.fo\/index.php?rest_route=\/wp\/v2\/posts\/33880","targetHints":{"allow":["GET"]}}],"collection":[{"href":"https:\/\/sudurras.fo\/index.php?rest_route=\/wp\/v2\/posts"}],"about":[{"href":"https:\/\/sudurras.fo\/index.php?rest_route=\/wp\/v2\/types\/post"}],"author":[{"embeddable":true,"href":"https:\/\/sudurras.fo\/index.php?rest_route=\/wp\/v2\/users\/24"}],"replies":[{"embeddable":true,"href":"https:\/\/sudurras.fo\/index.php?rest_route=%2Fwp%2Fv2%2Fcomments&post=33880"}],"version-history":[{"count":1,"href":"https:\/\/sudurras.fo\/index.php?rest_route=\/wp\/v2\/posts\/33880\/revisions"}],"predecessor-version":[{"id":33881,"href":"https:\/\/sudurras.fo\/index.php?rest_route=\/wp\/v2\/posts\/33880\/revisions\/33881"}],"wp:featuredmedia":[{"embeddable":true,"href":"https:\/\/sudurras.fo\/index.php?rest_route=\/wp\/v2\/media\/2240"}],"wp:attachment":[{"href":"https:\/\/sudurras.fo\/index.php?rest_route=%2Fwp%2Fv2%2Fmedia&parent=33880"}],"wp:term":[{"taxonomy":"category","embeddable":true,"href":"https:\/\/sudurras.fo\/index.php?rest_route=%2Fwp%2Fv2%2Fcategories&post=33880"},{"taxonomy":"post_tag","embeddable":true,"href":"https:\/\/sudurras.fo\/index.php?rest_route=%2Fwp%2Fv2%2Ftags&post=33880"}],"curies":[{"name":"wp","href":"https:\/\/api.w.org\/{rel}","templated":true}]}}