{"id":34283,"date":"2025-08-18T12:06:20","date_gmt":"2025-08-18T11:06:20","guid":{"rendered":"https:\/\/sudurras.fo\/?p=34283"},"modified":"2025-08-21T22:57:02","modified_gmt":"2025-08-21T21:57:02","slug":"johannudagurin-2025-2","status":"publish","type":"post","link":"https:\/\/sudurras.fo\/?p=34283","title":{"rendered":"Johannudagurin 2025"},"content":{"rendered":"\n<figure class=\"wp-block-image size-large\"><img loading=\"lazy\" decoding=\"async\" width=\"1024\" height=\"451\" src=\"https:\/\/sudurras.fo\/wp-content\/uploads\/2025\/08\/JJohannudagar-Bjartur-Vest-1024x451.jpg\" alt=\"\" class=\"wp-image-34323\" srcset=\"https:\/\/sudurras.fo\/wp-content\/uploads\/2025\/08\/JJohannudagar-Bjartur-Vest-1024x451.jpg 1024w, https:\/\/sudurras.fo\/wp-content\/uploads\/2025\/08\/JJohannudagar-Bjartur-Vest-300x132.jpg 300w, https:\/\/sudurras.fo\/wp-content\/uploads\/2025\/08\/JJohannudagar-Bjartur-Vest-768x338.jpg 768w, https:\/\/sudurras.fo\/wp-content\/uploads\/2025\/08\/JJohannudagar-Bjartur-Vest.jpg 1250w\" sizes=\"auto, (max-width: 1024px) 100vw, 1024px\" \/><\/figure>\n\n\n\n<p>Leygardagin 6. september ver\u00f0ur \u00e1rligi Johannudagurin \u00ed V\u00e1gi. Ta\u00f0 eru felagi\u00f0 Johanna TG 326, V\u00e1gs Kappr\u00f3\u00f0rarfelag og V\u00e1gs Kommuna, sum skipa fyri degnum.<\/p>\n\n\n\n<p>\u00c1 skr\u00e1nni ver\u00f0ur n\u00f3gv spennandi. Skr\u00e1in er \u00ed gongd vi\u00f0 at bl\u00edva gj\u00f8rd, men longu n\u00fa kann nevnast, at Syngi\u00f0 vi\u00f0 \u00e1 fj\u00f8r\u00f0inum ver\u00f0ur fr\u00edggjakv\u00f8ldi\u00f0. Leygardagin ver\u00f0ur st\u00f3ra vatnkr\u00edggi\u00f0 \u00e1 kaiini, vaktarskipini Thetis og Tjaldri\u00f0 liggja vi\u00f0 kai, og b\u00f8rnini kunnu gle\u00f0a seg til skattavei\u00f0u og livandi havdj\u00f3r \u00ed fiskak\u00f8rum.<\/p>\n\n\n\n<p>Dagurin endar vi\u00f0 grillkv\u00f8ldi og bryggjudansi, har b\u00f3lkurin T\u00f3nar fer at sp\u00e6la.<\/p>\n\n\n\n<p>Skr\u00e1in ver\u00f0ur kunngj\u00f8rd seinni.<\/p>\n","protected":false},"excerpt":{"rendered":"<p>Leygardagin 6. september ver\u00f0ur \u00e1rligi Johannudagurin \u00ed V\u00e1gi. Ta\u00f0 eru felagi\u00f0 Johanna TG 326, V\u00e1gs Kappr\u00f3\u00f0rarfelag og V\u00e1gs Kommuna, sum skipa fyri degnum. \u00c1 skr\u00e1nni ver\u00f0ur n\u00f3gv spennandi. Skr\u00e1in er \u00ed gongd vi\u00f0 at bl\u00edva gj\u00f8rd, men longu n\u00fa kann nevnast, at Syngi\u00f0 vi\u00f0 \u00e1 fj\u00f8r\u00f0inum ver\u00f0ur fr\u00edggjakv\u00f8ldi\u00f0. Leygardagin ver\u00f0ur st\u00f3ra vatnkr\u00edggi\u00f0 \u00e1 kaiini, vaktarskipini [&hellip;]<\/p>\n","protected":false},"author":24,"featured_media":34323,"comment_status":"closed","ping_status":"closed","sticky":false,"template":"","format":"standard","meta":{"ngg_post_thumbnail":0,"footnotes":""},"categories":[1],"tags":[],"class_list":["post-34283","post","type-post","status-publish","format-standard","has-post-thumbnail","hentry","category-tidindi"],"publishpress_future_action":{"enabled":false,"date":"2026-05-04 13:54:36","action":"change-status","newStatus":"draft","terms":[],"taxonomy":"category","extraData":[]},"publishpress_future_workflow_manual_trigger":{"enabledWorkflows":[]},"_links":{"self":[{"href":"https:\/\/sudurras.fo\/index.php?rest_route=\/wp\/v2\/posts\/34283","targetHints":{"allow":["GET"]}}],"collection":[{"href":"https:\/\/sudurras.fo\/index.php?rest_route=\/wp\/v2\/posts"}],"about":[{"href":"https:\/\/sudurras.fo\/index.php?rest_route=\/wp\/v2\/types\/post"}],"author":[{"embeddable":true,"href":"https:\/\/sudurras.fo\/index.php?rest_route=\/wp\/v2\/users\/24"}],"replies":[{"embeddable":true,"href":"https:\/\/sudurras.fo\/index.php?rest_route=%2Fwp%2Fv2%2Fcomments&post=34283"}],"version-history":[{"count":4,"href":"https:\/\/sudurras.fo\/index.php?rest_route=\/wp\/v2\/posts\/34283\/revisions"}],"predecessor-version":[{"id":34324,"href":"https:\/\/sudurras.fo\/index.php?rest_route=\/wp\/v2\/posts\/34283\/revisions\/34324"}],"wp:featuredmedia":[{"embeddable":true,"href":"https:\/\/sudurras.fo\/index.php?rest_route=\/wp\/v2\/media\/34323"}],"wp:attachment":[{"href":"https:\/\/sudurras.fo\/index.php?rest_route=%2Fwp%2Fv2%2Fmedia&parent=34283"}],"wp:term":[{"taxonomy":"category","embeddable":true,"href":"https:\/\/sudurras.fo\/index.php?rest_route=%2Fwp%2Fv2%2Fcategories&post=34283"},{"taxonomy":"post_tag","embeddable":true,"href":"https:\/\/sudurras.fo\/index.php?rest_route=%2Fwp%2Fv2%2Ftags&post=34283"}],"curies":[{"name":"wp","href":"https:\/\/api.w.org\/{rel}","templated":true}]}}