{"id":3435,"date":"2018-04-25T11:55:40","date_gmt":"2018-04-25T10:55:40","guid":{"rendered":"http:\/\/sudurras.fo\/?p=3435"},"modified":"2018-04-25T11:55:40","modified_gmt":"2018-04-25T10:55:40","slug":"husakorid-a-konsertferd","status":"publish","type":"post","link":"https:\/\/sudurras.fo\/?p=3435","title":{"rendered":"H\u00fasak\u00f3ri\u00f0 \u00e1 konsertfer\u00f0"},"content":{"rendered":"<p>F\u00f8royska \u00fatisetak\u00f3ri\u00f0 \u00ed Keypmannahavn, H\u00fasak\u00f3ri\u00f0, kemur til F\u00f8roya \u00e1 konsertfer\u00f0 fr\u00e1 29. apr\u00edl til 6. mai. K\u00f3ri\u00f0, sum telur 40 limir, fer at hava tr\u00edggjar konsertir eins og tey luttaka \u00e1 K\u00f3rfestivalinum 5. mai \u00ed Nor\u00f0urlandah\u00fasinum.<\/p>\n<p><!--more--><\/p>\n<p>H\u00fasak\u00f3ri\u00f0 hevur s\u00edna fyrstu framf\u00f8r\u00f0slu sunnudagin 29. apr\u00edl klokkan 16.00 \u00ed Salt \u00e1 Drelnesi. T\u00fdskv\u00f8ldi\u00f0 1. mai kl. 20.00 \u00ed Vesturkirkjuni og mikukv\u00f8ldi\u00f0 2. mai kl. 20.00 \u00ed Fuglafjar\u00f0ar Kirkju. F\u00f8royafer\u00f0in endar vi\u00f0 lutt\u00f8ku \u00e1 K\u00f3rfestivalinum<\/p>\n<p>H\u00fasak\u00f3ri\u00f0, sum skj\u00f3tt hevur fimti \u00e1r \u00e1 baki, hevur veri\u00f0 \u00e1 konsertfer\u00f0 \u00ed P\u00f3landi, Noregi, Sv\u00f8r\u00edki, Finlandi, Spaniu og \u00cdrlandi. K\u00f3ri\u00f0 hevur bert einafer\u00f0 \u00e1\u00f0ur veri\u00f0 \u00e1 konsertfer\u00f0 \u00ed F\u00f8royum, og ta\u00f0 var \u00ed oktobur 2004. &nbsp;&nbsp;<\/p>\n<p>H\u00fasak\u00f3ri\u00f0 vi\u00f0 k\u00f3rlei\u00f0ara T\u00f3ru Vestergaard \u00e1 odda, hevur eina sera fj\u00f8lbroytta skr\u00e1 at bj\u00f3\u00f0a \u00e1hoyrarunum m.a. f\u00f8roysk, ensk, donsk, svensk, \u00edslendsk og lettisk l\u00f8g og sangir<\/p>\n<p>&nbsp;<\/p>\n<p>&nbsp;<\/p>\n","protected":false},"excerpt":{"rendered":"<p>F\u00f8royska \u00fatisetak\u00f3ri\u00f0 \u00ed Keypmannahavn, H\u00fasak\u00f3ri\u00f0, kemur til F\u00f8roya \u00e1 konsertfer\u00f0 fr\u00e1 29. apr\u00edl til 6. mai. K\u00f3ri\u00f0, sum telur 40 limir, fer at hava tr\u00edggjar konsertir eins og tey luttaka \u00e1 K\u00f3rfestivalinum 5. mai \u00ed Nor\u00f0urlandah\u00fasinum.<\/p>\n","protected":false},"author":3,"featured_media":3436,"comment_status":"closed","ping_status":"closed","sticky":false,"template":"","format":"standard","meta":{"ngg_post_thumbnail":0,"footnotes":""},"categories":[1],"tags":[],"class_list":["post-3435","post","type-post","status-publish","format-standard","has-post-thumbnail","hentry","category-tidindi"],"publishpress_future_action":{"enabled":false,"date":"2026-05-07 07:47:07","action":"change-status","newStatus":"draft","terms":[],"taxonomy":"category","extraData":[]},"publishpress_future_workflow_manual_trigger":{"enabledWorkflows":[]},"_links":{"self":[{"href":"https:\/\/sudurras.fo\/index.php?rest_route=\/wp\/v2\/posts\/3435","targetHints":{"allow":["GET"]}}],"collection":[{"href":"https:\/\/sudurras.fo\/index.php?rest_route=\/wp\/v2\/posts"}],"about":[{"href":"https:\/\/sudurras.fo\/index.php?rest_route=\/wp\/v2\/types\/post"}],"author":[{"embeddable":true,"href":"https:\/\/sudurras.fo\/index.php?rest_route=\/wp\/v2\/users\/3"}],"replies":[{"embeddable":true,"href":"https:\/\/sudurras.fo\/index.php?rest_route=%2Fwp%2Fv2%2Fcomments&post=3435"}],"version-history":[{"count":0,"href":"https:\/\/sudurras.fo\/index.php?rest_route=\/wp\/v2\/posts\/3435\/revisions"}],"wp:featuredmedia":[{"embeddable":true,"href":"https:\/\/sudurras.fo\/index.php?rest_route=\/wp\/v2\/media\/3436"}],"wp:attachment":[{"href":"https:\/\/sudurras.fo\/index.php?rest_route=%2Fwp%2Fv2%2Fmedia&parent=3435"}],"wp:term":[{"taxonomy":"category","embeddable":true,"href":"https:\/\/sudurras.fo\/index.php?rest_route=%2Fwp%2Fv2%2Fcategories&post=3435"},{"taxonomy":"post_tag","embeddable":true,"href":"https:\/\/sudurras.fo\/index.php?rest_route=%2Fwp%2Fv2%2Ftags&post=3435"}],"curies":[{"name":"wp","href":"https:\/\/api.w.org\/{rel}","templated":true}]}}