{"id":34363,"date":"2025-08-25T18:16:07","date_gmt":"2025-08-25T17:16:07","guid":{"rendered":"https:\/\/sudurras.fo\/?p=34363"},"modified":"2025-08-25T18:16:08","modified_gmt":"2025-08-25T17:16:08","slug":"musikkskulin-bjodar-ollum-a-gatt","status":"publish","type":"post","link":"https:\/\/sudurras.fo\/?p=34363","title":{"rendered":"Musikksk\u00falin bj\u00f3\u00f0ar \u00f8llum \u00e1 g\u00e1tt"},"content":{"rendered":"\n<figure class=\"wp-block-image size-large\"><img loading=\"lazy\" decoding=\"async\" width=\"1016\" height=\"1024\" src=\"https:\/\/sudurras.fo\/wp-content\/uploads\/2025\/08\/IMG_6262-1016x1024.png\" alt=\"\" class=\"wp-image-34364\" srcset=\"https:\/\/sudurras.fo\/wp-content\/uploads\/2025\/08\/IMG_6262-1016x1024.png 1016w, https:\/\/sudurras.fo\/wp-content\/uploads\/2025\/08\/IMG_6262-298x300.png 298w, https:\/\/sudurras.fo\/wp-content\/uploads\/2025\/08\/IMG_6262-150x150.png 150w, https:\/\/sudurras.fo\/wp-content\/uploads\/2025\/08\/IMG_6262-768x774.png 768w, https:\/\/sudurras.fo\/wp-content\/uploads\/2025\/08\/IMG_6262.png 1152w\" sizes=\"auto, (max-width: 1016px) 100vw, 1016px\" \/><\/figure>\n\n\n\n<p>N\u00fdtt sk\u00fala\u00e1r merkir eisini n\u00fdtt musikksk\u00fala\u00e1r, og hetta vil Musikksk\u00falin \u00ed V\u00e1gi varpa lj\u00f3s \u00e1. T\u00ed bj\u00f3\u00f0ar Musikksk\u00falin \u00f8llum \u00e1huga\u00f0um \u2013 b\u00e6\u00f0i verandi n\u00e6mingum, n\u00fdggjum n\u00e6mingum og foreldrum \u2013 til ein byrjunarfund.<\/p>\n\n\n\n<p>Byrjunarfundurin ver\u00f0ur \u00ed Auluni \u00ed V\u00e1gs sk\u00fala t\u00fdsdagin, 26. august, klokkan 16.00. Har ver\u00f0ur greitt fr\u00e1, hvat sk\u00falin bj\u00f3\u00f0ar av fr\u00e1l\u00e6ru, og hvat virksemi\u00f0 fevnir um. \u00c1 byrjunarfundinum ver\u00f0a allir l\u00e6rararnir til sta\u00f0ar og bj\u00f3\u00f0a til eitt hugnaligt pr\u00e1t.<\/p>\n\n\n\n<p>\u00d8ll eru hjartaliga v\u00e6lkomin!<\/p>\n","protected":false},"excerpt":{"rendered":"<p>N\u00fdtt sk\u00fala\u00e1r merkir eisini n\u00fdtt musikksk\u00fala\u00e1r, og hetta vil Musikksk\u00falin \u00ed V\u00e1gi varpa lj\u00f3s \u00e1. T\u00ed bj\u00f3\u00f0ar Musikksk\u00falin \u00f8llum \u00e1huga\u00f0um \u2013 b\u00e6\u00f0i verandi n\u00e6mingum, n\u00fdggjum n\u00e6mingum og foreldrum \u2013 til ein byrjunarfund. Byrjunarfundurin ver\u00f0ur \u00ed Auluni \u00ed V\u00e1gs sk\u00fala t\u00fdsdagin, 26. august, klokkan 16.00. Har ver\u00f0ur greitt fr\u00e1, hvat sk\u00falin bj\u00f3\u00f0ar av fr\u00e1l\u00e6ru, og hvat [&hellip;]<\/p>\n","protected":false},"author":24,"featured_media":34364,"comment_status":"closed","ping_status":"closed","sticky":false,"template":"","format":"standard","meta":{"ngg_post_thumbnail":0,"footnotes":""},"categories":[1],"tags":[],"class_list":["post-34363","post","type-post","status-publish","format-standard","has-post-thumbnail","hentry","category-tidindi"],"publishpress_future_action":{"enabled":false,"date":"2026-05-04 13:53:28","action":"change-status","newStatus":"draft","terms":[],"taxonomy":"category","extraData":[]},"publishpress_future_workflow_manual_trigger":{"enabledWorkflows":[]},"_links":{"self":[{"href":"https:\/\/sudurras.fo\/index.php?rest_route=\/wp\/v2\/posts\/34363","targetHints":{"allow":["GET"]}}],"collection":[{"href":"https:\/\/sudurras.fo\/index.php?rest_route=\/wp\/v2\/posts"}],"about":[{"href":"https:\/\/sudurras.fo\/index.php?rest_route=\/wp\/v2\/types\/post"}],"author":[{"embeddable":true,"href":"https:\/\/sudurras.fo\/index.php?rest_route=\/wp\/v2\/users\/24"}],"replies":[{"embeddable":true,"href":"https:\/\/sudurras.fo\/index.php?rest_route=%2Fwp%2Fv2%2Fcomments&post=34363"}],"version-history":[{"count":1,"href":"https:\/\/sudurras.fo\/index.php?rest_route=\/wp\/v2\/posts\/34363\/revisions"}],"predecessor-version":[{"id":34365,"href":"https:\/\/sudurras.fo\/index.php?rest_route=\/wp\/v2\/posts\/34363\/revisions\/34365"}],"wp:featuredmedia":[{"embeddable":true,"href":"https:\/\/sudurras.fo\/index.php?rest_route=\/wp\/v2\/media\/34364"}],"wp:attachment":[{"href":"https:\/\/sudurras.fo\/index.php?rest_route=%2Fwp%2Fv2%2Fmedia&parent=34363"}],"wp:term":[{"taxonomy":"category","embeddable":true,"href":"https:\/\/sudurras.fo\/index.php?rest_route=%2Fwp%2Fv2%2Fcategories&post=34363"},{"taxonomy":"post_tag","embeddable":true,"href":"https:\/\/sudurras.fo\/index.php?rest_route=%2Fwp%2Fv2%2Ftags&post=34363"}],"curies":[{"name":"wp","href":"https:\/\/api.w.org\/{rel}","templated":true}]}}