{"id":34397,"date":"2025-08-30T11:12:18","date_gmt":"2025-08-30T10:12:18","guid":{"rendered":"https:\/\/sudurras.fo\/?p=34397"},"modified":"2025-08-30T13:06:04","modified_gmt":"2025-08-30T12:06:04","slug":"summartonar-konsert-i-midlatuni","status":"publish","type":"post","link":"https:\/\/sudurras.fo\/?p=34397","title":{"rendered":"Summart\u00f3nar: Konsert \u00ed Mi\u00f0lat\u00fani"},"content":{"rendered":"\n<figure class=\"wp-block-image size-full\"><img loading=\"lazy\" decoding=\"async\" width=\"639\" height=\"960\" src=\"https:\/\/sudurras.fo\/wp-content\/uploads\/2025\/08\/summartonar.jpg\" alt=\"\" class=\"wp-image-34411\" srcset=\"https:\/\/sudurras.fo\/wp-content\/uploads\/2025\/08\/summartonar.jpg 639w, https:\/\/sudurras.fo\/wp-content\/uploads\/2025\/08\/summartonar-200x300.jpg 200w\" sizes=\"auto, (max-width: 639px) 100vw, 639px\" \/><\/figure>\n\n\n\n<p>Sunnudagin 31. august ver\u00f0ur konsert \u00ed Mi\u00f0lat\u00fani vi\u00f0 Unci dunci trinci.<\/p>\n\n\n\n<p>Ta\u00f0 eru Fabio Bonvicini og Gianluca Magnani&nbsp; sum framf\u00f8ra. K\u00e1ri Sverrisson er fr\u00e1s\u00f8guma\u00f0ur.<\/p>\n\n\n\n<ul class=\"wp-block-list\">\n<li>Gianluca Magnani: sang, gittar, tenorfloyta, munnharpu, okarina, floytur, st\u00f3rbassur, rossakjaftur, kazoo, skeljar.<\/li>\n\n\n\n<li>Fabio Bonvicini: sang, diatonisk harmonika, floytur, pr\u00e1t, okarina, slagverk, sekkjap\u00edpa.<\/li>\n<\/ul>\n\n\n\n<p>Eftir at hundra\u00f0tals konsertir kring Italia, fastu lutt\u00f8ku \u00ed sj\u00f3nvarpssendingini &#8220;Tana libera libri&#8221; \u00e1 IcaroTv, og st\u00f3ru redaktionellu eydnuna vi\u00f0 &#8220;Albero bell&#8217;albero&#8221; (Corsieroeditore), koma teir b\u00e1\u00f0ir t\u00f3nleikararnir \u00far Emilia aftur vi\u00f0 &#8220;Unci dunci trinci &#8220;: n\u00fdggj b\u00f3k, fl\u00f8ga og s\u00fdning vi\u00f0 fokus \u00e1 repertoiri\u00f0 av sangum, t\u00f3nleiki, r\u00edmum og f\u00f3lkas\u00f8ga av uppruna \u00ed h\u00f8vu\u00f0sheitum \u00e6tla\u00f0 b\u00f8rnum \u00ed aldursb\u00f3lkinum 3-8.<\/p>\n\n\n\n<p>T\u00f3nleikurin er ein st\u00f3rur smoothie av s\u00f8gum, t\u00f3nleiki, barnar\u00edmum, v\u00e6lumt\u00f3ktum teljusp\u00f8l, sp\u00e6ld vi\u00f0 fornum lj\u00f3\u00f0f\u00f8rum, n\u00fdm\u00f3tans og ofta forvitnisligum. Diatonisk harmonika, gittarar, okarina, floytur, sekkjup\u00edpa, trummusl\u00e1ttur&#8230; Populerur t\u00f3nleikur kemur aftur til b\u00f8rnini, kenslur og endurfinning av teirra r\u00f8tum.<\/p>\n\n\n\n<p>Millum teir mongu sangirnar, sum eru framf\u00f8rdir undir konsertini kunnu vit finna: &#8220;\u00c1 messuni hj\u00e1 Mastr&#8217;Andr\u00e9 &#8220;, &#8220;Fluga og mora&#8221;, &#8220;\u00c6vint\u00fdri\u00f0&#8221;, &#8220;Sey\u00f0urin er \u00ed sk\u00f3ginum&#8221; og n\u00f3gvar a\u00f0rar sangir hj\u00e1 v\u00e6lumt\u00f3kt repertoire.<\/p>\n\n\n\n<p>&#8220;UNCI DUNCI TRINCI&#8221; er ein innbj\u00f3\u00f0ing um ikki at lata vera vi\u00f0 at draga n\u00fdggjar lei\u00f0ir \u00ed h\u00e6ttisliga og vinarhavinum av lj\u00f3\u00f0i og sangi, sum er v\u00edgdur &#8211; enn jomfr\u00faum og fr\u00edskum &#8211; tilgongdum fyri fyrstu fer\u00f0 til t\u00f3nleik.<\/p>\n\n\n\n<p>Konsertin er eisini fyri b\u00f8rn.<\/p>\n\n\n\n<p>Ta\u00f0 er Summart\u00f3nar sum skipa fyri. Konsertin byrjar kl 15.00 og er \u00f3keypis.<\/p>\n","protected":false},"excerpt":{"rendered":"<p>Sunnudagin 31. august ver\u00f0ur konsert \u00ed Mi\u00f0lat\u00fani vi\u00f0 Unci dunci trinci. Ta\u00f0 eru Fabio Bonvicini og Gianluca Magnani&nbsp; sum framf\u00f8ra. K\u00e1ri Sverrisson er fr\u00e1s\u00f8guma\u00f0ur. Eftir at hundra\u00f0tals konsertir kring Italia, fastu lutt\u00f8ku \u00ed sj\u00f3nvarpssendingini &#8220;Tana libera libri&#8221; \u00e1 IcaroTv, og st\u00f3ru redaktionellu eydnuna vi\u00f0 &#8220;Albero bell&#8217;albero&#8221; (Corsieroeditore), koma teir b\u00e1\u00f0ir t\u00f3nleikararnir \u00far Emilia aftur vi\u00f0 [&hellip;]<\/p>\n","protected":false},"author":24,"featured_media":34411,"comment_status":"closed","ping_status":"closed","sticky":false,"template":"","format":"standard","meta":{"ngg_post_thumbnail":0,"footnotes":""},"categories":[1],"tags":[],"class_list":["post-34397","post","type-post","status-publish","format-standard","has-post-thumbnail","hentry","category-tidindi"],"publishpress_future_action":{"enabled":false,"date":"2026-05-04 12:41:31","action":"change-status","newStatus":"draft","terms":[],"taxonomy":"category","extraData":[]},"publishpress_future_workflow_manual_trigger":{"enabledWorkflows":[]},"_links":{"self":[{"href":"https:\/\/sudurras.fo\/index.php?rest_route=\/wp\/v2\/posts\/34397","targetHints":{"allow":["GET"]}}],"collection":[{"href":"https:\/\/sudurras.fo\/index.php?rest_route=\/wp\/v2\/posts"}],"about":[{"href":"https:\/\/sudurras.fo\/index.php?rest_route=\/wp\/v2\/types\/post"}],"author":[{"embeddable":true,"href":"https:\/\/sudurras.fo\/index.php?rest_route=\/wp\/v2\/users\/24"}],"replies":[{"embeddable":true,"href":"https:\/\/sudurras.fo\/index.php?rest_route=%2Fwp%2Fv2%2Fcomments&post=34397"}],"version-history":[{"count":0,"href":"https:\/\/sudurras.fo\/index.php?rest_route=\/wp\/v2\/posts\/34397\/revisions"}],"wp:featuredmedia":[{"embeddable":true,"href":"https:\/\/sudurras.fo\/index.php?rest_route=\/wp\/v2\/media\/34411"}],"wp:attachment":[{"href":"https:\/\/sudurras.fo\/index.php?rest_route=%2Fwp%2Fv2%2Fmedia&parent=34397"}],"wp:term":[{"taxonomy":"category","embeddable":true,"href":"https:\/\/sudurras.fo\/index.php?rest_route=%2Fwp%2Fv2%2Fcategories&post=34397"},{"taxonomy":"post_tag","embeddable":true,"href":"https:\/\/sudurras.fo\/index.php?rest_route=%2Fwp%2Fv2%2Ftags&post=34397"}],"curies":[{"name":"wp","href":"https:\/\/api.w.org\/{rel}","templated":true}]}}