{"id":34402,"date":"2025-09-03T08:47:00","date_gmt":"2025-09-03T07:47:00","guid":{"rendered":"https:\/\/sudurras.fo\/?p=34402"},"modified":"2025-09-03T08:48:06","modified_gmt":"2025-09-03T07:48:06","slug":"skrain-til-johannudagin-2025","status":"publish","type":"post","link":"https:\/\/sudurras.fo\/?p=34402","title":{"rendered":"Skr\u00e1in til Johannudagin 2025"},"content":{"rendered":"\n<figure class=\"wp-block-image size-large\"><img loading=\"lazy\" decoding=\"async\" width=\"1024\" height=\"451\" src=\"https:\/\/sudurras.fo\/wp-content\/uploads\/2025\/08\/JJohannudagar-Bjartur-Vest-1024x451.jpg\" alt=\"\" class=\"wp-image-34323\" srcset=\"https:\/\/sudurras.fo\/wp-content\/uploads\/2025\/08\/JJohannudagar-Bjartur-Vest-1024x451.jpg 1024w, https:\/\/sudurras.fo\/wp-content\/uploads\/2025\/08\/JJohannudagar-Bjartur-Vest-300x132.jpg 300w, https:\/\/sudurras.fo\/wp-content\/uploads\/2025\/08\/JJohannudagar-Bjartur-Vest-768x338.jpg 768w, https:\/\/sudurras.fo\/wp-content\/uploads\/2025\/08\/JJohannudagar-Bjartur-Vest.jpg 1250w\" sizes=\"auto, (max-width: 1024px) 100vw, 1024px\" \/><\/figure>\n\n\n\n<p>Leygardagin ver\u00f0ur \u00e1rligi Johannudagurin \u00ed V\u00e1gi.&nbsp;Ta\u00f0 er felagi\u00f0 Johanna TG 326, sum saman vi\u00f0 V\u00e1gs kappr\u00f3\u00f0rarfelag og V\u00e1gs kommunu, fyriskipa\u00f0 Johannudagin.<\/p>\n\n\n\n<p>Byrja\u00f0 ver\u00f0ur t\u00f3 longu fr\u00edggjakv\u00f8ldi\u00f0 vi\u00f0 syngi\u00f0 vi\u00f0 umbor\u00f0 \u00e1 Johannu TG326 \u00e1 fj\u00f8r\u00f0inum. Aftan\u00e1 ver\u00f0ur f\u00f8royskur dansur saman vi\u00f0 J\u00f3msv\u00edkingum og spurnarkapping \u00ed tjaldinum \u00e1 kaiini.<\/p>\n\n\n\n<p>Leygardagin ver\u00f0ur st\u00f3ra vatnkr\u00edggi\u00f0 \u00e1 kaiini. Eisini ver\u00f0a aldargomlu grindab\u00e1tarnir \u00e1 fj\u00f8r\u00f0inum, um ve\u00f0ri\u00f0 er tilvildar. H\u00f8vi\u00f0 ver\u00f0ur at vitja skipini, sum liggja vi\u00f0 kai. B\u00f8rnini og barnsligar s\u00e1lir kunnu s\u00edggja sj\u00f3r\u00e6narar og fara vi\u00f0 teimum \u00e1 fer\u00f0, og s\u00edggja livandi havdj\u00f3r \u00ed fiskak\u00f8rum. \u00cd kappr\u00f3\u00f0rarneystinum ver\u00f0a forvitsnisligur fyrilestur vi\u00f0 Arnfinni Thomassen.<\/p>\n\n\n\n<p>Johannudagurin endar vi\u00f0 grillkv\u00f8ldi og bryggjudansi, har b\u00f3lkurin T\u00f3nar sp\u00e6la.<\/p>\n\n\n\n<p>&#8212;<\/p>\n\n\n\n<p>Johannudagurin var\u00f0 fyrstu fer\u00f0 fyriskipa\u00f0ur \u00ed september 2021 og avgj\u00f8rt var\u00f0, at hesin dagurin skuldi ver\u00f0a ein afturvendandi familjudagur \u00ed V\u00e1gi. \u00cd h\u00f8vu\u00f0sheitum sn\u00fdr dagurin seg um sluppina Johannu TG326 og ta\u00f0 maritima, sum er \u00ed, \u00e1 og kring V\u00e1gsfj\u00f8r\u00f0.<\/p>\n\n\n\n<p>&#8212;<\/p>\n\n\n\n<p>Lesi\u00f0 skr\u00e1nna <a href=\"https:\/\/www.calameo.com\/read\/006637902da26ca8801a7\" target=\"_blank\" rel=\"noreferrer noopener\">her<\/a>.<\/p>\n","protected":false},"excerpt":{"rendered":"<p>Leygardagin ver\u00f0ur \u00e1rligi Johannudagurin \u00ed V\u00e1gi.&nbsp;Ta\u00f0 er felagi\u00f0 Johanna TG 326, sum saman vi\u00f0 V\u00e1gs kappr\u00f3\u00f0rarfelag og V\u00e1gs kommunu, fyriskipa\u00f0 Johannudagin. Byrja\u00f0 ver\u00f0ur t\u00f3 longu fr\u00edggjakv\u00f8ldi\u00f0 vi\u00f0 syngi\u00f0 vi\u00f0 umbor\u00f0 \u00e1 Johannu TG326 \u00e1 fj\u00f8r\u00f0inum. Aftan\u00e1 ver\u00f0ur f\u00f8royskur dansur saman vi\u00f0 J\u00f3msv\u00edkingum og spurnarkapping \u00ed tjaldinum \u00e1 kaiini. Leygardagin ver\u00f0ur st\u00f3ra vatnkr\u00edggi\u00f0 \u00e1 kaiini. Eisini [&hellip;]<\/p>\n","protected":false},"author":24,"featured_media":34323,"comment_status":"closed","ping_status":"closed","sticky":false,"template":"","format":"standard","meta":{"ngg_post_thumbnail":0,"footnotes":""},"categories":[1],"tags":[],"class_list":["post-34402","post","type-post","status-publish","format-standard","has-post-thumbnail","hentry","category-tidindi"],"publishpress_future_action":{"enabled":false,"date":"2026-05-04 12:38:22","action":"change-status","newStatus":"draft","terms":[],"taxonomy":"category","extraData":[]},"publishpress_future_workflow_manual_trigger":{"enabledWorkflows":[]},"_links":{"self":[{"href":"https:\/\/sudurras.fo\/index.php?rest_route=\/wp\/v2\/posts\/34402","targetHints":{"allow":["GET"]}}],"collection":[{"href":"https:\/\/sudurras.fo\/index.php?rest_route=\/wp\/v2\/posts"}],"about":[{"href":"https:\/\/sudurras.fo\/index.php?rest_route=\/wp\/v2\/types\/post"}],"author":[{"embeddable":true,"href":"https:\/\/sudurras.fo\/index.php?rest_route=\/wp\/v2\/users\/24"}],"replies":[{"embeddable":true,"href":"https:\/\/sudurras.fo\/index.php?rest_route=%2Fwp%2Fv2%2Fcomments&post=34402"}],"version-history":[{"count":0,"href":"https:\/\/sudurras.fo\/index.php?rest_route=\/wp\/v2\/posts\/34402\/revisions"}],"wp:featuredmedia":[{"embeddable":true,"href":"https:\/\/sudurras.fo\/index.php?rest_route=\/wp\/v2\/media\/34323"}],"wp:attachment":[{"href":"https:\/\/sudurras.fo\/index.php?rest_route=%2Fwp%2Fv2%2Fmedia&parent=34402"}],"wp:term":[{"taxonomy":"category","embeddable":true,"href":"https:\/\/sudurras.fo\/index.php?rest_route=%2Fwp%2Fv2%2Fcategories&post=34402"},{"taxonomy":"post_tag","embeddable":true,"href":"https:\/\/sudurras.fo\/index.php?rest_route=%2Fwp%2Fv2%2Ftags&post=34402"}],"curies":[{"name":"wp","href":"https:\/\/api.w.org\/{rel}","templated":true}]}}