{"id":3500,"date":"2018-04-28T17:00:05","date_gmt":"2018-04-28T16:00:05","guid":{"rendered":"http:\/\/sudurras.fo\/?p=3500"},"modified":"2018-04-28T17:00:05","modified_gmt":"2018-04-28T16:00:05","slug":"flaggroda-hja-sirid-stenberg-25-april-2018","status":"publish","type":"post","link":"https:\/\/sudurras.fo\/?p=3500","title":{"rendered":"Flaggr\u00f8\u00f0a hj\u00e1 Siri\u00f0 Stenberg 25. apr\u00edl 2018"},"content":{"rendered":"<p>G\u00f3\u00f0u sk\u00f3tar, sangarar og g\u00f3\u00f0u tit \u00f8ll<\/p>\n<p>Fyrst fari eg at takka Sk\u00f3tali\u00f0num Royndini fyri at hava v\u00edst m\u00e6r ta\u00f0 \u00e1lit aftur at halda flaggdagsr\u00f8\u00f0una \u00ed \u00e1r. Sk\u00f3tali\u00f0i\u00f0 Royndin eigur eisini st\u00f3ra t\u00f8kk uppiborna fyri so tr\u00faliga at hava hildi\u00f0 hendan si\u00f0 \u00ed hevd at h\u00e1t\u00ed\u00f0arhalda okkara flaggdag. Eg havi roynt at funni\u00f0 fram til, hvussu ofta flaggdagurin hevur veri\u00f0 hildin \u00ed V\u00e1gi, men hetta er trupult at siga heilt n\u00e1greiniliga, men eg havi fingi\u00f0 uppl\u00fdst, at fr\u00e1 1968 hevur flaggdagshald veri\u00f0 so at siga \u00e1 hv\u00f8rjum \u00e1ri, so ta\u00f0 eru 50 \u00e1r \u00ed \u00e1r. Og hjartaliga tillukku sk\u00f3tarnar vi\u00f0 t\u00ed. Ta\u00f0 er sera hugaligt at s\u00edggja \u00f8ll hesi fittu b\u00f8rnini \u00ed dag og eisini tey vaksnu, sum leggja st\u00f3rt arbei\u00f0i \u00ed.<\/p>\n<p>Sk\u00f3tali\u00f0i\u00f0 royndin var stovna\u00f0 av Thulesen presti \u00ed 1940, og v\u00f3ru hetta fyrstu gr\u00f8nu sk\u00f3tar \u00ed F\u00f8royum. \u00c1ri\u00f0 frammanundan \u00ed 1939 var\u00f0 Kirkjuk\u00f3ri\u00f0 Lj\u00f3mur stovna\u00f0, so hesi eru javngomul og stovna\u00f0 um somu t\u00ed\u00f0, sum kr\u00edggi\u00f0 brast \u00e1, og Merki\u00f0 bleiv vi\u00f0urkent sum okkara tj\u00f3\u00f0arflagg orsaka\u00f0 av kr\u00edggst\u00f8\u00f0uni. So hesi tr\u00fd hava naka\u00f0 \u00ed felag og hava eitt serligt vir\u00f0i fyri okkum \u00f8ll. Og t\u00f8kk til Lj\u00f3m fyri so dyggan stu\u00f0ul til mentanar- og felagsl\u00edvi\u00f0. Ta\u00f0 fj\u00e1lgar um og byggir upp.<\/p>\n<p>Ta\u00f0 er so sera gott fyri okkum \u00f8ll at h\u00e1t\u00ed\u00f0arhalda merkisdagar og at gle\u00f0ast saman. Hetta kn\u00fdtir bond millum f\u00f3lk og fel\u00f8g, og styrkir okkara felagskenslu. Vit hava \u00f8ll br\u00fak fyri hv\u00f8r \u00f8\u00f0rum. Ta\u00f0 eru aloftast t\u00e6r g\u00f3\u00f0u relati\u00f3nirnar millum menniskju, sum liggja til grund fyri trivna\u00f0i og frambur\u00f0i.<\/p>\n<p>\u00cd gj\u00e1r hoyrdi eg P\u00e1l Joensen, okkara \u00edtr\u00f3ttarhetju, \u00ed \u00fatvarpinum. Ta\u00f0 var ein samr\u00f8\u00f0a vi\u00f0 hann um t\u00fddningin av at svimja undir Merkinum. Hvussu t\u00fddningarmiki\u00f0 hetta var fyri hann, og hvussu l\u00f8gi\u00f0 ta\u00f0 kendist t\u00e6r fer\u00f0irnar, honum ikki untist at svimja undir f\u00f8royska flagginum. Hann helt fyri, at tv\u00e6r t\u00e6r ringastu kappingarnar, hann hev\u00f0i svomi\u00f0, v\u00f3ru j\u00fast, t\u00e1 i\u00f0 hann ikki svam undir f\u00f8royskum flaggi. Og so greiddi hann fr\u00e1, hvussu hann alt\u00ed\u00f0 hev\u00f0i stremba\u00f0 eftir at f\u00e1a Merki\u00f0 at veittra millum onnur fl\u00f8gg, ja millum heimsins fremstu tj\u00f3\u00f0ir. At ta\u00f0 at umbo\u00f0a\u00f0 Merki\u00f0 var naka\u00f0 serstakt. Hetta er hei\u00f0urlig og r\u00f8randi tala. Hann svam og umbo\u00f0a\u00f0i ikki bert seg sj\u00e1lvan men okkum \u00f8ll.<\/p>\n<p>Vit s\u00edggja sama vilja, t\u00e1 i\u00f0 f\u00f8royingar t.d. st\u00edga \u00e1 heimsins fjallatindar og hava Merki\u00f0 vi\u00f0 s\u00e6r, eins og vit s\u00edggja ta\u00f0 \u00ed mongum samanhangum, har ta\u00f0 at gera vart vi\u00f0 seg gj\u00f8gnum Merki\u00f0 er t\u00fd\u00f0andi.<\/p>\n<p>Men onki kemur av s\u00e6r sj\u00e1lvum. Ta\u00f0 vita vit her \u00e1 sta\u00f0num, og ta\u00f0 hevur s\u00f8gan eisini pr\u00f3gva\u00f0. Eisini okkara flaggs\u00f8ga.<\/p>\n<p>Niels Juul Arge grei\u00f0ir \u00ed flaggs\u00f8gu s\u00edni fr\u00e1 s\u00f8guligu gongdini heilt fr\u00e1 hugsj\u00f3nunum um, at vit skuldu hava eitt f\u00f8royskt flagg, fram til vunnin r\u00e6ttindi at br\u00faka Merki\u00f0 sum F\u00f8roya flagg, og her eru n\u00f3gv og st\u00f3r t\u00f8k tikin \u00e1 lei\u00f0ini. \u00d8ll kenna vit s\u00f8guna um ungu f\u00f8roysku studentanir \u00ed Keypmannahavn, vi\u00f0 Jens Olivur Lisberg, Thomas Paula Dahl og Janus \u00d8ssurson \u00e1 odda, sum fingu tilevna\u00f0 fyrsta f\u00f8royska flaggi\u00f0, eitt bor\u00f0flagg sum Ninna Jacobsen seyma\u00f0i. Seinni fingu teir gj\u00f8rt ta\u00f0 flaggi\u00f0, sum n\u00fa hongur \u00ed F\u00e1mjins Kirkju, og ta\u00f0 var 22. juni \u00ed 1919 hetta fyrsta f\u00f8roya flagg, veittra\u00f0i fyrstu fer\u00f0 \u00ed F\u00f8royum.<\/p>\n<p>Fylgjandi \u00e1rini fr\u00e1 1919 og fram v\u00f3ru baldrut hj\u00e1 Merkinum, og mangan leika\u00f0i har\u00f0liga \u00e1.<\/p>\n<p>T\u00f8rvurin \u00e1 at hava egi\u00f0 tj\u00f3\u00f0merki\u00f0 vaks millum f\u00f3lk, men ikki fyrr enn seinni heimsbardagi\u00f0 brast \u00e1, hendi ver\u00f0uliga naka\u00f0 Merkinum at frama, so l\u00f8gi\u00f0 ta\u00f0 enn kann lj\u00f3\u00f0a. Ta\u00f0 skuldi eitt heimskr\u00edggj til. T\u00e1 i\u00f0 Danmark bleiv hersett av T\u00fdsklandi 9. apr\u00edl 1940, var sambandi\u00f0 millum F\u00f8royar og Danmark kvett, og f\u00e1ir dagar aftan\u00e1, at Danmark var hersett, blivu F\u00f8royar hersettar av bretum. Bretar v\u00f3ru ikki fegnir um, at f\u00f8roysk skip hildu \u00e1fram at sigla vi\u00f0 donskum flaggi, n\u00fa Danmark var hersett av T\u00fdsklandi, sum var at meta sum f\u00edggindi Bretlands. \u00darsliti\u00f0 var, at f\u00f8royski skipaflotin f\u00f3r at sigla vi\u00f0 f\u00f8royskum flaggi, og F\u00d8ROYAR var m\u00e1la\u00f0 \u00e1 s\u00ed\u00f0ina \u00e1 hv\u00f8rjum skipi. Kr\u00edggs\u00e1rini var f\u00f8royska flaggi\u00f0 sostatt n\u00fdtt sum siglingarflagg, men enn var ikki flagga vi\u00f0 Merkinum \u00ed L\u00f8gtinginum. Ikki fyrr enn \u00ed 1948 fekk Merki\u00f0 l\u00f3ggildi\u00f0 sum F\u00f8roya flagg. Onkursvegna kunnu vit siga at heimsbardagin gav okkum Merki\u00f0. Men seinni heimsbardagin t\u00f3k eisini. F\u00f8royar mistu n\u00f3gv f\u00f8r og n\u00f3gv l\u00edv f\u00f3rust \u00e1 sj\u00f3vnum. T\u00ed er sta\u00f0i\u00f0 her vir\u00f0iligt til flaggdagshald og eisini g\u00f3\u00f0 \u00e1minning um tey, vit hava mist.<\/p>\n<p>\u00cd Flaggs\u00f8guni Merki\u00f0 l\u00fdsir Niels Juul Arge eisini v\u00e6l unga mannin Jens Olivur Lisberg, vi\u00f0 or\u00f0unum hj\u00e1 Thomas Paula Dahl.<\/p>\n<p>\u201d Tann h\u00f8gi, her\u00f0abrei\u00f0i og lj\u00f3sh\u00e6rdi unglingin, s\u00e1ttligur, fryntligur, og skemtingarsamur var s\u00e1lin \u00ed studental\u00edvi teirra, hin kveikjandi og eggjandi. Skulu f\u00f8royingar einafer\u00f0 koma so langt, at teir allir vilja draga somu l\u00ednu, og r\u00f3gva \u00ed sama b\u00e1ti, m\u00e1 b\u00e1turin hava eitt merki. Solei\u00f0is t\u00f3k tann ungi studenturin til, sum eigur h\u00f8vu\u00f0shei\u00f0urin fyri, at vit \u00ed dag hava okkara f\u00f8royska flagg \u201d.<\/p>\n<p>Andin \u00ed hesum or\u00f0unum um at draga somu l\u00ednu og at r\u00f3gva \u00ed sama b\u00e1ti er kanska ongant\u00ed\u00f0 t\u00fddningarmiklari enn ta\u00f0 sama. Samanhald flytir okkum fram\u00e1. Sundurlyndi\u00f0 hinvegin spja\u00f0ir og skapar onga menning.<\/p>\n<p>T\u00edverri doy\u00f0i Jens Olivur Lisberg ungur, bert 23 \u00e1ra gamal \u00ed 1920. At hugsa s\u00e6r til hvat hann \u00ed s\u00ednum stutta l\u00edvi hevur avrika\u00f0. Ta\u00f0 er ikki mongdin av \u00e1runum, sum siga naka\u00f0 um l\u00edvsavriki\u00f0, men avrikini \u00ed s\u00e6r sj\u00e1lvum, og tey hj\u00e1 Jens Olivur Lisberg tala fyri seg. Tey eru okkara s\u00f8ga, okkara samleiki, okkara stoltleiki og \u00edmyndin av savningarmegini av s\u00e1lini \u00ed samfelagnum.<\/p>\n<p>Ta\u00f0 er alt\u00ed\u00f0 meira, sum savnar eina tj\u00f3\u00f0 \u00ed menning, enn ta\u00f0 er, sum skilur. H\u00f3ast Merki\u00f0 kann hava ymiskan t\u00fddning fyri okkum, so m\u00e1 Merki\u00f0 alt\u00ed\u00f0 vera okkara savningarflagg. Og ta\u00f0 er ta\u00f0. Vit eiga ta\u00f0 \u00f8ll og eru \u00f8ll g\u00f3\u00f0 vi\u00f0 ta\u00f0.<\/p>\n<p>Merki\u00f0 r\u00f8rir dj\u00fapar kenslur \u00ed f\u00f3lki. Vit hava ta\u00f0 vi\u00f0 okkum \u00far v\u00f8ggu \u00ed gr\u00f8v. Vit v\u00edsa gle\u00f0i vi\u00f0 Merkinum, og vit v\u00edsa \u00e1 okkara sorg vi\u00f0 Merkinum. T\u00e1 i\u00f0 flagga\u00f0 ver\u00f0ur \u00ed h\u00e1lvari stong ger\u00f0ast vit aloftast st\u00farin og hugsa um, hv\u00f8r n\u00fa hevur mist ein av s\u00ednum. Krossurin \u00ed flagginum \u00edmyndar eina kristna tj\u00f3\u00f0 og kann geva teimum syrgjandi og okkum \u00f8llum v\u00f3n um trygga framt\u00ed\u00f0.<\/p>\n<p>Vit kenna eisini \u00f8ll, hvussu gla\u00f0 vit vera, t\u00e1 i\u00f0 vit til d\u00f8mis hava vunni\u00f0, og Merki\u00f0 veittrar. Ella t\u00e1 i\u00f0 vit uttanlands kunnu s\u00edggja f\u00f8royska flaggi\u00f0 veittra millum hini fl\u00f8ggini, ja t\u00e1 kenna vit okkum vir\u00f0ismett sum eitt f\u00f3lk. At kenna seg s\u00e6ddan, hoyrdan og virdan er eins t\u00fddningarmiki\u00f0 fyri eitt f\u00f3lk sum fyri einstaklingin. T\u00ed vera vit eisini so v\u00f3nbrotin, t\u00e1 i\u00f0 Merki\u00f0 ikki er umbo\u00f0a\u00f0, ella t\u00e1 i\u00f0 vit fyri stuttum upplivdu, at Merki\u00f0 veittra\u00f0i \u00ed skeivum litum. T\u00e1 kenna vit okkum rakt \u00e1 samleikan, og ta\u00f0 stingur dj\u00fapt. Ta\u00f0 r\u00f8rir vi\u00f0, hv\u00f8rji vit eru.<\/p>\n<p>Men vit hava n\u00f3gv at takka fyri. Ta\u00f0 mugu vit minnast til. Vit b\u00fagva \u00ed heimsins besta og vakrasta landi. Og h\u00f3ast ta\u00f0 alt\u00ed\u00f0 eins og \u00ed \u00f8llum samfel\u00f8gum eru vi\u00f0urskifti, vit ynsktu \u00f8\u00f0rv\u00edsi, so skulu vit ikki hyggja leingi \u00ed mi\u00f0lar fyri at s\u00edggja ney\u00f0ina og \u00f3fri\u00f0in \u00fati \u00ed heimi. Og okkum t\u00f8rvar bert at hyggja rundanum okkum fyri at s\u00edggja allan vakurleikan, okkum er unt at liva \u00ed. Vit b\u00fagva \u00ed heimsins vakrastu n\u00e1tt\u00faru, sum eisini gj\u00f8gnum \u00f8ldir hevur \u00e1tt l\u00edvi\u00f0 \u00ed okkum. Vit hava allar dagar liva\u00f0 av t\u00ed, sum n\u00e1tt\u00faran eigur. T\u00ed sum bj\u00f8rgini, fj\u00f8llini, sj\u00f3gvurin, b\u00f8urin og hagin ber. Ta\u00f0 hevur veri\u00f0 og er framvegis okkara tilverugrundarlag. Uttan n\u00e1tt\u00faru ongi vit. T\u00ed hava vit eisini eina serliga skyldu at fara v\u00e6l um n\u00e1tt\u00faruna, so tey, sum koma aftan\u00e1 okkum, eisini ver\u00f0ur gott l\u00edv laga\u00f0. Taka vit ikki ta\u00f0 \u00ed \u00e1lvara ver\u00f0ur trupult hj\u00e1 komandi \u00e6ttarli\u00f0um at f\u00e1a eins g\u00f3\u00f0 kor og vit. Vit hava n\u00e1tt\u00faruna \u00ed var\u00f0veitslu til okkara eftirkomarar. Her m\u00e1 ein hugbur\u00f0sbroyting til, so vit hugsa meira bur\u00f0ardygt og vera betri til at verja okkara n\u00e1tt\u00faru. Her kunnu vit \u00f8ll gera okkara. Og her hava til d\u00f8mis sk\u00f3tar eisini ein sera virknan leiklut, t\u00ed ta\u00f0 \u00ed teirra virksemi liggur til at fara v\u00e6l um n\u00e1tt\u00faruna. So sk\u00f3tin kann vera okkara fyrimynd.<\/p>\n<p>Vit eru \u00e1 \u00e1rsins bestu t\u00ed\u00f0. Dr\u00fagvi kaldi veturin er um at missa taki\u00f0, og n\u00e1tt\u00faran er um at umskapast \u00ed gr\u00f8num litum, og alt sp\u00edrar. Sm\u00e1lomb, fuglar, s\u00f3ljur, lj\u00f3si\u00f0 og a\u00f0rar n\u00e1tt\u00farug\u00e1vur fylla sinni\u00f0. Og takksemi yvir t\u00e6r Guds g\u00e1vur gerst bara st\u00f8rri sum \u00e1rini l\u00ed\u00f0a. Og hv\u00f8rt \u00e1r haldi eg meg uppliva ta\u00f0 vakrasta, sum er til. Og gle\u00f0in yvir at eiga evnini at uppliva vakurleika er eisini st\u00f3r. Og j\u00fast gle\u00f0i og takksemi eiga eisini at vera okkara v\u00f8rumerki.<\/p>\n<p>Ta\u00f0 ver\u00f0ur sagt, at vir\u00f0i\u00f0 \u00ed einhv\u00f8rjum liggur \u00ed, hvussu st\u00f3rt arbei\u00f0i ta\u00f0 hevur veri\u00f0 at f\u00e1a ta\u00f0 til vega.<\/p>\n<p>Str\u00ed\u00f0i\u00f0 um flaggi\u00f0 var hart, men ta\u00f0 er j\u00fa naka\u00f0 um, at j\u00fa har\u00f0ari str\u00ed\u00f0i\u00f0, j\u00fa s\u00f8tari sigurin. T\u00e1 i\u00f0 vit n\u00fa kunnu l\u00fdta aftureftir er heldur ikki at undirmeta, at umst\u00f8\u00f0ur, sum f\u00f8royingar onga \u00e1virkan h\u00f8vdu \u00e1, sp\u00e6ldu ein t\u00fd\u00f0andi leiklut \u00ed t\u00ed str\u00ed\u00f0num, sum t.d heimsbardagin var.<\/p>\n<p>So kunnu vit seta spurningin, um flaggi\u00f0 hev\u00f0i veri\u00f0 okkara tj\u00f3\u00f0armerki, um kr\u00edggi\u00f0 ikki hev\u00f0i brosti\u00f0 \u00e1? J\u00fa, t\u00ed ivist eg onga l\u00f8tu \u00ed, ta\u00f0 v\u00edsir s\u00f8gan okkum vi\u00f0 teimum t\u00f8kum, i\u00f0 tikin v\u00f3ru fyri at f\u00e1a Merki\u00f0 fr\u00e1 1920unum og l\u00edka fram til seinna heimsbardaga. Ein r\u00f8rsla, sum er grunda\u00f0 \u00e1 brennandi hugsj\u00f3nir og frambur\u00f0 fyri f\u00f3lki \u2013 henni ber ikki til at ste\u00f0ga.<\/p>\n<p>Men hvat er ta\u00f0, sum ger, at ta\u00f0 er so ney\u00f0ugt at hava eitt flagg. \u00c1\u00f0renn Merki\u00f0 h\u00f8vdu vit onnur fl\u00f8gg, og fr\u00e1 fyrndart\u00ed\u00f0 hava f\u00f3lk allasta\u00f0ni savnast undir \u00e1v\u00edsum fl\u00f8ggum. Vit s\u00edggja eisini henda t\u00f8rv \u00ed dag, har n\u00e6rum onki felag vi\u00f0 vir\u00f0ing fyri s\u00e6r sj\u00e1lvum, ikki hevur eitt b\u00famerki ella egnan b\u00fana. Man ikki svari\u00f0 vera at finna onkunsta\u00f0ni \u00e1lei\u00f0 t\u00ed, at vit hava \u00f8ll \u00edbornan t\u00f8rv \u00e1 at v\u00edsa \u00e1, hv\u00f8rji vit eru, hvat vit standa fyri, og fyri at v\u00edsa \u00e1, at vit ynskja at vera \u00ed felagsskapi.<\/p>\n<p>Hvussu kann ta\u00f0 vera, at \u00ed n\u00fat\u00ed\u00f0ini, har \u00f8llum er n\u00e6rum alt \u00ed bo\u00f0i\u00f0, at vit so framhaldandi h\u00e1t\u00ed\u00f0arhalda flaggdagin? Fyri ikki so n\u00f3gvum \u00e1rum s\u00ed\u00f0ani v\u00f3ru f\u00e1 flaggdagsh\u00f8ld \u00ed F\u00f8royum. \u00cd dag eru tvey bara \u00ed Su\u00f0uroynni og mong kring landi\u00f0 alt. Hetta er at fegnast um. Eisini v\u00edsir hetta okkum \u00e1, at \u00ed einum heimi har n\u00e6rum alt ber til, og menningin gongur so skj\u00f3tt, at trupult er at fylgja vi\u00f0, ja, so ste\u00f0ga f\u00f3lk \u00e1 og s\u00f8kja aftur til felagsskapin og si\u00f0venjurnar. Merki\u00f0 \u00edmyndar vir\u00f0ir, si\u00f0venju, s\u00f8gu og samleika<\/p>\n<p>N\u00fat\u00ed\u00f0ar f\u00f8royingurin livir undir heilt \u00f8\u00f0rum fyritreytum enn f\u00f8royingarnir, sum str\u00edddist fyri flagginum. Heimurin er opin, og alt gongur vi\u00f0 r\u00fakandi fer\u00f0. Arbei\u00f0smarkna\u00f0urin er fyri mong ikki longur bygdin, oyggin ella landi\u00f0 men allur heimurin. Til ber at fer\u00f0ast uttanlands fleiri fer\u00f0ir dagliga, og so at siga hv\u00f8r sk\u00falan\u00e6mingur hevur s\u00e6\u00f0 st\u00f3rar partar av heiminum, eins og hann samskiftir vi\u00f0 f\u00f3lk \u00far \u00f8\u00f0rum londum \u00e1 telduni, t\u00e1 i\u00f0 hann hevur hug. Spurningurin er heldur, um tey og vit kenna F\u00f8royar og grannan n\u00f3g v\u00e6l ?<\/p>\n<p>Ta\u00f0 fr\u00eda vali\u00f0 hj\u00e1 teimum ungu, um hv\u00f8r og hvat man ynskir at vera, er kanska ikki so fr\u00edtt kortini. Meir og meir s\u00edggja vit f\u00f3lk leita eftir, hv\u00f8rji tey sj\u00e1lvi eru, og sum ikki kenna s\u00edn egna samleika n\u00f3g v\u00e6l. Ikki skulu vit alt\u00ed\u00f0 leita so langt, felags fyri okkum \u00f8ll er, at vit eru \u00f8ll f\u00f8royingar og eru partur av okkara samleika at finna \u00ed teimum vir\u00f0um, sum liggja \u00ed t\u00ed. Kanska er ta\u00f0 hetta, vit s\u00edggja \u00ed r\u00e1kinum at br\u00faka egi\u00f0 tilfeingi\u00f0 t.d \u00ed sni\u00f0geving og fer\u00f0avinnu, og huginum at leita aftur til si\u00f0venjurnar. F\u00f8royskur matur er blivin moderna\u00f0ur, f\u00f3lk fer\u00f0ast \u00ed F\u00f8royum og gongut\u00farar \u00ed fj\u00f8llunum eru so at siga gerandiskostur. Fyri bara at taka okkurt \u00far r\u00fagvuni.<\/p>\n<p>Flaggs\u00f8gan og okkara egna lokala s\u00f8ga v\u00edsir eisini, at har f\u00f3lk savnast \u00ed fel\u00f8g vi\u00f0 jaligum m\u00e1lum og mi\u00f0um, ja har skapast \u00farslit. Til ber eisini at siga, at har skrivast s\u00f8ga. T\u00ed eru vit so \u00f3metaliga r\u00edk, sum hava eitt so gott og virki\u00f0 felagsl\u00edv her \u00ed oynni. Hetta veri\u00f0 seg b\u00e6\u00f0i \u00edtr\u00f3ttarliga, mentanar- og listarliga, \u00ed t\u00f3nleiki, vi\u00f0 sk\u00f3tum, samkomum, og ikki minst \u00ed mongu sosialu felagsskapunum, sum eru til einans fyri samveruna. Hesir felagsskapir kn\u00fdta okkum saman og eru gull verdir.<\/p>\n<p>So m\u00edtt flaggdagsynski skal vera, at vit seta felagsskapin, Merki\u00f0 og takksemi\u00f0 \u00ed h\u00e1s\u00e6ti\u00f0. So skulu allir lutir nokk samvirka til ta\u00f0 g\u00f3\u00f0a.<\/p>\n<p>Framhaldandi g\u00f3\u00f0an flaggdag \u00f8ll somul og takk fyri l\u00f8tuna.<\/p>\n","protected":false},"excerpt":{"rendered":"<p>G\u00f3\u00f0u sk\u00f3tar, sangarar og g\u00f3\u00f0u tit \u00f8ll Fyrst fari eg at takka Sk\u00f3tali\u00f0num Royndini fyri at hava v\u00edst m\u00e6r ta\u00f0 \u00e1lit aftur at halda flaggdagsr\u00f8\u00f0una \u00ed \u00e1r. Sk\u00f3tali\u00f0i\u00f0 Royndin eigur eisini st\u00f3ra t\u00f8kk uppiborna fyri so tr\u00faliga at hava hildi\u00f0 hendan si\u00f0 \u00ed hevd at h\u00e1t\u00ed\u00f0arhalda okkara flaggdag. Eg havi roynt at funni\u00f0 fram til, [&hellip;]<\/p>\n","protected":false},"author":3,"featured_media":3499,"comment_status":"closed","ping_status":"closed","sticky":false,"template":"","format":"standard","meta":{"ngg_post_thumbnail":0,"footnotes":""},"categories":[1],"tags":[],"class_list":["post-3500","post","type-post","status-publish","format-standard","has-post-thumbnail","hentry","category-tidindi"],"publishpress_future_action":{"enabled":false,"date":"2026-05-07 07:47:07","action":"change-status","newStatus":"draft","terms":[],"taxonomy":"category","extraData":[]},"publishpress_future_workflow_manual_trigger":{"enabledWorkflows":[]},"_links":{"self":[{"href":"https:\/\/sudurras.fo\/index.php?rest_route=\/wp\/v2\/posts\/3500","targetHints":{"allow":["GET"]}}],"collection":[{"href":"https:\/\/sudurras.fo\/index.php?rest_route=\/wp\/v2\/posts"}],"about":[{"href":"https:\/\/sudurras.fo\/index.php?rest_route=\/wp\/v2\/types\/post"}],"author":[{"embeddable":true,"href":"https:\/\/sudurras.fo\/index.php?rest_route=\/wp\/v2\/users\/3"}],"replies":[{"embeddable":true,"href":"https:\/\/sudurras.fo\/index.php?rest_route=%2Fwp%2Fv2%2Fcomments&post=3500"}],"version-history":[{"count":0,"href":"https:\/\/sudurras.fo\/index.php?rest_route=\/wp\/v2\/posts\/3500\/revisions"}],"wp:featuredmedia":[{"embeddable":true,"href":"https:\/\/sudurras.fo\/index.php?rest_route=\/wp\/v2\/media\/3499"}],"wp:attachment":[{"href":"https:\/\/sudurras.fo\/index.php?rest_route=%2Fwp%2Fv2%2Fmedia&parent=3500"}],"wp:term":[{"taxonomy":"category","embeddable":true,"href":"https:\/\/sudurras.fo\/index.php?rest_route=%2Fwp%2Fv2%2Fcategories&post=3500"},{"taxonomy":"post_tag","embeddable":true,"href":"https:\/\/sudurras.fo\/index.php?rest_route=%2Fwp%2Fv2%2Ftags&post=3500"}],"curies":[{"name":"wp","href":"https:\/\/api.w.org\/{rel}","templated":true}]}}