{"id":3510,"date":"2018-04-29T21:04:53","date_gmt":"2018-04-29T20:04:53","guid":{"rendered":"http:\/\/sudurras.fo\/?p=3510"},"modified":"2018-04-30T10:31:25","modified_gmt":"2018-04-30T09:31:25","slug":"hovs-kommuna-nyggja-heimasidu-og-a-facebook","status":"publish","type":"post","link":"https:\/\/sudurras.fo\/?p=3510","title":{"rendered":"Hovs kommuna n\u00fdggja heimas\u00ed\u00f0u og \u00e1 Facebook"},"content":{"rendered":"<p>Vi\u00f0 n\u00fdggjari heimas\u00ed\u00f0u og facebooks\u00ed\u00f0u ynskir kommunan at koma n\u00e6rri borgarunum \u00ed kommununi og almenninginum annars.<\/p>\n<p>Vi\u00f0 n\u00fdggju s\u00ed\u00f0uni leggja vit okkum eftir at gera ta\u00f0 l\u00e6tt og \u00f3makaleyst hj\u00e1 borgarunum at finna dagf\u00f8rda og t\u00fd\u00f0andi kunning og vitan um t\u00e6nastur, verk\u00e6tlanir og kommunala virksemi\u00f0 sum heild.<\/p>\n<p>\u00cd samband vi\u00f0 n\u00fdggju heimas\u00ed\u00f0una hevur kommunan eisini fingi\u00f0 l\u00edv \u00e1 sosialu mi\u00f0lunum vi\u00f0&nbsp;<span style=\"font-family: Arial,sans-serif; color: #333333; line-height: 1.5;\"><span lang=\"FO\" style=\"color: #02aed6; text-decoration: none; line-height: 1.5;\"><a id=\"LPlnk137517\" class=\"OWAAutoLink\" style=\"box-sizing: border-box; transition: color 400ms, background-color 400ms; line-height: 1.5;\" href=\"https:\/\/www.facebook.com\/hovkommuna\/\" target=\"_blank\" rel=\"noopener\">facebooks\u00ed\u00f0u<\/a><\/span><\/span> Endam\u00e1li\u00f0 vi\u00f0 facebooks\u00ed\u00f0uni er somulei\u00f0is at kn\u00fdta t\u00e6ttari samband millum kommununa, borgarar og umheimin.<\/p>\n<p>S\u00ed\u00f0an kann vitjast her &#8211; <a href=\"https:\/\/hov.fo\"><strong>TR\u00ddST HER<\/strong><\/a><\/p>\n","protected":false},"excerpt":{"rendered":"<p>Vi\u00f0 n\u00fdggjari heimas\u00ed\u00f0u og facebooks\u00ed\u00f0u ynskir kommunan at koma n\u00e6rri borgarunum \u00ed kommununi og almenninginum annars. Vi\u00f0 n\u00fdggju s\u00ed\u00f0uni leggja vit okkum eftir at gera ta\u00f0 l\u00e6tt og \u00f3makaleyst hj\u00e1 borgarunum at finna dagf\u00f8rda og t\u00fd\u00f0andi kunning og vitan um t\u00e6nastur, verk\u00e6tlanir og kommunala virksemi\u00f0 sum heild. \u00cd samband vi\u00f0 n\u00fdggju heimas\u00ed\u00f0una hevur kommunan eisini [&hellip;]<\/p>\n","protected":false},"author":3,"featured_media":3178,"comment_status":"closed","ping_status":"closed","sticky":false,"template":"","format":"standard","meta":{"ngg_post_thumbnail":0,"footnotes":""},"categories":[1],"tags":[],"class_list":["post-3510","post","type-post","status-publish","format-standard","has-post-thumbnail","hentry","category-tidindi"],"publishpress_future_action":{"enabled":false,"date":"2026-05-07 07:38:47","action":"change-status","newStatus":"draft","terms":[],"taxonomy":"category","extraData":[]},"publishpress_future_workflow_manual_trigger":{"enabledWorkflows":[]},"_links":{"self":[{"href":"https:\/\/sudurras.fo\/index.php?rest_route=\/wp\/v2\/posts\/3510","targetHints":{"allow":["GET"]}}],"collection":[{"href":"https:\/\/sudurras.fo\/index.php?rest_route=\/wp\/v2\/posts"}],"about":[{"href":"https:\/\/sudurras.fo\/index.php?rest_route=\/wp\/v2\/types\/post"}],"author":[{"embeddable":true,"href":"https:\/\/sudurras.fo\/index.php?rest_route=\/wp\/v2\/users\/3"}],"replies":[{"embeddable":true,"href":"https:\/\/sudurras.fo\/index.php?rest_route=%2Fwp%2Fv2%2Fcomments&post=3510"}],"version-history":[{"count":0,"href":"https:\/\/sudurras.fo\/index.php?rest_route=\/wp\/v2\/posts\/3510\/revisions"}],"wp:featuredmedia":[{"embeddable":true,"href":"https:\/\/sudurras.fo\/index.php?rest_route=\/wp\/v2\/media\/3178"}],"wp:attachment":[{"href":"https:\/\/sudurras.fo\/index.php?rest_route=%2Fwp%2Fv2%2Fmedia&parent=3510"}],"wp:term":[{"taxonomy":"category","embeddable":true,"href":"https:\/\/sudurras.fo\/index.php?rest_route=%2Fwp%2Fv2%2Fcategories&post=3510"},{"taxonomy":"post_tag","embeddable":true,"href":"https:\/\/sudurras.fo\/index.php?rest_route=%2Fwp%2Fv2%2Ftags&post=3510"}],"curies":[{"name":"wp","href":"https:\/\/api.w.org\/{rel}","templated":true}]}}