{"id":3672,"date":"2018-05-13T10:15:30","date_gmt":"2018-05-13T09:15:30","guid":{"rendered":"http:\/\/sudurras.fo\/?p=3672"},"modified":"2018-05-13T10:15:30","modified_gmt":"2018-05-13T09:15:30","slug":"vags-kapprodrarfelag-eitt-sera-virkid-felag","status":"publish","type":"post","link":"https:\/\/sudurras.fo\/?p=3672","title":{"rendered":"V\u00e1gs Kappr\u00f3\u00f0rarfelag eitt sera virki\u00f0 felag"},"content":{"rendered":"<p>N\u00fa tilmeldingarnar til FM \u00ed kappr\u00f3\u00f0ri 2018 eru farnar inn til R\u00f3\u00f0rarsamband F\u00f8roya er ta\u00f0 eisini sj\u00f3n fyri s\u00f8gn, at V\u00e1gs Kappr\u00f3\u00f0rarfelag \u00ed \u00e1r fer at hava eina sera sterka umbo\u00f0an til FM.<\/p>\n<p><!--more--><\/p>\n<p>V\u00e1gs Kappr\u00f3\u00f0rarfelag hevur seinastu \u00e1rini veri\u00f0 \u00ed bl\u00f3ma og er felagi\u00f0 eitt sera virki\u00f0 felag, og s\u00e6st hetta eisini aftur \u00ed tilmeldingunum.<\/p>\n<p>Fyri at n\u00f8kta t\u00f8rvin \u00e1 b\u00e1tum hevur V\u00e1gs Kappr\u00f3\u00f0rarfelag eisini keypt n\u00fdtt 5-mannafar av Sk\u00e1la, sum n\u00fa eitur Fiskurin.<\/p>\n<p>Hesir manningar koma at kappast fyri V\u00e1gs Kappr\u00f3\u00f0rarfelag til FM 2018:<\/p>\n<p>Fiskurin: Barnar\u00f3\u00f0ur dreingir&nbsp;<br \/>\nSvalan: Barnar\u00f3\u00f0ur dreingir<span class=\"text_exposed_show\"><br \/>\nRoyndin Fr\u00ed\u00f0a: Dreingir<br \/>\nSmyril: Kvinnur<br \/>\nRoyndin Fr\u00ed\u00f0a: Gentir.<\/span><\/p>\n<p>Harumframt hava V\u00e1gs Kappr\u00f3\u00f0rarfelag og Fro\u00f0biar S\u00f3knar R\u00f3\u00f0rarfelag \u00ed felag 10-mannafari\u00f0 Su\u00f0uroying.<\/p>\n","protected":false},"excerpt":{"rendered":"<p>N\u00fa tilmeldingarnar til FM \u00ed kappr\u00f3\u00f0ri 2018 eru farnar inn til R\u00f3\u00f0rarsamband F\u00f8roya er ta\u00f0 eisini sj\u00f3n fyri s\u00f8gn, at V\u00e1gs Kappr\u00f3\u00f0rarfelag \u00ed \u00e1r fer at hava eina sera sterka umbo\u00f0an til FM.<\/p>\n","protected":false},"author":3,"featured_media":3673,"comment_status":"closed","ping_status":"closed","sticky":false,"template":"","format":"standard","meta":{"ngg_post_thumbnail":0,"footnotes":""},"categories":[2,1],"tags":[],"class_list":["post-3672","post","type-post","status-publish","format-standard","has-post-thumbnail","hentry","category-itrottur","category-tidindi"],"publishpress_future_action":{"enabled":false,"date":"2026-05-07 07:08:35","action":"change-status","newStatus":"draft","terms":[],"taxonomy":"category","extraData":[]},"publishpress_future_workflow_manual_trigger":{"enabledWorkflows":[]},"_links":{"self":[{"href":"https:\/\/sudurras.fo\/index.php?rest_route=\/wp\/v2\/posts\/3672","targetHints":{"allow":["GET"]}}],"collection":[{"href":"https:\/\/sudurras.fo\/index.php?rest_route=\/wp\/v2\/posts"}],"about":[{"href":"https:\/\/sudurras.fo\/index.php?rest_route=\/wp\/v2\/types\/post"}],"author":[{"embeddable":true,"href":"https:\/\/sudurras.fo\/index.php?rest_route=\/wp\/v2\/users\/3"}],"replies":[{"embeddable":true,"href":"https:\/\/sudurras.fo\/index.php?rest_route=%2Fwp%2Fv2%2Fcomments&post=3672"}],"version-history":[{"count":0,"href":"https:\/\/sudurras.fo\/index.php?rest_route=\/wp\/v2\/posts\/3672\/revisions"}],"wp:featuredmedia":[{"embeddable":true,"href":"https:\/\/sudurras.fo\/index.php?rest_route=\/wp\/v2\/media\/3673"}],"wp:attachment":[{"href":"https:\/\/sudurras.fo\/index.php?rest_route=%2Fwp%2Fv2%2Fmedia&parent=3672"}],"wp:term":[{"taxonomy":"category","embeddable":true,"href":"https:\/\/sudurras.fo\/index.php?rest_route=%2Fwp%2Fv2%2Fcategories&post=3672"},{"taxonomy":"post_tag","embeddable":true,"href":"https:\/\/sudurras.fo\/index.php?rest_route=%2Fwp%2Fv2%2Ftags&post=3672"}],"curies":[{"name":"wp","href":"https:\/\/api.w.org\/{rel}","templated":true}]}}