{"id":3950,"date":"2018-05-22T21:27:48","date_gmt":"2018-05-22T20:27:48","guid":{"rendered":"http:\/\/sudurras.fo\/?p=3950"},"modified":"2018-05-22T21:27:48","modified_gmt":"2018-05-22T20:27:48","slug":"tveir-sudringar-a-u21-landslidnum","status":"publish","type":"post","link":"https:\/\/sudurras.fo\/?p=3950","title":{"rendered":"Tveir su\u00f0ringar \u00e1 U21 landsli\u00f0num"},"content":{"rendered":"<p>Eli Hentze, U21-landsli\u00f0svenjari, hevur \u00fattiki\u00f0 20 sp\u00e6larar til EM-undankappingardystin m\u00f3ti Finnlandi, sum ver\u00f0ur \u00e1 Svangaskar\u00f0i fr\u00edggjadagin 8. juni klokkan 17:00<br \/>\nFr\u00edggjadagin 8. juni klokkan 17:00 fer f\u00f8royska U21-landsli\u00f0i\u00f0 \u00e1 v\u00f8llin aftur, t\u00e1 finnar koma \u00e1 vitjan \u00e1 Svangaskar\u00f0i.<\/p>\n<p>&#8211; Oftani ver\u00f0ur sagt, at um ein vinnur eitt stig \u00e1 \u00fativ\u00f8lli, so skulu vit v\u00e6nta tr\u00fd stig heima. Men hetta ver\u00f0ur ein st\u00f3r uppg\u00e1va, og skulu vit f\u00e1a stig, so krevst, at allir \u00e1 og uttanfyri v\u00f8llin gera s\u00edtt allar \u00edtarsta. Ta\u00f0 skal kortini eingin ivi vera um, at vit fara eftir \u00f8llum, sigur Eli Hentze, venjari.<\/p>\n<p>Fr\u00edggjadagin 8. juni klokkan 17:00 fer f\u00f8royska U21-landsli\u00f0i\u00f0 \u00e1 v\u00f8llin aftur, t\u00e1 Finnland kemur \u00e1 vitjan \u00e1 Svangaskar\u00f0i \u00e1 Toftum. Seinast F\u00f8royar og Finnland m\u00f8ttust \u00ed U21-landsli\u00f0i\u00f0 var \u00ed september \u00ed fj\u00f8r, og t\u00e1 gj\u00f8rdist \u00farsliti\u00f0 javnleikur 1-1. F\u00f8royski m\u00e1lskj\u00fattin var Meinhard Egilsson Olsen.<\/p>\n<p>Fyrireikingarnar til heimadystin eru so sm\u00e1tt farnar \u00ed gongd, og n\u00fa g\u00f3\u00f0ar tr\u00edggjar vikur \u00e1\u00f0renn dystin hevur U21-venjarin, Eli Hentze, saman vi\u00f0 hj\u00e1lparvenjaranum, Hegga Samuelsen, \u00fattiki\u00f0 20 sp\u00e6larar, i\u00f0 skulu dystast vi\u00f0 finnar.<\/p>\n<p>H\u00f3purin<br \/>\nElias Rasmussen, V\u00edkingur<br \/>\nKarstin Hansen, Sk\u00e1la<br \/>\nJ\u00f3annes K. Danielsen, K\u00cd<br \/>\nAri Olsen, Sk\u00e1la<br \/>\nBjarni Petersen, B36<br \/>\nBartal Wardum, HB<br \/>\n\u00d3lavur Niclasen, K\u00cd<br \/>\nErlendur Magnusson, B36<br \/>\nSalmundur Bech, TB\/FCS\/Royn<br \/>\nBetuel Hansen, NS\u00cd<br \/>\nJ\u00e1kup B. Andreasen, K\u00cd<br \/>\nBenjamin Heinesen, B36<br \/>\nDan \u00ed Soylu, HB<br \/>\nHannes Agnarsson, B36<br \/>\nJ\u00f3annes Bjartal\u00ed\u00f0, K\u00cd<br \/>\nH\u00f8gni E. Nielsen, 07 Vestur<br \/>\nPetur Knudsen, NS\u00cd<br \/>\nAdrian Justinussen, HB<br \/>\nB\u00fai Egilsson, TB\/FCS\/Royn<br \/>\nJ\u00e1kup L. Thomsen, Thisted FC (DEN)<br \/>\n\u00d3keypis atgongd er til U21-landsdystin millum F\u00f8royar og Finnland.<\/p>\n","protected":false},"excerpt":{"rendered":"<p>Eli Hentze, U21-landsli\u00f0svenjari, hevur \u00fattiki\u00f0 20 sp\u00e6larar til EM-undankappingardystin m\u00f3ti Finnlandi, sum ver\u00f0ur \u00e1 Svangaskar\u00f0i fr\u00edggjadagin 8. juni klokkan 17:00 Fr\u00edggjadagin 8. juni klokkan 17:00 fer f\u00f8royska U21-landsli\u00f0i\u00f0 \u00e1 v\u00f8llin aftur, t\u00e1 finnar koma \u00e1 vitjan \u00e1 Svangaskar\u00f0i. &#8211; Oftani ver\u00f0ur sagt, at um ein vinnur eitt stig \u00e1 \u00fativ\u00f8lli, so skulu vit v\u00e6nta tr\u00fd [&hellip;]<\/p>\n","protected":false},"author":3,"featured_media":3949,"comment_status":"closed","ping_status":"closed","sticky":false,"template":"","format":"standard","meta":{"ngg_post_thumbnail":0,"footnotes":""},"categories":[2,1],"tags":[],"class_list":["post-3950","post","type-post","status-publish","format-standard","has-post-thumbnail","hentry","category-itrottur","category-tidindi"],"publishpress_future_action":{"enabled":false,"date":"2026-05-07 06:47:21","action":"change-status","newStatus":"draft","terms":[],"taxonomy":"category","extraData":[]},"publishpress_future_workflow_manual_trigger":{"enabledWorkflows":[]},"_links":{"self":[{"href":"https:\/\/sudurras.fo\/index.php?rest_route=\/wp\/v2\/posts\/3950","targetHints":{"allow":["GET"]}}],"collection":[{"href":"https:\/\/sudurras.fo\/index.php?rest_route=\/wp\/v2\/posts"}],"about":[{"href":"https:\/\/sudurras.fo\/index.php?rest_route=\/wp\/v2\/types\/post"}],"author":[{"embeddable":true,"href":"https:\/\/sudurras.fo\/index.php?rest_route=\/wp\/v2\/users\/3"}],"replies":[{"embeddable":true,"href":"https:\/\/sudurras.fo\/index.php?rest_route=%2Fwp%2Fv2%2Fcomments&post=3950"}],"version-history":[{"count":0,"href":"https:\/\/sudurras.fo\/index.php?rest_route=\/wp\/v2\/posts\/3950\/revisions"}],"wp:featuredmedia":[{"embeddable":true,"href":"https:\/\/sudurras.fo\/index.php?rest_route=\/wp\/v2\/media\/3949"}],"wp:attachment":[{"href":"https:\/\/sudurras.fo\/index.php?rest_route=%2Fwp%2Fv2%2Fmedia&parent=3950"}],"wp:term":[{"taxonomy":"category","embeddable":true,"href":"https:\/\/sudurras.fo\/index.php?rest_route=%2Fwp%2Fv2%2Fcategories&post=3950"},{"taxonomy":"post_tag","embeddable":true,"href":"https:\/\/sudurras.fo\/index.php?rest_route=%2Fwp%2Fv2%2Ftags&post=3950"}],"curies":[{"name":"wp","href":"https:\/\/api.w.org\/{rel}","templated":true}]}}